{"id":85853,"date":"2026-01-05T08:45:49","date_gmt":"2026-01-05T13:45:49","guid":{"rendered":"https:\/\/esreviral.com\/?p=85853"},"modified":"2026-01-05T09:10:46","modified_gmt":"2026-01-05T14:10:46","slug":"foto-alto-funcionario-del-anillo-de-seguridad-presidencial-reaparecio-y-desmintio-rumores-sobre-su-muerte","status":"publish","type":"post","link":"https:\/\/esreviral.com\/?p=85853","title":{"rendered":"+FOTO: Alto funcionario del anillo de seguridad presidencial reapareci\u00f3 y desminti\u00f3 rumores sobre su muerte"},"content":{"rendered":"\n<p>El capit\u00e1n Juan Escalona, edec\u00e1n y escolta cercano de Nicol\u00e1s Maduro, <strong>reapareci\u00f3 p\u00fablicamente este domingo<\/strong> durante una reuni\u00f3n del Consejo de Ministros encabezada por Delcy Rodr\u00edguez, desmintiendo las versiones que lo daban por fallecido tras el ataque militar estadounidense del s\u00e1bado.<\/p>\n\n\n\n<p>La presencia de Escalona en el encuentro oficial, realizado en la noche del <strong>4 de enero<\/strong>, contradijo informaciones difundidas en las \u00faltimas horas por medios y cuentas afines al oficialismo \u2014entre ellas <em>Revista Latinoamericana<\/em>\u2014 que lo hab\u00edan incluido entre las supuestas v\u00edctimas del operativo.<\/p>\n\n\n\n<p class=\"has-text-align-center\"><strong><a href=\"https:\/\/chat.whatsapp.com\/KWkTmakY3I05kNdd2oZl6d\"><em>\u00daNETE A NUESTRO GRUPO DE WHATSAPP PARA ESTAR INFORMADO<\/em><\/a><\/strong><\/p>\n\n\n<div class=\"wp-block-image\">\n<figure class=\"aligncenter size-large\"><img decoding=\"async\" src=\"https:\/\/media.diarioversionfinal.com\/wp-content\/uploads\/2026\/01\/G93EoFgXwAAjw7v.jpg\" alt=\"\"\/><\/figure><\/div>\n\n\n<p><\/p>\n\n\n\n<p>El capit\u00e1n integra el <strong>c\u00edrculo de seguridad presidencial<\/strong> y hasta hace poco cumpl\u00eda funciones de protecci\u00f3n directa del mandatario venezolano. Adem\u00e1s de su rol militar, es diputado de la Asamblea Nacional y posee una extensa trayectoria dentro de los organismos de seguridad del oficialismo.<\/p>\n\n\n\n<p>A lo largo de su carrera, tambi\u00e9n form\u00f3 parte del equipo de custodia del expresidente Hugo Ch\u00e1vez, lo que lo convierte en una figura reconocida dentro del anillo de protecci\u00f3n de los altos cargos del poder pol\u00edtico venezolano.<\/p>\n\n\n\n<p>Su reaparici\u00f3n p\u00fablica confirm\u00f3 que los reportes sobre su presunta muerte <strong>carec\u00edan de verificaci\u00f3n oficial<\/strong>, en un contexto marcado por la circulaci\u00f3n de versiones contradictorias y una elevada tensi\u00f3n informativa tras los acontecimientos recientes en el pa\u00eds.<\/p>\n\n\n\n<p class=\"has-text-align-center\"><em><strong><em><strong><em><strong><em><strong><a href=\"https:\/\/t.me\/esreviral\">\u00daNETE A NUESTRO CANAL DE TELEGRAM PARA ESTAR INFORMADO<\/a><\/strong><\/em><\/strong><\/em><\/strong><\/em><\/strong><\/em><\/p>\n\n\n\n<p class=\"has-text-align-right\"><em style=\"\"><b>Con Informaci\u00f3n de <\/b><\/em><strong><em>diarioversionfinal.com.-<\/em><\/strong><\/p>\n","protected":false},"excerpt":{"rendered":"<p>Su presencia p\u00fablica desminti\u00f3 las informaciones falsas que circularon en los \u00faltimos d\u00edas a trav\u00e9s de plataformas digitales, en las que se aseguraba que el oficial hab\u00eda fallecido durante los recientes ataques contra Venezuela<\/p>\n","protected":false},"author":3,"featured_media":85854,"comment_status":"closed","ping_status":"closed","sticky":false,"template":"","format":"standard","meta":{"jnews-multi-image_gallery":[],"jnews_single_post":{"format":"standard"},"jnews_primary_category":[],"jnews_social_meta":[],"jnews_review":[],"enable_review":"","type":"","name":"","summary":"","brand":"","sku":"","good":[],"bad":[],"score_override":"","override_value":"","rating":[],"price":[],"jnews_override_counter":[],"jnews_post_split":[],"footnotes":""},"categories":[59,66],"tags":[38859,38858,45,56],"class_list":["post-85853","post","type-post","status-publish","format-standard","has-post-thumbnail","hentry","category-politica","category-venezuela","tag-funcionario-militar","tag-juan-escalona","tag-noticias","tag-venezuela"],"amp_enabled":true,"_links":{"self":[{"href":"https:\/\/esreviral.com\/index.php?rest_route=\/wp\/v2\/posts\/85853"}],"collection":[{"href":"https:\/\/esreviral.com\/index.php?rest_route=\/wp\/v2\/posts"}],"about":[{"href":"https:\/\/esreviral.com\/index.php?rest_route=\/wp\/v2\/types\/post"}],"author":[{"embeddable":true,"href":"https:\/\/esreviral.com\/index.php?rest_route=\/wp\/v2\/users\/3"}],"replies":[{"embeddable":true,"href":"https:\/\/esreviral.com\/index.php?rest_route=%2Fwp%2Fv2%2Fcomments&post=85853"}],"version-history":[{"count":2,"href":"https:\/\/esreviral.com\/index.php?rest_route=\/wp\/v2\/posts\/85853\/revisions"}],"predecessor-version":[{"id":85858,"href":"https:\/\/esreviral.com\/index.php?rest_route=\/wp\/v2\/posts\/85853\/revisions\/85858"}],"wp:featuredmedia":[{"embeddable":true,"href":"https:\/\/esreviral.com\/index.php?rest_route=\/wp\/v2\/media\/85854"}],"wp:attachment":[{"href":"https:\/\/esreviral.com\/index.php?rest_route=%2Fwp%2Fv2%2Fmedia&parent=85853"}],"wp:term":[{"taxonomy":"category","embeddable":true,"href":"https:\/\/esreviral.com\/index.php?rest_route=%2Fwp%2Fv2%2Fcategories&post=85853"},{"taxonomy":"post_tag","embeddable":true,"href":"https:\/\/esreviral.com\/index.php?rest_route=%2Fwp%2Fv2%2Ftags&post=85853"}],"curies":[{"name":"wp","href":"https:\/\/api.w.org\/{rel}","templated":true}]}}