{"id":85843,"date":"2026-01-05T07:45:07","date_gmt":"2026-01-05T12:45:07","guid":{"rendered":"https:\/\/esreviral.com\/?p=85843"},"modified":"2026-01-05T07:45:08","modified_gmt":"2026-01-05T12:45:08","slug":"celdas-frias-presos-celebres-y-gusanos-en-la-comida-como-es-la-carcel-de-maduro-en-brooklyn","status":"publish","type":"post","link":"https:\/\/esreviral.com\/?p=85843","title":{"rendered":"Celdas frias, presos c\u00e9lebres y gusanos en la comida: c\u00f3mo es la c\u00e1rcel de Maduro en Brooklyn"},"content":{"rendered":"\n<p><strong>La prisi\u00f3n federal de Brooklyn donde permanece detenido Nicol\u00e1s Maduro <\/strong>arrastra desde hace a\u00f1os una de las peores reputaciones del sistema penitenciario estadounidense. Su historial es tan negativo que, en distintas oportunidades, jueces federales se negaron a enviar acusados a ese centro, incluso en causas de alto perfil. Se trata del Centro de Detenci\u00f3n Metropolitano (MDC), una instalaci\u00f3n clave que volvi\u00f3 a quedar bajo el foco internacional al convertirse en el primer destino carcelario del exmandatario venezolano en suelo estadounidense.<\/p>\n\n\n\n<p>Inaugurado a comienzos de la d\u00e9cada de 1990, el MDC alberga actualmente a unos 1.300 internos y funciona como centro de detenci\u00f3n preventiva para imputados que esperan juicio en los tribunales federales de Manhattan y Brooklyn. En sus pabellones conviven presuntos jefes del crimen organizado, narcotraficantes y acusados por delitos financieros y de cuello blanco. Durante a\u00f1os, abogados defensores, organizaciones civiles y magistrados denunciaron violencia estructural, corrupci\u00f3n interna y graves deficiencias edilicias.<\/p>\n\n\n\n<p class=\"has-text-align-center\"><strong><a href=\"https:\/\/chat.whatsapp.com\/KWkTmakY3I05kNdd2oZl6d\"><em>\u00daNETE A NUESTRO GRUPO DE WHATSAPP PARA ESTAR INFORMADO<\/em><\/a><\/strong><\/p>\n\n\n<div class=\"wp-block-image\">\n<figure class=\"aligncenter size-large\"><img decoding=\"async\" src=\"https:\/\/resizer.glanacion.com\/resizer\/v2\/vehiculos-estacionados-frente-al-centro-de-674VHZ2YPVDRLIXOW6RMJL7MRY.jpg?auth=47ee7f53e311e3e4c2e2e10b6c5ab6db4beb0e6a22cfc2e763ced29ebadfdb58&amp;width=780&amp;height=520&amp;quality=70&amp;smart=true\" alt=\"\"\/><figcaption class=\"wp-element-caption\">Veh\u00edculos estacionados frente al Centro de Detenci\u00f3n Metropolitano de Brooklyn<\/figcaption><\/figure><\/div>\n\n\n<p><\/p>\n\n\n\n<p>La llegada de Maduro, anteanoche, transform\u00f3 el per\u00edmetro del edificio en un escenario de alto contenido pol\u00edtico. Decenas de venezolanos residentes en Estados Unidos se congregaron frente a la prisi\u00f3n, muchos envueltos en banderas, para celebrar su captura. Los manifestantes estallaron en v\u00edtores cuando una caravana policial ingres\u00f3 al complejo, convencidos de que transportaba al exmandatario y a su esposa, Cilia Flores. Al mismo tiempo, grupos m\u00e1s reducidos protestaron contra la intervenci\u00f3n estadounidense, evidenciando el fuerte impacto polarizador del caso incluso fuera de Venezuela.<\/p>\n\n\n\n<p>Maduro no es el primer expresidente extranjero detenido en Brooklyn. All\u00ed estuvo recluido Juan Orlando Hern\u00e1ndez, exmandatario de Honduras, mientras enfrentaba un juicio por facilitar el tr\u00e1fico de cientos de toneladas de coca\u00edna hacia Estados Unidos. Condenado a 45 a\u00f1os de prisi\u00f3n, Hern\u00e1ndez fue posteriormente indultado y liberado por Donald Trump, una decisi\u00f3n que reaviv\u00f3 cuestionamientos sobre la coherencia de la pol\u00edtica antidrogas estadounidense en Am\u00e9rica Latina.<\/p>\n\n\n\n<h3 class=\"wp-block-heading\"><strong><mark style=\"background-color:rgba(0, 0, 0, 0)\" class=\"has-inline-color has-vivid-red-color\">Reclusos de alto perfil<\/mark><\/strong><\/h3>\n\n\n\n<p>El listado de detenidos actuales y pasados refleja el perfil del Centro de Detenci\u00f3n Metropolitano. Entre los internos figuran Ismael Zambada Garc\u00eda, alias \u201cEl Mayo\u201d, hist\u00f3rico cofundador del cartel de Sinaloa, y Luigi Mangione, acusado del asesinato del director ejecutivo de UnitedHealthcare. En a\u00f1os recientes tambi\u00e9n pasaron por el penal Sam Bankman-Fried y Ghislaine Maxwell, adem\u00e1s de figuras del espect\u00e1culo como R. Kelly y Sean Combs.<\/p>\n\n\n\n<p>Ubicada en una zona industrial frente al mar, junto a un centro comercial y con vistas lejanas a la Estatua de la Libertad, la c\u00e1rcel fue descripta por exdetenidos y abogados como un \u201cinfierno en la tierra\u201d y una \u201ctragedia continua\u201d. Esa reputaci\u00f3n se consolid\u00f3 a partir de episodios graves: seg\u00fan inform\u00f3 <em>Associated Press<\/em>, en 2024 dos presos murieron asesinados por otros internos, mientras que empleados penitenciarios fueron acusados de aceptar sobornos o facilitar el ingreso de contrabando.<\/p>\n\n\n<div class=\"wp-block-image\">\n<figure class=\"aligncenter size-large\"><img decoding=\"async\" src=\"https:\/\/resizer.glanacion.com\/resizer\/v2\/personas-participan-en-una-manifestacion-contra-WJABVNAMU5G7VMKXQTV27L7TY4.JPG?auth=37b58e1110ceed0a3b99bdebee8df714e8594ae5f799ea99ae985361301e221e&amp;width=780&amp;height=542&amp;quality=70&amp;smart=true\" alt=\"\"\/><figcaption class=\"wp-element-caption\">Personas participan en una manifestaci\u00f3n contra la acci\u00f3n militar de Estados Unidos en Venezuela frente al Centro de Detenci\u00f3n Metropolitano, donde permanece detenido el depuesto presidente venezolano Nicol\u00e1s Maduro, en el distrito de Brooklyn, en la ciudad de Nueva York, el 4 de enero de 2026.<\/figcaption><\/figure><\/div>\n\n\n<p><\/p>\n\n\n\n<p>A estos hechos se sum\u00f3 uno de los momentos m\u00e1s cr\u00edticos en el invierno de 2019, cuando un apag\u00f3n dej\u00f3 a toda la instalaci\u00f3n sin electricidad durante una semana, en medio de temperaturas extremas.<\/p>\n\n\n\n<p>Las denuncias sobre las condiciones de detenci\u00f3n siguen siendo persistentes. El MDC es se\u00f1alado por celdas fr\u00edas y precarias, alimentos en mal estado \u2014con reportes de gusanos\u2014, episodios de violencia protagonizados por agentes, hacinamiento, falta de recursos b\u00e1sicos y un clima permanente de riesgo en pasillos y \u00e1reas comunes.<\/p>\n\n\n\n<p>El escrutinio sobre el penal se intensific\u00f3 en 2021, cuando la Oficina Federal de Prisiones cerr\u00f3 su otra c\u00e1rcel federal en Nueva York, el Centro Correccional Metropolitano de Manhattan, tras el suicidio de Jeffrey Epstein. Ese caso expuso fallas de seguridad, infraestructura deteriorada y condiciones degradantes, y deriv\u00f3 en una revisi\u00f3n m\u00e1s amplia del sistema penitenciario federal.<\/p>\n\n\n\n<p>En respuesta a las cr\u00edticas, la Oficina Federal de Prisiones asegur\u00f3 en los \u00faltimos meses haber reforzado el personal m\u00e9dico y correccional, resuelto m\u00e1s de 700 solicitudes de mantenimiento y mejorado los sistemas el\u00e9ctricos, de plomer\u00eda, calefacci\u00f3n y alimentaci\u00f3n. Tambi\u00e9n afirm\u00f3 que la poblaci\u00f3n carcelaria se redujo de forma significativa, lo que habr\u00eda contribuido a una baja de la violencia interna. \u201cEn resumen, el Centro de Detenci\u00f3n Metropolitano es seguro para los reclusos y el personal\u201d, sostuvo el organismo en septiembre, una afirmaci\u00f3n que sigue siendo cuestionada por abogados defensores.<\/p>\n\n\n\n<p>Durante su detenci\u00f3n preventiva, Maduro permanecer\u00e1 inicialmente en \u00e1reas de aislamiento destinadas a presos de alto perfil. De permit\u00edrsele circular por otros sectores, podr\u00eda coincidir con figuras conocidas del entorno venezolano, como Hugo Carvajal, exjefe de inteligencia que rompi\u00f3 con el poder en 2019 y manifest\u00f3 su disposici\u00f3n a cooperar con la justicia estadounidense, un dato seguido de cerca tanto por fiscales como por analistas pol\u00edticos.<\/p>\n\n\n<div class=\"wp-block-image\">\n<figure class=\"aligncenter size-large\"><img decoding=\"async\" src=\"https:\/\/resizer.glanacion.com\/resizer\/v2\/el-centro-de-detencion-metropolitano-en-el-H7DRBO73XZGWZK57HAA7NRLYHE.JPG?auth=9705ab9bc45b74bdd03d37cad6ac28f909ecea2997b7abf03d64e9161c1e03e0&amp;width=780&amp;height=520&amp;quality=70&amp;smart=true\" alt=\"\"\/><figcaption class=\"wp-element-caption\">El Centro de Detenci\u00f3n Metropolitano en el distrito de Brooklyn de Nueva York, donde estar\u00e1 detenido el derrocado presidente Nicol\u00e1s Maduro<\/figcaption><\/figure><\/div>\n\n\n<h3 class=\"wp-block-heading\"><strong><mark style=\"background-color:rgba(0, 0, 0, 0)\" class=\"has-inline-color has-vivid-red-color\">Pr\u00f3ximos pasos<\/mark><\/strong><\/h3>\n\n\n\n<p>La primera salida de Maduro del penal est\u00e1 prevista para hoy. Al mediod\u00eda deber\u00e1 comparecer ante un juez federal, quien le leer\u00e1 los cargos y definir\u00e1 los primeros pasos del proceso judicial. La audiencia se realizar\u00e1 en el Distrito Sur de Manhattan, a pocas cuadras de donde Donald Trump fue declarado culpable de delitos en junio de 2024.<\/p>\n\n\n\n<p>All\u00ed comenzar\u00e1 formalmente el cap\u00edtulo judicial de una ca\u00edda que, por ahora, termin\u00f3 tras los muros de una de las c\u00e1rceles m\u00e1s temidas de Estados Unidos. El caso tambi\u00e9n reaviva el debate sobre la legalidad y los l\u00edmites de la acci\u00f3n estadounidense: la defensa anticipa que cuestionar\u00e1 la jurisdicci\u00f3n de los tribunales de Nueva York y las circunstancias de la captura y el traslado, mientras que el Departamento de Justicia sostiene que las acusaciones por narcotr\u00e1fico y terrorismo, vigentes desde hace a\u00f1os, habilitan el proceso.<\/p>\n\n\n\n<p class=\"has-text-align-center\"><em><strong><em><strong><em><strong><em><strong><a href=\"https:\/\/t.me\/esreviral\">\u00daNETE A NUESTRO CANAL DE TELEGRAM PARA ESTAR INFORMADO<\/a><\/strong><\/em><\/strong><\/em><\/strong><\/em><\/strong><\/em><\/p>\n\n\n\n<p>La imagen de Maduro detenido en Brooklyn tiene adem\u00e1s una fuerte carga simb\u00f3lica. Para sus cr\u00edticos, representa el derrumbe definitivo de un poder que parec\u00eda inamovible; para sus seguidores, una humillaci\u00f3n y una advertencia. Para Estados Unidos, en cambio, el encierro del exmandatario en una prisi\u00f3n tan controvertida funciona como un mensaje pol\u00edtico claro: la disputa por el futuro de Venezuela tambi\u00e9n se dirimir\u00e1 en los tribunales y tras los muros de una de las c\u00e1rceles m\u00e1s duras del pa\u00eds.<\/p>\n\n\n<div class=\"wp-block-image\">\n<figure class=\"aligncenter size-large\"><img decoding=\"async\" src=\"https:\/\/resizer.glanacion.com\/resizer\/v2\/agentes-federales-de-las-fuerzas-del-orden-montan-RGILUPTVENAU3FENKEJJ3SPGA4.JPG?auth=1fd72a2b0fdc944a2d630231fe0cd4c593b78e0c5be1a7b519c8057c49167486&amp;width=780&amp;height=520&amp;quality=70&amp;smart=true\" alt=\"\"\/><figcaption class=\"wp-element-caption\">Agentes federales de las fuerzas del orden montan guardia frente al Centro de Detenci\u00f3n Metropolitano mientras esperan la llegada del presidente venezolano capturado, Nicol\u00e1s Maduro, el s\u00e1bado 3 de enero de 2026, en Nueva York<\/figcaption><\/figure><\/div>\n\n\n<p><\/p>\n\n\n\n<p class=\"has-text-align-right\"><strong><em>Con Informaci\u00f3n de LN.-<\/em><\/strong><\/p>\n","protected":false},"excerpt":{"rendered":"<p>El penal federal donde qued\u00f3 recluido Maduro acumula denuncias por fallas estructurales y episodios de violencia<\/p>\n","protected":false},"author":3,"featured_media":85844,"comment_status":"closed","ping_status":"closed","sticky":false,"template":"","format":"standard","meta":{"jnews-multi-image_gallery":[],"jnews_single_post":{"format":"standard"},"jnews_primary_category":[],"jnews_social_meta":[],"jnews_review":[],"enable_review":"","type":"","name":"","summary":"","brand":"","sku":"","good":[],"bad":[],"score_override":"","override_value":"","rating":[],"price":[],"jnews_override_counter":[],"jnews_post_split":[],"footnotes":""},"categories":[88],"tags":[2088,136,1068,45,38855,2083,38856,56],"class_list":["post-85843","post","type-post","status-publish","format-standard","has-post-thumbnail","hentry","category-internacionales","tag-donald-trump","tag-estados-unidos","tag-nicolas-maduro","tag-noticias","tag-nueva-york-2","tag-presos","tag-prision-de-brooklyn","tag-venezuela"],"amp_enabled":true,"_links":{"self":[{"href":"https:\/\/esreviral.com\/index.php?rest_route=\/wp\/v2\/posts\/85843"}],"collection":[{"href":"https:\/\/esreviral.com\/index.php?rest_route=\/wp\/v2\/posts"}],"about":[{"href":"https:\/\/esreviral.com\/index.php?rest_route=\/wp\/v2\/types\/post"}],"author":[{"embeddable":true,"href":"https:\/\/esreviral.com\/index.php?rest_route=\/wp\/v2\/users\/3"}],"replies":[{"embeddable":true,"href":"https:\/\/esreviral.com\/index.php?rest_route=%2Fwp%2Fv2%2Fcomments&post=85843"}],"version-history":[{"count":1,"href":"https:\/\/esreviral.com\/index.php?rest_route=\/wp\/v2\/posts\/85843\/revisions"}],"predecessor-version":[{"id":85845,"href":"https:\/\/esreviral.com\/index.php?rest_route=\/wp\/v2\/posts\/85843\/revisions\/85845"}],"wp:featuredmedia":[{"embeddable":true,"href":"https:\/\/esreviral.com\/index.php?rest_route=\/wp\/v2\/media\/85844"}],"wp:attachment":[{"href":"https:\/\/esreviral.com\/index.php?rest_route=%2Fwp%2Fv2%2Fmedia&parent=85843"}],"wp:term":[{"taxonomy":"category","embeddable":true,"href":"https:\/\/esreviral.com\/index.php?rest_route=%2Fwp%2Fv2%2Fcategories&post=85843"},{"taxonomy":"post_tag","embeddable":true,"href":"https:\/\/esreviral.com\/index.php?rest_route=%2Fwp%2Fv2%2Ftags&post=85843"}],"curies":[{"name":"wp","href":"https:\/\/api.w.org\/{rel}","templated":true}]}}