{"id":85838,"date":"2026-01-05T07:02:27","date_gmt":"2026-01-05T12:02:27","guid":{"rendered":"https:\/\/esreviral.com\/?p=85838"},"modified":"2026-01-05T07:05:09","modified_gmt":"2026-01-05T12:05:09","slug":"brasil-uruguay-chile-colombia-mexico-y-espana-repudiaron-la-captura-de-maduro","status":"publish","type":"post","link":"https:\/\/esreviral.com\/?p=85838","title":{"rendered":"Brasil, Uruguay, Chile, Colombia, M\u00e9xico y Espa\u00f1a repudiaron la captura de Maduro"},"content":{"rendered":"\n<p>Brasil, Chile, Colombia, M\u00e9xico, Uruguay y Espa\u00f1a rechazaron este domingo \u201ccualquier intento de control\u201d sobre Venezuela, luego de que Estados Unidos afirmara haber asumido el control del pa\u00eds tras la detenci\u00f3n de Nicol\u00e1s Maduro.<\/p>\n\n\n\n<p>En un pronunciamiento conjunto, los seis pa\u00edses expresaron su preocupaci\u00f3n por la estabilidad regional tras los ataques ejecutados por Washington, que culminaron con la captura del mandatario venezolano. Las declaraciones se produjeron despu\u00e9s de que el presidente estadounidense, Donald Trump, se\u00f1alara que uno de los principales objetivos de su administraci\u00f3n es mantener el dominio sobre el petr\u00f3leo venezolano, pa\u00eds que posee las mayores reservas de crudo del mundo.<\/p>\n\n\n\n<p class=\"has-text-align-center\"><strong><a href=\"https:\/\/chat.whatsapp.com\/KWkTmakY3I05kNdd2oZl6d\"><em>\u00daNETE A NUESTRO GRUPO DE WHATSAPP PARA ESTAR INFORMADO<\/em><\/a><\/strong><\/p>\n\n\n\n<p><a href=\"https:\/\/www.cancilleria.gov.co\/newsroom\/news\/comunicado-brasil-chile-colombia-mexico-uruguay-espana-frente-hechos-ocurridos\" data-type=\"link\" data-id=\"https:\/\/www.cancilleria.gov.co\/newsroom\/news\/comunicado-brasil-chile-colombia-mexico-uruguay-espana-frente-hechos-ocurridos\"><strong><em>\u201cManifestamos nuestra preocupaci\u00f3n ante cualquier intento de control gubernamental, de administraci\u00f3n o de apropiaci\u00f3n externa de recursos naturales o estrat\u00e9gicos venezolanos<\/em><\/strong>\u201d, <\/a>se\u00f1ala un comunicado difundido por la Canciller\u00eda de Colombia.<\/p>\n\n\n\n<p>El texto subraya adem\u00e1s que \u201c<strong><em>la situaci\u00f3n en Venezuela debe resolverse con respeto a la voluntad del pueblo venezolano en todas sus expresiones, sin injerencias externas y en apego al derecho internacional\u201d<\/em><\/strong>.<\/p>\n\n\n\n<p>L\u00edderes de los pa\u00edses firmantes, entre ellos el presidente de Brasil, Luiz In\u00e1cio Lula da Silva, y el mandatario colombiano, Gustavo Petro, rechazaron p\u00fablicamente la incursi\u00f3n estadounidense en Venezuela y reclamaron la intervenci\u00f3n de organismos internacionales como las Naciones Unidas.<\/p>\n\n\n\n<p>Washington confirm\u00f3 la captura de Maduro, quien enfrentar\u00e1 en Nueva York un juicio por presuntos delitos de narcotr\u00e1fico y terrorismo, y reconoci\u00f3 hasta el momento a la vicepresidenta Delcy Rodr\u00edguez como nueva mandataria del pa\u00eds, con el respaldo de la c\u00fapula militar venezolana.<\/p>\n\n\n\n<p class=\"has-text-align-center\"><em><strong><em><strong><em><strong><em><strong><a href=\"https:\/\/t.me\/esreviral\">\u00daNETE A NUESTRO CANAL DE TELEGRAM PARA ESTAR INFORMADO<\/a><\/strong><\/em><\/strong><\/em><\/strong><\/em><\/strong><\/em><\/p>\n\n\n\n<p>Por su parte, el secretario de Estado de Estados Unidos, Marco Rubio, afirm\u00f3 este domingo que es \u201cprematuro\u201d hablar de un proceso electoral \u201cen este momento\u201d.<\/p>\n\n\n\n<p>Pa\u00edses aliados de Venezuela como Rusia, China, Ir\u00e1n y Cuba tambi\u00e9n condenaron los ataques. Mosc\u00fa y Pek\u00edn exigieron la \u201cliberaci\u00f3n inmediata\u201d de Nicol\u00e1s Maduro.<\/p>\n\n\n\n<p class=\"has-text-align-center\"><strong><em><mark style=\"background-color:rgba(0, 0, 0, 0)\" class=\"has-inline-color has-vivid-red-color\"><a href=\"https:\/\/esreviral.com\/?p=85762\" data-type=\"link\" data-id=\"https:\/\/esreviral.com\/?p=85762\">Lea Tambi\u00e9n: Ecuador, Argentina, Per\u00fa y Paraguay restringir\u00e1n ingreso de venezolanos vinculados al gobierno de Maduro<\/a><\/mark><\/em><\/strong><\/p>\n\n\n\n<p class=\"has-text-align-right\"><strong><em>Con Informaci\u00f3n de ElNacional.-<\/em><\/strong><\/p>\n","protected":false},"excerpt":{"rendered":"<p>Los seis pa\u00edses manifestaron su preocupaci\u00f3n por la estabilidad regional despu\u00e9s de los ataques de Washington que resultaron con la captura de Nicol\u00e1s Maduro<\/p>\n","protected":false},"author":3,"featured_media":85840,"comment_status":"closed","ping_status":"closed","sticky":false,"template":"","format":"standard","meta":{"jnews-multi-image_gallery":[],"jnews_single_post":{"format":"standard"},"jnews_primary_category":[],"jnews_social_meta":[],"jnews_review":[],"enable_review":"","type":"","name":"","summary":"","brand":"","sku":"","good":[],"bad":[],"score_override":"","override_value":"","rating":[],"price":[],"jnews_override_counter":[],"jnews_post_split":[],"footnotes":""},"categories":[88],"tags":[227,386,283,148,45,56],"class_list":["post-85838","post","type-post","status-publish","format-standard","has-post-thumbnail","hentry","category-internacionales","tag-brasil","tag-chile","tag-colombia","tag-espana","tag-noticias","tag-venezuela"],"amp_enabled":true,"_links":{"self":[{"href":"https:\/\/esreviral.com\/index.php?rest_route=\/wp\/v2\/posts\/85838"}],"collection":[{"href":"https:\/\/esreviral.com\/index.php?rest_route=\/wp\/v2\/posts"}],"about":[{"href":"https:\/\/esreviral.com\/index.php?rest_route=\/wp\/v2\/types\/post"}],"author":[{"embeddable":true,"href":"https:\/\/esreviral.com\/index.php?rest_route=\/wp\/v2\/users\/3"}],"replies":[{"embeddable":true,"href":"https:\/\/esreviral.com\/index.php?rest_route=%2Fwp%2Fv2%2Fcomments&post=85838"}],"version-history":[{"count":2,"href":"https:\/\/esreviral.com\/index.php?rest_route=\/wp\/v2\/posts\/85838\/revisions"}],"predecessor-version":[{"id":85842,"href":"https:\/\/esreviral.com\/index.php?rest_route=\/wp\/v2\/posts\/85838\/revisions\/85842"}],"wp:featuredmedia":[{"embeddable":true,"href":"https:\/\/esreviral.com\/index.php?rest_route=\/wp\/v2\/media\/85840"}],"wp:attachment":[{"href":"https:\/\/esreviral.com\/index.php?rest_route=%2Fwp%2Fv2%2Fmedia&parent=85838"}],"wp:term":[{"taxonomy":"category","embeddable":true,"href":"https:\/\/esreviral.com\/index.php?rest_route=%2Fwp%2Fv2%2Fcategories&post=85838"},{"taxonomy":"post_tag","embeddable":true,"href":"https:\/\/esreviral.com\/index.php?rest_route=%2Fwp%2Fv2%2Ftags&post=85838"}],"curies":[{"name":"wp","href":"https:\/\/api.w.org\/{rel}","templated":true}]}}