{"id":85835,"date":"2026-01-04T16:44:03","date_gmt":"2026-01-04T21:44:03","guid":{"rendered":"https:\/\/esreviral.com\/?p=85835"},"modified":"2026-01-04T16:45:54","modified_gmt":"2026-01-04T21:45:54","slug":"maduro-y-cilia-flores-compareceran-este-lunes-ante-un-tribunal-federal-de-nueva-york","status":"publish","type":"post","link":"https:\/\/esreviral.com\/?p=85835","title":{"rendered":"Maduro y Cilia Flores comparecer\u00e1n este lunes ante un tribunal federal de Nueva York"},"content":{"rendered":"\n<p><strong>Nicol\u00e1s Maduro y su esposa,  Cilia Flores, comparecer\u00e1n este lunes ante un tribunal federal de Nueva York, en lo que ser\u00e1 su primera audiencia judicial en Estados Unidos tras su captura y traslado al pa\u00eds, confirmaron este domingo fuentes judiciales.<\/strong><\/p>\n\n\n\n<p>Seg\u00fan un portavoz del Tribunal del Distrito Sur de Nueva York, ambos ser\u00e1n presentados ante el juez federal Alvin K. Hellerstein, en Manhattan, a las <strong>12:00 del mediod\u00eda, hora de Nueva York<\/strong>, lo que corresponde a las <strong>13:00 en Venezuela<\/strong> y las <strong>14:00 en Argentina<\/strong>.<\/p>\n\n\n\n<p class=\"has-text-align-center\"><strong><a href=\"https:\/\/chat.whatsapp.com\/KWkTmakY3I05kNdd2oZl6d\"><em>\u00daNETE A NUESTRO GRUPO DE WHATSAPP PARA ESTAR INFORMADO<\/em><\/a><\/strong><\/p>\n\n\n\n<p>Maduro y Flores permanecen detenidos desde la noche del s\u00e1bado en el Centro de Detenci\u00f3n Metropolitano (MDC) de Brooklyn, una prisi\u00f3n federal de alta seguridad.<\/p>\n\n\n\n<p>La audiencia se realizar\u00e1 luego de que el Gobierno estadounidense anunciara el s\u00e1bado la captura del mandatario venezolano en Caracas, durante una operaci\u00f3n que incluy\u00f3 ataques a\u00e9reos contra objetivos en Venezuela.<\/p>\n\n\n\n<p>Maduro enfrenta en Estados Unidos cuatro cargos federales: conspiraci\u00f3n de narcoterrorismo, conspiraci\u00f3n para la importaci\u00f3n de coca\u00edna, posesi\u00f3n de ametralladoras y dispositivos destructivos, y conspiraci\u00f3n para poseer dichos artefactos en apoyo de actividades criminales, adem\u00e1s de colaborar con organizaciones calificadas como terroristas por Washington.<\/p>\n\n\n\n<p>Las acusaciones, formuladas en 2020 por la Fiscal\u00eda del Distrito Sur de Nueva York y ratificadas este s\u00e1bado, sostienen que el dirigente venezolano habr\u00eda encabezado durante a\u00f1os una red que utiliz\u00f3 el narcotr\u00e1fico como un arma contra Estados Unidos.<\/p>\n\n\n\n<p>Cilia Flores, por su parte, enfrenta cargos relacionados con presuntas tareas de apoyo log\u00edstico y financiero a la misma estructura criminal, seg\u00fan documentos judiciales citados por medios estadounidenses.<\/p>\n\n\n\n<p>En este tipo de audiencias iniciales, los acusados suelen comparecer ante un juez para la lectura formal de los cargos, la verificaci\u00f3n de identidad y la definici\u00f3n de medidas preliminares, como la detenci\u00f3n preventiva o la designaci\u00f3n de abogados defensores.<\/p>\n\n\n\n<p>De acuerdo con <em>The New York Times<\/em> y la cadena CBS, es probable que ambos permanezcan en detenci\u00f3n preventiva sin derecho a fianza mientras avanza el proceso judicial.<\/p>\n\n\n\n<p>En paralelo, la fiscal general de Estados Unidos, Pamela Bondi, difundi\u00f3 este domingo en la red social X un comunicado conjunto con el Departamento de Justicia, el FBI y la Administraci\u00f3n para el Control de Drogas (DEA), en el que se detall\u00f3 que la operaci\u00f3n que permiti\u00f3 la captura de Maduro y Flores requiri\u00f3 meses de planificaci\u00f3n y tuvo como objetivo \u201cgarantizar el traslado seguro de los acusados para que enfrenten los cargos federales que se les imputan\u201d.<\/p>\n\n\n\n<p>El comunicado subray\u00f3 que todos los procedimientos se realizaron \u201cen estricta conformidad con la ley estadounidense\u201d y que la misi\u00f3n respalda \u201cuna investigaci\u00f3n criminal en curso vinculada al narcotr\u00e1fico y delitos conexos\u201d que, seg\u00fan Washington, \u201ccontribuyen a la violencia y a la crisis de drogas en la regi\u00f3n\u201d.<\/p>\n\n\n\n<p>Bondi agreg\u00f3 que \u201cse exploraron todas las opciones legales para resolver la situaci\u00f3n de manera pac\u00edfica\u201d y atribuy\u00f3 el desenlace a \u201cla persistencia en la conducta delictiva\u201d de los acusados.<\/p>\n\n\n\n<p class=\"has-text-align-center\"><em><strong><em><strong><em><strong><em><strong><a href=\"https:\/\/t.me\/esreviral\">\u00daNETE A NUESTRO CANAL DE TELEGRAM PARA ESTAR INFORMADO<\/a><\/strong><\/em><\/strong><\/em><\/strong><\/em><\/strong><\/em><\/p>\n\n\n\n<p>Maduro lleg\u00f3 a Nueva York en la noche del s\u00e1bado a bordo de un avi\u00f3n militar, fue trasladado a un edificio federal de la DEA y posteriormente ingresado al Centro de Detenci\u00f3n Metropolitano de Brooklyn, una prisi\u00f3n que alberga a procesados por causas de alta complejidad penal.<\/p>\n\n\n\n<p class=\"has-text-align-right\"><strong><em>Con Informaci\u00f3n de Albertonews.-<\/em><\/strong><\/p>\n","protected":false},"excerpt":{"rendered":"<p>Audiencia clave en Nueva York: Maduro y Cilia Flores ante la Justicia este lunes<\/p>\n","protected":false},"author":3,"featured_media":85836,"comment_status":"closed","ping_status":"closed","sticky":false,"template":"","format":"standard","meta":{"jnews-multi-image_gallery":[],"jnews_single_post":{"format":"standard"},"jnews_primary_category":[],"jnews_social_meta":[],"jnews_review":[],"enable_review":"","type":"","name":"","summary":"","brand":"","sku":"","good":[],"bad":[],"score_override":"","override_value":"","rating":[],"price":[],"jnews_override_counter":[],"jnews_post_split":[],"footnotes":""},"categories":[88],"tags":[13075,136,1068,534,38853,56],"class_list":["post-85835","post","type-post","status-publish","format-standard","has-post-thumbnail","hentry","category-internacionales","tag-cilia-flores","tag-estados-unidos","tag-nicolas-maduro","tag-nueva-york","tag-primera-audiencia-judicial","tag-venezuela"],"amp_enabled":true,"_links":{"self":[{"href":"https:\/\/esreviral.com\/index.php?rest_route=\/wp\/v2\/posts\/85835"}],"collection":[{"href":"https:\/\/esreviral.com\/index.php?rest_route=\/wp\/v2\/posts"}],"about":[{"href":"https:\/\/esreviral.com\/index.php?rest_route=\/wp\/v2\/types\/post"}],"author":[{"embeddable":true,"href":"https:\/\/esreviral.com\/index.php?rest_route=\/wp\/v2\/users\/3"}],"replies":[{"embeddable":true,"href":"https:\/\/esreviral.com\/index.php?rest_route=%2Fwp%2Fv2%2Fcomments&post=85835"}],"version-history":[{"count":1,"href":"https:\/\/esreviral.com\/index.php?rest_route=\/wp\/v2\/posts\/85835\/revisions"}],"predecessor-version":[{"id":85837,"href":"https:\/\/esreviral.com\/index.php?rest_route=\/wp\/v2\/posts\/85835\/revisions\/85837"}],"wp:featuredmedia":[{"embeddable":true,"href":"https:\/\/esreviral.com\/index.php?rest_route=\/wp\/v2\/media\/85836"}],"wp:attachment":[{"href":"https:\/\/esreviral.com\/index.php?rest_route=%2Fwp%2Fv2%2Fmedia&parent=85835"}],"wp:term":[{"taxonomy":"category","embeddable":true,"href":"https:\/\/esreviral.com\/index.php?rest_route=%2Fwp%2Fv2%2Fcategories&post=85835"},{"taxonomy":"post_tag","embeddable":true,"href":"https:\/\/esreviral.com\/index.php?rest_route=%2Fwp%2Fv2%2Ftags&post=85835"}],"curies":[{"name":"wp","href":"https:\/\/api.w.org\/{rel}","templated":true}]}}