{"id":85759,"date":"2026-01-03T21:16:59","date_gmt":"2026-01-04T02:16:59","guid":{"rendered":"https:\/\/esreviral.com\/?p=85759"},"modified":"2026-01-03T21:17:00","modified_gmt":"2026-01-04T02:17:00","slug":"maduro-llego-a-nueva-york-en-helicoptero-dormira-en-una-prision-federal-en-brooklyn","status":"publish","type":"post","link":"https:\/\/esreviral.com\/?p=85759","title":{"rendered":"Maduro lleg\u00f3 a Nueva York en helic\u00f3ptero: dormir\u00e1 en una prisi\u00f3n federal en Brooklyn"},"content":{"rendered":"\n<p>Nicol\u00e1s Maduro lleg\u00f3 este s\u00e1bado a la ciudad de Nueva York a bordo de un helic\u00f3ptero que aterriz\u00f3 en un helipuerto ubicado a orillas del r\u00edo Hudson, cerca de la calle 31, en el lado oeste de Manhattan. Previamente, hab\u00eda sido trasladado en un avi\u00f3n militar hasta un aeropuerto situado en el norte del estado de Nueva York.<\/p>\n\n\n\n<p>Seg\u00fan informaron medios locales, Maduro fue llevado primero a una instalaci\u00f3n federal vinculada a la Agencia Antidroga de Estados Unidos (DEA) y posteriormente trasladado al Metropolitan Detention Center (MDC), una prisi\u00f3n federal ubicada en el distrito de Brooklyn.<\/p>\n\n\n\n<p class=\"has-text-align-center\"><strong><a href=\"https:\/\/chat.whatsapp.com\/KWkTmakY3I05kNdd2oZl6d\"><em>\u00daNETE A NUESTRO GRUPO DE WHATSAPP PARA ESTAR INFORMADO<\/em><\/a><\/strong><\/p>\n\n\n\n<figure class=\"wp-block-image size-large\"><img decoding=\"async\" src=\"https:\/\/elnacional-uploads.nyc3.digitaloceanspaces.com\/wp-content\/uploads\/2026\/01\/03213114\/afp-maduro-prision.jpg\" alt=\"\"\/><\/figure>\n\n\n\n<p><\/p>\n\n\n\n<p>Maduro fue acusado formalmente en 2020 por la Fiscal\u00eda del Distrito Sur de Nueva York, que este s\u00e1bado hizo p\u00fablica una acusaci\u00f3n sustitutiva en el mismo tribunal. En ella, Maduro enfrenta cargos por narcoterrorismo, conspiraci\u00f3n para importar coca\u00edna a Estados Unidos y delitos relacionados con armas autom\u00e1ticas.<\/p>\n\n\n\n<p>El avi\u00f3n militar Boeing 757 que lo transport\u00f3 aterriz\u00f3 durante la tarde del s\u00e1bado en la Base de la Guardia Nacional A\u00e9rea de Stewart, un aeropuerto militar situado en el norte del estado de Nueva York, luego de que Maduro fuera capturado en la madrugada por fuerzas estadounidenses en Caracas. En Stewart lo esperaban decenas de agentes de distintas agencias federales, entre ellas el Bur\u00f3 Federal de Investigaciones (FBI) y la DEA, en medio de temperaturas cercanas a los dos grados cent\u00edgrados bajo cero. Maduro descendi\u00f3 del avi\u00f3n esposado y fue trasladado bajo custodia en helic\u00f3ptero hacia Manhattan.<\/p>\n\n\n\n<p>Se espera que en los pr\u00f3ximos d\u00edas comparezca ante un juez federal en Manhattan como parte del proceso judicial en su contra.<\/p>\n\n\n\n<p>La acusaci\u00f3n original del tribunal neoyorquino, basada en una investigaci\u00f3n de la DEA, se\u00f1ala a Maduro como presunto l\u00edder del denominado Cartel de los Soles, una red supuestamente integrada por altos mandos militares venezolanos que buscaba enriquecerse mediante el narcotr\u00e1fico y \u201cutilizar la coca\u00edna como un arma contra Estados Unidos\u201d.<\/p>\n\n\n\n<figure class=\"wp-block-image size-large\"><img decoding=\"async\" src=\"https:\/\/elnacional-uploads.nyc3.digitaloceanspaces.com\/wp-content\/uploads\/2026\/01\/03213410\/afp-maduro-prision-2.jpg\" alt=\"\"\/><\/figure>\n\n\n\n<p><\/p>\n\n\n\n<p>Por su parte, el presidente de Estados Unidos, Donald Trump, confirm\u00f3 este s\u00e1bado que su pa\u00eds llev\u00f3 a cabo \u201ccon \u00e9xito un ataque a gran escala\u201d en territorio venezolano y asegur\u00f3 que Maduro y su esposa, Cilia Flores, fueron \u201ccapturados y sacados del pa\u00eds\u201d. Trump agreg\u00f3 que ambos permanecieron detenidos en un buque militar antes de ser trasladados a Nueva York para enfrentar cargos por narcotr\u00e1fico, y brind\u00f3 detalles sobre la operaci\u00f3n realizada por fuerzas especiales estadounidenses.<\/p>\n\n\n\n<p>En tanto, el secretario general de la ONU, Ant\u00f3nio Guterres, expres\u00f3 estar profundamente alarmado por la reciente escalada de tensi\u00f3n en Venezuela, al advertir que podr\u00eda tener \u201cpreocupantes implicaciones para la regi\u00f3n\u201d.<\/p>\n\n\n\n<p class=\"has-text-align-center\"><em><strong><em><strong><em><strong><em><strong><a href=\"https:\/\/t.me\/esreviral\">\u00daNETE A NUESTRO CANAL DE TELEGRAM PARA ESTAR INFORMADO<\/a><\/strong><\/em><\/strong><\/em><\/strong><\/em><\/strong><\/em><\/p>\n\n\n\n<p>Asimismo, el Consejo de Seguridad de las Naciones Unidas se reunir\u00e1 de urgencia el pr\u00f3ximo lunes para analizar la situaci\u00f3n, tras los ataques que afectaron infraestructuras civiles y militares y que, seg\u00fan el diario <em>The New York Times<\/em>, dejaron al menos 40 muertos en la capital venezolana y en los estados de La Guaira, Miranda y Aragua.<\/p>\n\n\n\n<p class=\"has-text-align-right\"><strong><em>Con informaci\u00f3n de ElNacional.-<\/em><\/strong><\/p>\n","protected":false},"excerpt":{"rendered":"<p>La acusaci\u00f3n original del tribunal neoyorquino, basada en una investigaci\u00f3n de la DEA, se\u00f1ala a Maduro como presunto l\u00edder del denominado Cartel de los Soles, una red supuestamente vinculada a altos mandos militares venezolanos que buscaba enriquecerse y \u00abutilizar la coca\u00edna como un arma contra Estados Unidos\u00bb<\/p>\n","protected":false},"author":3,"featured_media":85760,"comment_status":"closed","ping_status":"closed","sticky":false,"template":"","format":"standard","meta":{"jnews-multi-image_gallery":[],"jnews_single_post":{"format":"standard"},"jnews_primary_category":[],"jnews_social_meta":[],"jnews_review":[],"enable_review":"","type":"","name":"","summary":"","brand":"","sku":"","good":[],"bad":[],"score_override":"","override_value":"","rating":[],"price":[],"jnews_override_counter":[],"jnews_post_split":[],"footnotes":""},"categories":[59,66],"tags":[82,38817,45,185,56],"class_list":["post-85759","post","type-post","status-publish","format-standard","has-post-thumbnail","hentry","category-politica","category-venezuela","tag-maduro","tag-maduro-detenido","tag-noticias","tag-trump","tag-venezuela"],"_links":{"self":[{"href":"https:\/\/esreviral.com\/index.php?rest_route=\/wp\/v2\/posts\/85759","targetHints":{"allow":["GET"]}}],"collection":[{"href":"https:\/\/esreviral.com\/index.php?rest_route=\/wp\/v2\/posts"}],"about":[{"href":"https:\/\/esreviral.com\/index.php?rest_route=\/wp\/v2\/types\/post"}],"author":[{"embeddable":true,"href":"https:\/\/esreviral.com\/index.php?rest_route=\/wp\/v2\/users\/3"}],"replies":[{"embeddable":true,"href":"https:\/\/esreviral.com\/index.php?rest_route=%2Fwp%2Fv2%2Fcomments&post=85759"}],"version-history":[{"count":1,"href":"https:\/\/esreviral.com\/index.php?rest_route=\/wp\/v2\/posts\/85759\/revisions"}],"predecessor-version":[{"id":85761,"href":"https:\/\/esreviral.com\/index.php?rest_route=\/wp\/v2\/posts\/85759\/revisions\/85761"}],"wp:featuredmedia":[{"embeddable":true,"href":"https:\/\/esreviral.com\/index.php?rest_route=\/wp\/v2\/media\/85760"}],"wp:attachment":[{"href":"https:\/\/esreviral.com\/index.php?rest_route=%2Fwp%2Fv2%2Fmedia&parent=85759"}],"wp:term":[{"taxonomy":"category","embeddable":true,"href":"https:\/\/esreviral.com\/index.php?rest_route=%2Fwp%2Fv2%2Fcategories&post=85759"},{"taxonomy":"post_tag","embeddable":true,"href":"https:\/\/esreviral.com\/index.php?rest_route=%2Fwp%2Fv2%2Ftags&post=85759"}],"curies":[{"name":"wp","href":"https:\/\/api.w.org\/{rel}","templated":true}]}}