{"id":85730,"date":"2026-01-03T08:56:32","date_gmt":"2026-01-03T13:56:32","guid":{"rendered":"https:\/\/esreviral.com\/?p=85730"},"modified":"2026-01-03T09:07:49","modified_gmt":"2026-01-03T14:07:49","slug":"argentina-respaldo-las-acciones-de-estados-unidos-en-venezuela","status":"publish","type":"post","link":"https:\/\/esreviral.com\/?p=85730","title":{"rendered":"Canciller\u00eda argentina respald\u00f3 las acciones de Estados Unidos en Venezuela y pidi\u00f3 la liberaci\u00f3n de Nahuel Gallo"},"content":{"rendered":"\n<p><strong><em>KQA.- <\/em><\/strong>El Gobierno de la Rep\u00fablica Argentina expres\u00f3 este s\u00e1bado su respaldo a las acciones adoptadas por Estados Unidos en Venezuela, que, seg\u00fan inform\u00f3 Washington, derivaron en la captura de Nicol\u00e1s Maduro, a quien calific\u00f3 como \u201cdictador\u201d y l\u00edder del denominado C\u00e1rtel de los Soles, organizaci\u00f3n que fue declarada terrorista por el Estado argentino el pasado 26 de agosto.<\/p>\n\n\n\n<p class=\"has-text-align-center\"><strong><a href=\"https:\/\/chat.whatsapp.com\/KWkTmakY3I05kNdd2oZl6d\"><em>\u00daNETE A NUESTRO GRUPO DE WHATSAPP PARA ESTAR INFORMADO<\/em><\/a><\/strong><\/p>\n\n\n\n<p>A trav\u00e9s de un comunicado oficial difundido por la Canciller\u00eda, el Ejecutivo argentino valor\u00f3 \u201cla decisi\u00f3n y la determinaci\u00f3n\u201d demostradas por el presidente estadounidense y su gobierno, y manifest\u00f3 su confianza en que estos acontecimientos representen \u201cun avance decisivo contra el narcoterrorismo que afecta a la regi\u00f3n\u201d.<\/p>\n\n\n\n<p>En el texto, el Gobierno argentino sostuvo que la situaci\u00f3n podr\u00eda abrir una nueva etapa para Venezuela, orientada a la recuperaci\u00f3n plena de la democracia, el imperio de la ley y el respeto de los derechos humanos, conforme a los principios del derecho internacional, y al fin de lo que calific\u00f3 como \u201cla opresi\u00f3n ejercida durante a\u00f1os por el r\u00e9gimen autoritario\u201d.<\/p>\n\n\n\n<p>Asimismo, Argentina expres\u00f3 su apoyo a que esta nueva coyuntura permita que las autoridades \u201cleg\u00edtimamente elegidas\u201d por el pueblo venezolano en las elecciones celebradas en 2024 puedan ejercer su mandato constitucional. En ese sentido, mencion\u00f3 al presidente electo Edmundo Gonz\u00e1lez Urrutia y destac\u00f3 el liderazgo de Mar\u00eda Corina Machado, Premio Nobel de la Paz, en la defensa de la democracia y la libertad en el pa\u00eds caribe\u00f1o.<\/p>\n\n\n\n<p>El comunicado tambi\u00e9n reafirm\u00f3 el compromiso del Gobierno argentino ante la comunidad internacional para contribuir, \u201cpor todos los medios a su alcance\u201d, al retorno de la institucionalidad, la democracia y el Estado de Derecho en Venezuela, velando por la libertad, la dignidad humana y el bienestar del pueblo venezolano.<\/p>\n\n\n\n<p class=\"has-text-align-center\"><em><strong><em><strong><em><strong><em><strong><a href=\"https:\/\/t.me\/esreviral\">\u00daNETE A NUESTRO CANAL DE TELEGRAM PARA ESTAR INFORMADO<\/a><\/strong><\/em><\/strong><\/em><\/strong><\/em><\/strong><\/em><\/p>\n\n\n\n<p>Finalmente, la Canciller\u00eda record\u00f3 que el r\u00e9gimen venezolano es responsable a nivel internacional por la integridad f\u00edsica y la seguridad personal del ciudadano argentino Nahuel Gallo, quien \u2014seg\u00fan denunci\u00f3\u2014 se encuentra en situaci\u00f3n de detenci\u00f3n arbitraria y desaparici\u00f3n forzada, en violaci\u00f3n de las obligaciones internacionales en materia de derechos humanos, y reiter\u00f3 su llamado a su inmediata liberaci\u00f3n.<\/p>\n\n\n\n<p class=\"has-text-align-right\"><strong><em><a href=\"https:\/\/www.cancilleria.gob.ar\/es\/actualidad\/noticias\/sobre-la-situacion-en-venezuela\" data-type=\"link\" data-id=\"https:\/\/www.cancilleria.gob.ar\/es\/actualidad\/noticias\/sobre-la-situacion-en-venezuela\">Con Informaci\u00f3n de cancilleria.gob.ar.-<\/a><\/em><\/strong><\/p>\n\n\n\n<p><\/p>\n","protected":false},"excerpt":{"rendered":"<p>El Gobierno argentino expres\u00f3 su respaldo a las acciones de Estados Unidos en Venezuela que, seg\u00fan Washington, derivaron en la captura de Nicol\u00e1s Maduro. A trav\u00e9s de un comunicado, la Canciller\u00eda sostuvo que los hechos representan un avance contra el narcoterrorismo y podr\u00edan abrir una nueva etapa democr\u00e1tica en el pa\u00eds caribe\u00f1o, al tiempo que reclam\u00f3 la liberaci\u00f3n inmediata del ciudadano argentino Nahuel Gallo.<\/p>\n","protected":false},"author":3,"featured_media":85734,"comment_status":"closed","ping_status":"closed","sticky":false,"template":"","format":"standard","meta":{"jnews-multi-image_gallery":[],"jnews_single_post":{"format":"standard"},"jnews_primary_category":[],"jnews_social_meta":[],"jnews_review":[],"enable_review":"","type":"","name":"","summary":"","brand":"","sku":"","good":[],"bad":[],"score_override":"","override_value":"","rating":[],"price":[],"jnews_override_counter":[],"jnews_post_split":[],"footnotes":""},"categories":[58,59,66],"tags":[44,5119,136,56],"class_list":["post-85730","post","type-post","status-publish","format-standard","has-post-thumbnail","hentry","category-argentina","category-politica","category-venezuela","tag-argentina","tag-cancilleria-argentina","tag-estados-unidos","tag-venezuela"],"amp_enabled":true,"_links":{"self":[{"href":"https:\/\/esreviral.com\/index.php?rest_route=\/wp\/v2\/posts\/85730"}],"collection":[{"href":"https:\/\/esreviral.com\/index.php?rest_route=\/wp\/v2\/posts"}],"about":[{"href":"https:\/\/esreviral.com\/index.php?rest_route=\/wp\/v2\/types\/post"}],"author":[{"embeddable":true,"href":"https:\/\/esreviral.com\/index.php?rest_route=\/wp\/v2\/users\/3"}],"replies":[{"embeddable":true,"href":"https:\/\/esreviral.com\/index.php?rest_route=%2Fwp%2Fv2%2Fcomments&post=85730"}],"version-history":[{"count":2,"href":"https:\/\/esreviral.com\/index.php?rest_route=\/wp\/v2\/posts\/85730\/revisions"}],"predecessor-version":[{"id":85733,"href":"https:\/\/esreviral.com\/index.php?rest_route=\/wp\/v2\/posts\/85730\/revisions\/85733"}],"wp:featuredmedia":[{"embeddable":true,"href":"https:\/\/esreviral.com\/index.php?rest_route=\/wp\/v2\/media\/85734"}],"wp:attachment":[{"href":"https:\/\/esreviral.com\/index.php?rest_route=%2Fwp%2Fv2%2Fmedia&parent=85730"}],"wp:term":[{"taxonomy":"category","embeddable":true,"href":"https:\/\/esreviral.com\/index.php?rest_route=%2Fwp%2Fv2%2Fcategories&post=85730"},{"taxonomy":"post_tag","embeddable":true,"href":"https:\/\/esreviral.com\/index.php?rest_route=%2Fwp%2Fv2%2Ftags&post=85730"}],"curies":[{"name":"wp","href":"https:\/\/api.w.org\/{rel}","templated":true}]}}