{"id":85725,"date":"2026-01-03T08:05:12","date_gmt":"2026-01-03T13:05:12","guid":{"rendered":"https:\/\/esreviral.com\/?p=85725"},"modified":"2026-01-03T08:07:34","modified_gmt":"2026-01-03T13:07:34","slug":"maduro-y-cilia-flores-imputados-en-nueva-york-por-narcotrafico-y-armas-pesadas","status":"publish","type":"post","link":"https:\/\/esreviral.com\/?p=85725","title":{"rendered":"Maduro y Cilia Flores, imputados en Nueva York por narcotr\u00e1fico y armas pesadas"},"content":{"rendered":"\n<p>La fiscal general de Nueva York, <strong>Pamela Bondi,<\/strong> confirm\u00f3 la imputaci\u00f3n de Nicol\u00e1s Maduro y de su esposa, Cilia Flores, en el Distrito Sur de Nueva York por delitos vinculados al narcotr\u00e1fico y al uso de armamento pesado. El anuncio fue realizado a trav\u00e9s de un comunicado oficial del Departamento de Justicia de Estados Unidos.<\/p>\n\n\n\n<p>Seg\u00fan precis\u00f3 Bondi, la acusaci\u00f3n federal incluye cargos de alto impacto y alcance internacional, y ambos enfrentar\u00e1n el proceso penal ante tribunales estadounidenses. \u201cHan sido imputados en el Distrito Sur de Nueva York\u201d, se\u00f1al\u00f3 la fiscal general al detallar el avance de la causa.<\/p>\n\n\n\n<p class=\"has-text-align-center\"><strong><a href=\"https:\/\/chat.whatsapp.com\/KWkTmakY3I05kNdd2oZl6d\"><em>\u00daNETE A NUESTRO GRUPO DE WHATSAPP PARA ESTAR INFORMADO<\/em><\/a><\/strong><\/p>\n\n\n\n<p class=\"has-text-align-center\"><\/p>\n\n\n\n<blockquote class=\"twitter-tweet\"><p lang=\"en\" dir=\"ltr\">Nicolas Maduro and his wife, Cilia Flores, have been indicted in the Southern District of New York. Nicolas Maduro has been charged with Narco-Terrorism Conspiracy, Cocaine Importation Conspiracy, Possession of Machineguns and Destructive Devices, and Conspiracy to Possess\u2026<\/p>&mdash; Attorney General Pamela Bondi (@AGPamBondi) <a href=\"https:\/\/twitter.com\/AGPamBondi\/status\/2007428087143686611?ref_src=twsrc%5Etfw\">January 3, 2026<\/a><\/blockquote> <script async src=\"https:\/\/platform.twitter.com\/widgets.js\" charset=\"utf-8\"><\/script>\n\n\n\n<p><\/p>\n\n\n\n<h3 class=\"wp-block-heading\"><strong><mark style=\"background-color:rgba(0, 0, 0, 0)\" class=\"has-inline-color has-vivid-red-color\">Los cargos contra Nicol\u00e1s Maduro<\/mark><\/strong><\/h3>\n\n\n\n<p>De acuerdo con la informaci\u00f3n difundida por el Departamento de Justicia, Maduro fue acusado de <strong>conspiraci\u00f3n narcoterrorista<\/strong>, <strong>conspiraci\u00f3n para importar coca\u00edna a los Estados Unidos<\/strong>, <strong>posesi\u00f3n de ametralladoras y dispositivos destructivos<\/strong>, y <strong>conspiraci\u00f3n para poseer ametralladoras y dispositivos destructivos contra los Estados Unidos<\/strong>.<\/p>\n\n\n\n<p>Bondi subray\u00f3 la gravedad de los delitos imputados y asegur\u00f3 que los acusados deber\u00e1n responder ante la Justicia estadounidense. \u201cPronto enfrentar\u00e1n la ira de la justicia de Estados Unidos, en suelo estadounidense y ante tribunales estadounidenses\u201d, afirm\u00f3 en el comunicado oficial.<\/p>\n\n\n\n<p>Las causas quedaron radicadas en una de las jurisdicciones federales con mayor experiencia en investigaciones por crimen organizado, narcotr\u00e1fico y terrorismo.<\/p>\n\n\n\n<h3 class=\"wp-block-heading\"><strong><mark style=\"background-color:rgba(0, 0, 0, 0)\" class=\"has-inline-color has-vivid-red-color\">Declaraciones del Departamento de Justicia<\/mark><\/strong><\/h3>\n\n\n\n<p>La fiscal general destac\u00f3 el rol del Ejecutivo en el avance del expediente judicial. \u201cEn nombre de todo el Departamento de Justicia de Estados Unidos, quiero agradecer al presidente Donald Trump por su valent\u00eda para exigir responsabilidades en nombre del pueblo estadounidense\u201d, expres\u00f3.<\/p>\n\n\n\n<p>Asimismo, reconoci\u00f3 la intervenci\u00f3n de las fuerzas armadas en el operativo que deriv\u00f3 en la detenci\u00f3n de los acusados. \u201cUn enorme agradecimiento a nuestras valientes fuerzas armadas que llevaron a cabo la incre\u00edble y exitosa misi\u00f3n de capturar a estos dos presuntos narcotraficantes internacionales\u201d, sostuvo.<\/p>\n\n\n\n<p>Las autoridades remarcaron que la imputaci\u00f3n se inscribe en una pol\u00edtica sostenida de persecuci\u00f3n penal contra redes transnacionales de narcotr\u00e1fico.<\/p>\n\n\n\n<h3 class=\"wp-block-heading\"><strong><mark style=\"background-color:rgba(0, 0, 0, 0)\" class=\"has-inline-color has-vivid-red-color\">Alcance judicial y pr\u00f3ximos pasos<\/mark><\/strong><\/h3>\n\n\n\n<p>El proceso se tramita en el Distrito Sur de Nueva York, una corte federal que concentra causas complejas vinculadas al terrorismo, las drogas y las organizaciones criminales. Desde el Departamento de Justicia indicaron que el expediente avanzar\u00e1 conforme a los procedimientos habituales del sistema judicial federal.<\/p>\n\n\n\n<p class=\"has-text-align-center\"><em><strong><em><strong><em><strong><em><strong><a href=\"https:\/\/t.me\/esreviral\">\u00daNETE A NUESTRO CANAL DE TELEGRAM PARA ESTAR INFORMADO<\/a><\/strong><\/em><\/strong><\/em><\/strong><\/em><\/strong><\/em><\/p>\n\n\n\n<p>\u201cLos cargos continuar\u00e1n su curso de acuerdo con la ley estadounidense\u201d, se\u00f1alaron fuentes oficiales al referirse a los pr\u00f3ximos pasos de la causa.<\/p>\n\n\n\n<p><\/p>\n\n\n\n<p class=\"has-text-align-right\"><strong><em>Con Informaci\u00f3n de todojujuy.com.-<\/em><\/strong><\/p>\n","protected":false},"excerpt":{"rendered":"<p>La Justicia federal de Estados Unidos imput\u00f3 a Nicol\u00e1s Maduro y Cilia Flores por delitos graves en su pa\u00eds.<\/p>\n","protected":false},"author":3,"featured_media":85728,"comment_status":"closed","ping_status":"closed","sticky":false,"template":"","format":"standard","meta":{"jnews-multi-image_gallery":[],"jnews_single_post":{"format":"standard"},"jnews_primary_category":[],"jnews_social_meta":[],"jnews_review":[],"enable_review":"","type":"","name":"","summary":"","brand":"","sku":"","good":[],"bad":[],"score_override":"","override_value":"","rating":[],"price":[],"jnews_override_counter":[],"jnews_post_split":[],"footnotes":""},"categories":[88,59],"tags":[136,1068,45,34615,56],"class_list":["post-85725","post","type-post","status-publish","format-standard","has-post-thumbnail","hentry","category-internacionales","category-politica","tag-estados-unidos","tag-nicolas-maduro","tag-noticias","tag-pamela-bondi","tag-venezuela"],"amp_enabled":true,"_links":{"self":[{"href":"https:\/\/esreviral.com\/index.php?rest_route=\/wp\/v2\/posts\/85725"}],"collection":[{"href":"https:\/\/esreviral.com\/index.php?rest_route=\/wp\/v2\/posts"}],"about":[{"href":"https:\/\/esreviral.com\/index.php?rest_route=\/wp\/v2\/types\/post"}],"author":[{"embeddable":true,"href":"https:\/\/esreviral.com\/index.php?rest_route=\/wp\/v2\/users\/3"}],"replies":[{"embeddable":true,"href":"https:\/\/esreviral.com\/index.php?rest_route=%2Fwp%2Fv2%2Fcomments&post=85725"}],"version-history":[{"count":2,"href":"https:\/\/esreviral.com\/index.php?rest_route=\/wp\/v2\/posts\/85725\/revisions"}],"predecessor-version":[{"id":85729,"href":"https:\/\/esreviral.com\/index.php?rest_route=\/wp\/v2\/posts\/85725\/revisions\/85729"}],"wp:featuredmedia":[{"embeddable":true,"href":"https:\/\/esreviral.com\/index.php?rest_route=\/wp\/v2\/media\/85728"}],"wp:attachment":[{"href":"https:\/\/esreviral.com\/index.php?rest_route=%2Fwp%2Fv2%2Fmedia&parent=85725"}],"wp:term":[{"taxonomy":"category","embeddable":true,"href":"https:\/\/esreviral.com\/index.php?rest_route=%2Fwp%2Fv2%2Fcategories&post=85725"},{"taxonomy":"post_tag","embeddable":true,"href":"https:\/\/esreviral.com\/index.php?rest_route=%2Fwp%2Fv2%2Ftags&post=85725"}],"curies":[{"name":"wp","href":"https:\/\/api.w.org\/{rel}","templated":true}]}}