{"id":85588,"date":"2025-12-30T07:37:46","date_gmt":"2025-12-30T12:37:46","guid":{"rendered":"https:\/\/esreviral.com\/?p=85588"},"modified":"2025-12-30T07:37:47","modified_gmt":"2025-12-30T12:37:47","slug":"hay-alerta-naranja-por-calor-extremo-en-caba-hasta-cuando-durara","status":"publish","type":"post","link":"https:\/\/esreviral.com\/?p=85588","title":{"rendered":"Hay alerta naranja por calor extremo en CABA: hasta cu\u00e1ndo durar\u00e1"},"content":{"rendered":"\n<p>El Servicio Meteorol\u00f3gico Nacional (SMN) inform\u00f3 el pron\u00f3stico para los pr\u00f3ximos d\u00edas en la Ciudad de Buenos Aires, donde se esperan temperaturas extremas que podr\u00edan alcanzar los <strong>39\u00b0<\/strong>, aunque con probabilidad de lluvias hacia el <strong>31 de diciembre<\/strong>.<\/p>\n\n\n\n<p class=\"has-text-align-center\"><strong><a href=\"https:\/\/chat.whatsapp.com\/KWkTmakY3I05kNdd2oZl6d\"><em>\u00daNETE A NUESTRO GRUPO DE WHATSAPP PARA ESTAR INFORMADO<\/em><\/a><\/strong><\/p>\n\n\n\n<h3 class=\"wp-block-heading\"><strong><mark style=\"background-color:rgba(0, 0, 0, 0)\" class=\"has-inline-color has-vivid-red-color\">Alerta naranja por calor extremo<\/mark><\/strong><\/h3>\n\n\n\n<p>Para este lunes rige una <strong>alerta naranja<\/strong> por temperaturas extremas, con una m\u00e1xima estimada de <strong>37\u00b0<\/strong>. Este nivel de alerta implica un efecto <strong>moderado a alto en la salud<\/strong>, especialmente para los grupos de riesgo como ni\u00f1as y ni\u00f1os, personas mayores de 65 a\u00f1os y quienes padecen enfermedades cr\u00f3nicas.<\/p>\n\n\n\n<p>Adem\u00e1s, el SMN mantiene una <strong>alerta amarilla<\/strong> por altas temperaturas en distintas regiones del pa\u00eds:<\/p>\n\n\n\n<ul class=\"wp-block-list\">\n<li><strong>Buenos Aires:<\/strong> centro y noroeste<\/li>\n\n\n\n<li><strong>La Pampa:<\/strong> centro y este<\/li>\n\n\n\n<li><strong>Neuqu\u00e9n:<\/strong> zona noroeste<\/li>\n\n\n\n<li><strong>Mendoza:<\/strong> sureste<\/li>\n\n\n\n<li><strong>C\u00f3rdoba:<\/strong> sur, centro y noreste<\/li>\n\n\n\n<li><strong>Entre R\u00edos:<\/strong> sureste, centro y oeste<\/li>\n<\/ul>\n\n\n\n<p><\/p>\n\n\n\n<p>Estas condiciones pueden resultar peligrosas, sobre todo para los sectores m\u00e1s vulnerables.<\/p>\n\n\n\n<h3 class=\"wp-block-heading\"><strong><mark style=\"background-color:rgba(0, 0, 0, 0)\" class=\"has-inline-color has-vivid-red-color\">Ola de calor en Buenos Aires: c\u00f3mo estar\u00e1 el clima en A\u00f1o Nuevo<\/mark><\/strong><\/h3>\n\n\n\n<p>El meteor\u00f3logo de TN, <strong>Mat\u00edas Bertolotti<\/strong>, anticip\u00f3 que el martes 31 de diciembre ser\u00e1 una jornada sofocante, con una <strong>m\u00ednima de 27\u00b0 y una m\u00e1xima de 39\u00b0<\/strong>.<\/p>\n\n\n\n<p><strong><em>\u201cDurante la tarde podr\u00edan activarse tormentas aisladas. Entre las 16 y las 21 horas podr\u00edan afectar de forma dispersa a la Ciudad y al Gran Buenos Aires<\/em><\/strong>\u201d, explic\u00f3.<\/p>\n\n\n\n<p>Adem\u00e1s, indic\u00f3 que <strong>hacia la hora del brindis ingresar\u00e1 un frente fr\u00edo<\/strong>, lo que traer\u00e1 algo de alivio t\u00e9rmico. \u201cEl primer d\u00eda del a\u00f1o ser\u00e1 m\u00e1s tranquilo, con una m\u00ednima de 21\u00b0 y una m\u00e1xima de 31\u00b0, y cielo parcialmente nublado\u201d, agreg\u00f3.<\/p>\n\n\n\n<p class=\"has-text-align-center\"><em><strong><em><strong><em><strong><em><strong><a href=\"https:\/\/t.me\/esreviral\">\u00daNETE A NUESTRO CANAL DE TELEGRAM PARA ESTAR INFORMADO<\/a><\/strong><\/em><\/strong><\/em><\/strong><\/em><\/strong><\/em><\/p>\n\n\n\n<h3 class=\"wp-block-heading\"><strong><mark style=\"background-color:rgba(0, 0, 0, 0)\" class=\"has-inline-color has-vivid-red-color\">Pron\u00f3stico extendido<\/mark><\/strong><\/h3>\n\n\n\n<ul class=\"wp-block-list\">\n<li><strong>Jueves 1 de enero:<\/strong> m\u00ednima de 21\u00b0 y m\u00e1xima de 31\u00b0, con nubosidad variable.<\/li>\n\n\n\n<li><strong>Viernes 2 de enero:<\/strong> m\u00ednima de 18\u00b0 y m\u00e1xima de 28\u00b0. Se esperan chaparrones aislados y una jornada m\u00e1s fresca.<\/li>\n\n\n\n<li><strong>S\u00e1bado 3 de enero:<\/strong> cielo mayormente despejado, con m\u00ednima de 17\u00b0 y m\u00e1xima de 26\u00b0.<\/li>\n<\/ul>\n\n\n\n<p><\/p>\n\n\n\n<p class=\"has-text-align-center\"><strong><em><mark style=\"background-color:rgba(0, 0, 0, 0)\" class=\"has-inline-color has-vivid-red-color\"><a href=\"https:\/\/esreviral.com\/?p=85569\" data-type=\"link\" data-id=\"https:\/\/esreviral.com\/?p=85569\">Lea Tambi\u00e9n: Recomendaciones ante alerta meteorol\u00f3gico naranja<\/a><\/mark><\/em><\/strong><\/p>\n\n\n\n<p class=\"has-text-align-right\"><em><strong>Con Informaci\u00f3n de TN.-<\/strong><\/em><\/p>\n","protected":false},"excerpt":{"rendered":"<p>Conoce qu\u00e9 pasar\u00e1 con las temperaturas este martes 30 de diciembre y el resto de la semana.<\/p>\n","protected":false},"author":3,"featured_media":85589,"comment_status":"closed","ping_status":"closed","sticky":false,"template":"","format":"standard","meta":{"jnews-multi-image_gallery":[],"jnews_single_post":{"format":"standard"},"jnews_primary_category":[],"jnews_social_meta":[],"jnews_review":[],"enable_review":"","type":"","name":"","summary":"","brand":"","sku":"","good":[],"bad":[],"score_override":"","override_value":"","rating":[],"price":[],"jnews_override_counter":[],"jnews_post_split":[],"footnotes":""},"categories":[58],"tags":[3839,44,1016,45,1261,6655,1884],"class_list":["post-85588","post","type-post","status-publish","format-standard","has-post-thumbnail","hentry","category-argentina","tag-alerta-naranja","tag-argentina","tag-clima","tag-noticias","tag-ola-de-calor","tag-pronostico-del-tiempo-3","tag-tormentas"],"amp_enabled":true,"_links":{"self":[{"href":"https:\/\/esreviral.com\/index.php?rest_route=\/wp\/v2\/posts\/85588"}],"collection":[{"href":"https:\/\/esreviral.com\/index.php?rest_route=\/wp\/v2\/posts"}],"about":[{"href":"https:\/\/esreviral.com\/index.php?rest_route=\/wp\/v2\/types\/post"}],"author":[{"embeddable":true,"href":"https:\/\/esreviral.com\/index.php?rest_route=\/wp\/v2\/users\/3"}],"replies":[{"embeddable":true,"href":"https:\/\/esreviral.com\/index.php?rest_route=%2Fwp%2Fv2%2Fcomments&post=85588"}],"version-history":[{"count":1,"href":"https:\/\/esreviral.com\/index.php?rest_route=\/wp\/v2\/posts\/85588\/revisions"}],"predecessor-version":[{"id":85590,"href":"https:\/\/esreviral.com\/index.php?rest_route=\/wp\/v2\/posts\/85588\/revisions\/85590"}],"wp:featuredmedia":[{"embeddable":true,"href":"https:\/\/esreviral.com\/index.php?rest_route=\/wp\/v2\/media\/85589"}],"wp:attachment":[{"href":"https:\/\/esreviral.com\/index.php?rest_route=%2Fwp%2Fv2%2Fmedia&parent=85588"}],"wp:term":[{"taxonomy":"category","embeddable":true,"href":"https:\/\/esreviral.com\/index.php?rest_route=%2Fwp%2Fv2%2Fcategories&post=85588"},{"taxonomy":"post_tag","embeddable":true,"href":"https:\/\/esreviral.com\/index.php?rest_route=%2Fwp%2Fv2%2Ftags&post=85588"}],"curies":[{"name":"wp","href":"https:\/\/api.w.org\/{rel}","templated":true}]}}