{"id":85582,"date":"2025-12-30T07:04:33","date_gmt":"2025-12-30T12:04:33","guid":{"rendered":"https:\/\/esreviral.com\/?p=85582"},"modified":"2025-12-30T07:04:34","modified_gmt":"2025-12-30T12:04:34","slug":"diario-italiano-reconocio-a-maria-corina-machado-como-una-de-las-mujeres-que-marcaron-huella-en-2025","status":"publish","type":"post","link":"https:\/\/esreviral.com\/?p=85582","title":{"rendered":"Diario italiano reconoci\u00f3 a Mar\u00eda Corina Machado como una de las mujeres que marcaron huella en 2025"},"content":{"rendered":"\n<p>La l\u00edder democr\u00e1tica venezolana y ganadora del Premio Nobel de Paz, <strong>Mar\u00eda Corina Machado<\/strong>, fue distinguida en las \u00faltimas horas como una de las mujeres que dejaron huella en 2025.<\/p>\n\n\n\n<p class=\"has-text-align-center\"><strong><a href=\"https:\/\/chat.whatsapp.com\/KWkTmakY3I05kNdd2oZl6d\"><em>\u00daNETE A NUESTRO GRUPO DE WHATSAPP PARA ESTAR INFORMADO<\/em><\/a><\/strong><\/p>\n\n\n\n<p>Machado fue reconocida por el diario italiano <em>Corriere della Sera<\/em> por su incansable labor en favor del cambio democr\u00e1tico en Venezuela. La publicaci\u00f3n destac\u00f3 su liderazgo y compromiso, y la defini\u00f3 como <strong><em>\u201cel rostro de la esperanza para un pueblo que anhela libertad y justicia\u201d<\/em><\/strong>.<\/p>\n\n\n\n<p>El reconocimiento llega d\u00edas despu\u00e9s de su salida de Venezuela, tras haber permanecido en la clandestinidad luego de las elecciones del 28 de julio de 2024, cuando las autoridades desconocieron el triunfo del candidato opositor Edmundo Gonz\u00e1lez.<\/p>\n\n\n\n<p>El pasado 10 de diciembre, la dirigente logr\u00f3 llegar a Oslo para recibir el Premio Nobel de la Paz, en reconocimiento a su lucha por la democracia y los derechos fundamentales del pueblo venezolano.<\/p>\n\n\n\n<p>En el listado elaborado por el diario milan\u00e9s tambi\u00e9n figuran destacadas personalidades de la vida p\u00fablica italiana, as\u00ed como artistas internacionales como Dua Lipa y Rosal\u00eda. Adem\u00e1s, aparecen l\u00edderes pol\u00edticas como Ursula von der Leyen, presidenta de la Comisi\u00f3n Europea, y Roberta Metsola, presidenta del Parlamento Europeo.<\/p>\n\n\n\n<p class=\"has-text-align-center\"><em><strong><em><strong><em><strong><em><strong><a href=\"https:\/\/t.me\/esreviral\">\u00daNETE A NUESTRO CANAL DE TELEGRAM PARA ESTAR INFORMADO<\/a><\/strong><\/em><\/strong><\/em><\/strong><\/em><\/strong><\/em><\/p>\n\n\n\n<p>Este nuevo reconocimiento se suma a una serie de distinciones recibidas recientemente por Machado, en reconocimiento a su firme labor en favor de la libertad y la democracia en Venezuela.<\/p>\n\n\n\n<p class=\"has-text-align-right\"><strong><em>Con Informaci\u00f3n de ntn24.com.-<\/em><\/strong><\/p>\n","protected":false},"excerpt":{"rendered":"<p>La l\u00edder democr\u00e1tica fue elogiada por el reconocido diario milan\u00e9s por su labor en contra del r\u00e9gimen de Nicol\u00e1s Maduro. y a favor del pueblo venezolano.<\/p>\n","protected":false},"author":3,"featured_media":85583,"comment_status":"closed","ping_status":"closed","sticky":false,"template":"","format":"standard","meta":{"jnews-multi-image_gallery":[],"jnews_single_post":{"format":"standard"},"jnews_primary_category":[],"jnews_social_meta":[],"jnews_review":[],"enable_review":"","type":"","name":"","summary":"","brand":"","sku":"","good":[],"bad":[],"score_override":"","override_value":"","rating":[],"price":[],"jnews_override_counter":[],"jnews_post_split":[],"footnotes":""},"categories":[59],"tags":[3265,45,2632,36672,4512,56],"class_list":["post-85582","post","type-post","status-publish","format-standard","has-post-thumbnail","hentry","category-politica","tag-maria-corina-machado-2","tag-noticias","tag-premio","tag-premio-nobel-de-la-paz","tag-reconocimiento","tag-venezuela"],"_links":{"self":[{"href":"https:\/\/esreviral.com\/index.php?rest_route=\/wp\/v2\/posts\/85582","targetHints":{"allow":["GET"]}}],"collection":[{"href":"https:\/\/esreviral.com\/index.php?rest_route=\/wp\/v2\/posts"}],"about":[{"href":"https:\/\/esreviral.com\/index.php?rest_route=\/wp\/v2\/types\/post"}],"author":[{"embeddable":true,"href":"https:\/\/esreviral.com\/index.php?rest_route=\/wp\/v2\/users\/3"}],"replies":[{"embeddable":true,"href":"https:\/\/esreviral.com\/index.php?rest_route=%2Fwp%2Fv2%2Fcomments&post=85582"}],"version-history":[{"count":1,"href":"https:\/\/esreviral.com\/index.php?rest_route=\/wp\/v2\/posts\/85582\/revisions"}],"predecessor-version":[{"id":85584,"href":"https:\/\/esreviral.com\/index.php?rest_route=\/wp\/v2\/posts\/85582\/revisions\/85584"}],"wp:featuredmedia":[{"embeddable":true,"href":"https:\/\/esreviral.com\/index.php?rest_route=\/wp\/v2\/media\/85583"}],"wp:attachment":[{"href":"https:\/\/esreviral.com\/index.php?rest_route=%2Fwp%2Fv2%2Fmedia&parent=85582"}],"wp:term":[{"taxonomy":"category","embeddable":true,"href":"https:\/\/esreviral.com\/index.php?rest_route=%2Fwp%2Fv2%2Fcategories&post=85582"},{"taxonomy":"post_tag","embeddable":true,"href":"https:\/\/esreviral.com\/index.php?rest_route=%2Fwp%2Fv2%2Ftags&post=85582"}],"curies":[{"name":"wp","href":"https:\/\/api.w.org\/{rel}","templated":true}]}}