{"id":85566,"date":"2025-12-29T14:33:21","date_gmt":"2025-12-29T19:33:21","guid":{"rendered":"https:\/\/esreviral.com\/?p=85566"},"modified":"2025-12-29T14:33:22","modified_gmt":"2025-12-29T19:33:22","slug":"asi-funcionan-los-refugios-climaticos-del-gobierno-porteno-para-hacerle-frente-al-calor","status":"publish","type":"post","link":"https:\/\/esreviral.com\/?p=85566","title":{"rendered":"As\u00ed funcionan los refugios clim\u00e1ticos del Gobierno porte\u00f1o para hacerle frente al calor"},"content":{"rendered":"\n<p>El Servicio Metereol\u00f3gico Nacional incluy\u00f3 a la Ciudad de Buenos Aires en el nivel naranja por temperaturas altas que podr\u00edan resultar peligrosas para las personas que integran el grupo de riesgo como chicos y mayores de 65 a\u00f1os. Para hacerle frente al calor, el Gobierno porte\u00f1o dispuso 82 refugios clim\u00e1ticos abiertos al p\u00fablico, confortables y frescos donde los vecinos y visitantes pueden protegerse, descansar y continuar con sus actividades.<\/p>\n\n\n\n<p>Como en la Usina del Arte (Caffarena 1) o el Museo de Arte Popular Jos\u00e9 Hern\u00e1ndez (Av. del Libertador 2373), l<strong>os refugios clim\u00e1ticos se instalan en escuelas, bibliotecas y centros culturales con aire acondicionado o que naturalmente presentan temperaturas m\u00e1s confortables que en el exterior. <\/strong>Tambi\u00e9n hay refugios al aire libre que tienen sombra y una elevada presencia de vegetaci\u00f3n urbana, como el Jard\u00edn Bot\u00e1nico Carlos Thays (Av. Santa Fe 3951) o el Ecoparque (Av. Sarmiento 2601), ideales para refrescarse.<\/p>\n\n\n\n<p>El mapa de todos los refugios puede chequearse ac\u00e1:\u00a0<a href=\"https:\/\/buenosaires.gob.ar\/adaptacion\/red-de-refugios-climaticos-de-la-ciudad-de-buenos-aires\" target=\"_blank\" rel=\"noreferrer noopener\">https:\/\/buenosaires.gob.ar\/adaptacion\/red-de-refugios-climaticos-de-la-ciudad-de-buenos-aires<\/a>\u00a0O a trav\u00e9s de Boti, el chat de la Ciudad:\u00a0<strong>11-5050-0147<\/strong>.<\/p>\n\n\n\n<p>El programa porte\u00f1o de refugios clim\u00e1ticos funciona desde hace dos a\u00f1os y el primer sitio que la Ciudad eligi\u00f3 para hacerle frente al calor fue el Jard\u00edn Bot\u00e1nico. Luego se sumaron el Centro Cultural San Mart\u00edn y los museos Larreta y el de Arte Moderno, entre muchos otros, y hoy ya son 82 los refugios clim\u00e1ticos que vecinos y visitantes usan para protegerse del calor.<\/p>\n\n\n\n<p>Si bien son lugares de descanso, no brindan asistencia m\u00e9dica, por lo que, en caso de que una persona sienta s\u00edntomas como mareos, dolor de cabeza, deshidrataci\u00f3n, n\u00e1useas o malestar general, se recomienda acudir al centro de salud m\u00e1s cercano o pedir asistencia m\u00e9dica inmediata llamando al SAME (107).<\/p>\n\n\n\n<p>Ante el alerta por altas temperaturas, la Ciudad reforz\u00f3 todos los equipos de emergencias como SAME, &nbsp;Bomberos y Defensa Civil para reducir riesgos y asistir a los vecinos. Habr\u00e1 tambi\u00e9n guardias preventivas por cortes de suministro el\u00e9ctrico en puntos cr\u00edticos mediante el uso de generadores propios.<\/p>\n\n\n\n<p><mark style=\"background-color:rgba(0, 0, 0, 0)\" class=\"has-inline-color has-vivid-red-color\"><strong>Qu\u00e9 hacer frente a las altas temperaturas<\/strong>:<\/mark><\/p>\n\n\n\n<p><img decoding=\"async\" alt=\"\u25aa\ufe0f\" src=\"https:\/\/fonts.gstatic.com\/s\/e\/notoemoji\/16.0\/25aa_fe0f\/72.png\">Hidratarse con frecuencia, incluso antes de sentir sed.<\/p>\n\n\n\n<p><img decoding=\"async\" alt=\"\u25aa\ufe0f\" src=\"https:\/\/fonts.gstatic.com\/s\/e\/notoemoji\/16.0\/25aa_fe0f\/72.png\">Evitar la exposici\u00f3n al sol entre las 10 y las 17, el momento de mayor intensidad t\u00e9rmica.<\/p>\n\n\n\n<p><img decoding=\"async\" alt=\"\u25aa\ufe0f\" src=\"https:\/\/fonts.gstatic.com\/s\/e\/notoemoji\/16.0\/25aa_fe0f\/72.png\">Usar ropa liviana y de colores claros, que permita una mejor ventilaci\u00f3n del cuerpo.<\/p>\n\n\n\n<p><img decoding=\"async\" alt=\"\u25aa\ufe0f\" src=\"https:\/\/fonts.gstatic.com\/s\/e\/notoemoji\/16.0\/25aa_fe0f\/72.png\">Priorizar alimentos frescos, como frutas y verduras, y evitar comidas pesadas.<\/p>\n\n\n\n<p><img decoding=\"async\" alt=\"\u25aa\ufe0f\" src=\"https:\/\/fonts.gstatic.com\/s\/e\/notoemoji\/16.0\/25aa_fe0f\/72.png\">Permanecer en espacios frescos o con sombra, y hacer pausas si se realizan actividades al aire libre.<\/p>\n\n\n\n<p><img decoding=\"async\" alt=\"\u25aa\ufe0f\" src=\"https:\/\/fonts.gstatic.com\/s\/e\/notoemoji\/16.0\/25aa_fe0f\/72.png\">Realizar actividad f\u00edsica temprano a la ma\u00f1ana o hacia la tarde cuando el calor disminuye.<\/p>\n","protected":false},"excerpt":{"rendered":"<p>El Servicio Metereol\u00f3gico Nacional incluy\u00f3 a la Ciudad de Buenos Aires en el nivel naranja por temperaturas altas que podr\u00edan resultar peligrosas para las personas que integran el grupo de riesgo como chicos y mayores de 65 a\u00f1os. Para hacerle frente al calor, el Gobierno porte\u00f1o dispuso 82 refugios clim\u00e1ticos abiertos al p\u00fablico, confortables y [&hellip;]<\/p>\n","protected":false},"author":2,"featured_media":32828,"comment_status":"closed","ping_status":"closed","sticky":false,"template":"","format":"standard","meta":{"jnews-multi-image_gallery":[],"jnews_single_post":{"format":"standard"},"jnews_primary_category":[],"jnews_social_meta":[],"jnews_review":[],"enable_review":"","type":"","name":"","summary":"","brand":"","sku":"","good":[],"bad":[],"score_override":"","override_value":"","rating":[],"price":[],"jnews_override_counter":[],"jnews_post_split":[],"footnotes":""},"categories":[58],"tags":[1228,519,45,122],"class_list":["post-85566","post","type-post","status-publish","format-standard","has-post-thumbnail","hentry","category-argentina","tag-alerta-amarilla","tag-calor","tag-noticias","tag-verano"],"amp_enabled":true,"_links":{"self":[{"href":"https:\/\/esreviral.com\/index.php?rest_route=\/wp\/v2\/posts\/85566"}],"collection":[{"href":"https:\/\/esreviral.com\/index.php?rest_route=\/wp\/v2\/posts"}],"about":[{"href":"https:\/\/esreviral.com\/index.php?rest_route=\/wp\/v2\/types\/post"}],"author":[{"embeddable":true,"href":"https:\/\/esreviral.com\/index.php?rest_route=\/wp\/v2\/users\/2"}],"replies":[{"embeddable":true,"href":"https:\/\/esreviral.com\/index.php?rest_route=%2Fwp%2Fv2%2Fcomments&post=85566"}],"version-history":[{"count":1,"href":"https:\/\/esreviral.com\/index.php?rest_route=\/wp\/v2\/posts\/85566\/revisions"}],"predecessor-version":[{"id":85568,"href":"https:\/\/esreviral.com\/index.php?rest_route=\/wp\/v2\/posts\/85566\/revisions\/85568"}],"wp:featuredmedia":[{"embeddable":true,"href":"https:\/\/esreviral.com\/index.php?rest_route=\/wp\/v2\/media\/32828"}],"wp:attachment":[{"href":"https:\/\/esreviral.com\/index.php?rest_route=%2Fwp%2Fv2%2Fmedia&parent=85566"}],"wp:term":[{"taxonomy":"category","embeddable":true,"href":"https:\/\/esreviral.com\/index.php?rest_route=%2Fwp%2Fv2%2Fcategories&post=85566"},{"taxonomy":"post_tag","embeddable":true,"href":"https:\/\/esreviral.com\/index.php?rest_route=%2Fwp%2Fv2%2Ftags&post=85566"}],"curies":[{"name":"wp","href":"https:\/\/api.w.org\/{rel}","templated":true}]}}