{"id":85522,"date":"2025-12-29T08:12:30","date_gmt":"2025-12-29T13:12:30","guid":{"rendered":"https:\/\/esreviral.com\/?p=85522"},"modified":"2025-12-29T08:35:25","modified_gmt":"2025-12-29T13:35:25","slug":"cuales-fueron-las-peliculas-mas-premiadas-de-2025","status":"publish","type":"post","link":"https:\/\/esreviral.com\/?p=85522","title":{"rendered":"\u00bfCu\u00e1les fueron las pel\u00edculas m\u00e1s premiadas de 2025?"},"content":{"rendered":"\n<p>La temporada de premios 2025 marc\u00f3 un punto de inflexi\u00f3n en la industria cinematogr\u00e1fica al destacar propuestas audaces, narrativas diversas y miradas profundas sobre la condici\u00f3n humana. Desde s\u00e1tiras sociales hasta grandes epopeyas visuales, las diez pel\u00edculas m\u00e1s galardonadas del a\u00f1o \u2014reconocidas en los premios Oscar, Globos de Oro, BAFTA, Critics Choice y festivales internacionales\u2014 definieron el pulso creativo del cine contempor\u00e1neo.<\/p>\n\n\n\n<p class=\"has-text-align-center\"><strong><a href=\"https:\/\/chat.whatsapp.com\/KWkTmakY3I05kNdd2oZl6d\"><em>\u00daNETE A NUESTRO GRUPO DE WHATSAPP PARA ESTAR INFORMADO<\/em><\/a><\/strong><\/p>\n\n\n\n<h3 class=\"wp-block-heading\"><strong><mark style=\"background-color:rgba(0, 0, 0, 0)\" class=\"has-inline-color has-vivid-red-color\">Anora<\/mark><\/strong><\/h3>\n\n\n\n<figure class=\"wp-block-image size-large\"><img decoding=\"async\" src=\"https:\/\/eldiario.com\/wp-content\/uploads\/2025\/12\/Screenshot-2025-12-15-at-13.00.59-1200x800.png\" alt=\"\"\/><\/figure>\n\n\n\n<p><\/p>\n\n\n\n<p>La comedia negra dirigida por <strong>Sean Baker<\/strong> se consolid\u00f3 como una de las grandes triunfadoras del a\u00f1o. La historia sigue a <strong>Anora \u201cAni\u201d Mikheeva<\/strong> (Mikey Madison), una joven trabajadora sexual de Brooklyn que se casa impulsivamente con <strong>Ivan \u201cVanya\u201d Z.<\/strong> (Mark Eydelshteyn), el hijo adolescente de un poderoso oligarca ruso.<\/p>\n\n\n\n<p>La trama se transforma en una vertiginosa persecuci\u00f3n cuando los padres del joven \u2014interpretados por <strong>Yuriy Borisov<\/strong> y <strong>Aleksei Serebryakov<\/strong>\u2014 intentan forzar la anulaci\u00f3n del matrimonio.<\/p>\n\n\n\n<p>La pel\u00edcula consagr\u00f3 a Baker como una de las voces m\u00e1s s\u00f3lidas del cine independiente, al obtener la <strong>Palma de Oro en Cannes<\/strong> y el <strong>Oscar a Mejor Pel\u00edcula<\/strong>.<\/p>\n\n\n\n<p><strong>Galardones:<\/strong> cinco premios Oscar (Mejor Pel\u00edcula, Direcci\u00f3n, Actriz, Guion Original y Montaje), Palma de Oro y Critics Choice a Mejor Pel\u00edcula.<\/p>\n\n\n\n<h3 class=\"wp-block-heading\"><strong><mark style=\"background-color:rgba(0, 0, 0, 0)\" class=\"has-inline-color has-vivid-red-color\">The Brutalist<\/mark><\/strong><\/h3>\n\n\n\n<figure class=\"wp-block-image size-large\"><img decoding=\"async\" src=\"https:\/\/eldiario.com\/wp-content\/uploads\/2025\/12\/Screenshot-2025-12-15-at-13.03.00-1200x716.png\" alt=\"\"\/><\/figure>\n\n\n\n<p><\/p>\n\n\n\n<p>Dirigida por <strong>Brady Corbet<\/strong>, esta producci\u00f3n de \u00e9poca se sit\u00faa en la Filadelfia de 1947 y narra la historia de <strong>L\u00e1szl\u00f3 T\u00f3th<\/strong> (Adrien Brody), un arquitecto jud\u00edo-h\u00fangaro sobreviviente del Holocausto que intenta reconstruir su vida junto a su esposa Erzs\u00e9bet (Felicity Jones).<\/p>\n\n\n\n<p>Su destino cambia al aceptar un misterioso encargo del influyente y manipulador coleccionista de arte <strong>Harrison Lee Van Buren<\/strong> (Guy Pearce).<\/p>\n\n\n\n<p>La pel\u00edcula domin\u00f3 las categor\u00edas interpretativas, consagrando a Brody con el Oscar a Mejor Actor.<\/p>\n\n\n\n<p><strong>Galardones:<\/strong> tres premios Oscar (Actor, Fotograf\u00eda y Banda Sonora) y tres Globos de Oro (Pel\u00edcula Dram\u00e1tica, Actor y Banda Sonora).<\/p>\n\n\n\n<h3 class=\"wp-block-heading\"><strong><mark style=\"background-color:rgba(0, 0, 0, 0)\" class=\"has-inline-color has-vivid-red-color\">A\u00fan estoy aqu\u00ed<\/mark><\/strong><\/h3>\n\n\n<div class=\"wp-block-image\">\n<figure class=\"aligncenter size-large\"><img decoding=\"async\" src=\"https:\/\/eldiario.com\/wp-content\/uploads\/2025\/12\/Screenshot-2025-12-15-at-13.06.31-768x510.png\" alt=\"\"\/><\/figure><\/div>\n\n\n<p><\/p>\n\n\n\n<p>El cine brasile\u00f1o alcanz\u00f3 un hito con esta producci\u00f3n dirigida por <strong>Walter Salles<\/strong>, que obtuvo el <strong>Oscar a Mejor Pel\u00edcula Internacional<\/strong> y el <strong>Premio Goya<\/strong>.<\/p>\n\n\n\n<p>La historia retrata la vida de <strong>Eunice Paiva<\/strong> (Fernanda Torres), cuya existencia cambia dr\u00e1sticamente tras la detenci\u00f3n, tortura y desaparici\u00f3n de su esposo, el pol\u00edtico Rubens Paiva, durante la dictadura militar brasile\u00f1a de los a\u00f1os setenta.<\/p>\n\n\n\n<p><strong>Premios destacados:<\/strong> Oscar a Mejor Pel\u00edcula Internacional y Goya a Mejor Pel\u00edcula Iberoamericana.<\/p>\n\n\n\n<h2 class=\"wp-block-heading\"><strong><mark style=\"background-color:rgba(0, 0, 0, 0)\" class=\"has-inline-color has-vivid-red-color\">Vencedoras de la cr\u00edtica<\/mark><\/strong><\/h2>\n\n\n<div class=\"wp-block-image\">\n<figure class=\"aligncenter size-large\"><img decoding=\"async\" src=\"https:\/\/eldiario.com\/wp-content\/uploads\/2025\/12\/Screenshot-2025-12-15-at-13.12.28-768x528.png\" alt=\"\"\/><\/figure><\/div>\n\n\n<h3 class=\"wp-block-heading\"><strong><mark style=\"background-color:rgba(0, 0, 0, 0)\" class=\"has-inline-color has-vivid-red-color\">Emilia P\u00e9rez<\/mark><\/strong><\/h3>\n\n\n\n<p>Este musical en espa\u00f1ol, dirigido por <strong>Jacques Audiard<\/strong>, sigue a una abogada subestimada que acepta ayudar a un poderoso narcotraficante mexicano a someterse a una cirug\u00eda de reasignaci\u00f3n de g\u00e9nero para convertirse en la mujer que siempre so\u00f1\u00f3 ser.<\/p>\n\n\n\n<p>Protagonizada por <strong>Karla Sof\u00eda Gasc\u00f3n, Zoe Salda\u00f1a y Selena Gomez<\/strong>, la pel\u00edcula se convirti\u00f3 en un fen\u00f3meno internacional.<\/p>\n\n\n\n<p><strong>Galardones:<\/strong> siete premios C\u00e9sar, Premio del Jurado en Cannes y Oscar a Mejor Actriz de Reparto.<\/p>\n\n\n\n<h3 class=\"wp-block-heading\"><strong><mark style=\"background-color:rgba(0, 0, 0, 0)\" class=\"has-inline-color has-vivid-red-color\">C\u00f3nclave<\/mark><\/strong><\/h3>\n\n\n<div class=\"wp-block-image\">\n<figure class=\"aligncenter size-large\"><img decoding=\"async\" src=\"https:\/\/eldiario.com\/wp-content\/uploads\/2025\/12\/Screenshot-2025-12-15-at-13.13.11-768x523.png\" alt=\"\"\/><\/figure><\/div>\n\n\n<p><\/p>\n\n\n\n<p>Un thriller ambientado en el Vaticano durante la elecci\u00f3n de un nuevo papa. El cardenal Lawrence (Ralph Fiennes) lidera el proceso mientras salen a la luz secretos que amenazan con sacudir los cimientos de la Iglesia.<\/p>\n\n\n\n<p><strong>Galardones:<\/strong> Oscar a Mejor Guion Adaptado, dos premios BAFTA (Pel\u00edcula Brit\u00e1nica y Guion Adaptado) y Critics Choice al Mejor Guion Adaptado.<\/p>\n\n\n\n<h3 class=\"wp-block-heading\"><strong><mark style=\"background-color:rgba(0, 0, 0, 0)\" class=\"has-inline-color has-vivid-red-color\">Wicked<\/mark><\/strong><\/h3>\n\n\n<div class=\"wp-block-image\">\n<figure class=\"aligncenter size-large\"><img decoding=\"async\" src=\"https:\/\/eldiario.com\/wp-content\/uploads\/2025\/12\/Screenshot-2025-12-15-at-13.14.22-768x480.png\" alt=\"\"\/><\/figure><\/div>\n\n\n<p><\/p>\n\n\n\n<p>Adaptaci\u00f3n cinematogr\u00e1fica del exitoso musical de Broadway, dirigida por <strong>Jon M. Chu<\/strong>. La historia explora la amistad entre <strong>Elphaba<\/strong> (Cynthia Erivo) y <strong>Glinda<\/strong> (Ariana Grande), antes de los sucesos de <em>El mago de Oz<\/em>.<\/p>\n\n\n\n<p><strong>Galardones:<\/strong> dos premios Oscar (Dise\u00f1o de Producci\u00f3n y Vestuario), dos BAFTA en las mismas categor\u00edas y un Globo de Oro al Logro Cinematogr\u00e1fico y de Taquilla.<\/p>\n\n\n\n<h3 class=\"wp-block-heading\"><strong><mark style=\"background-color:rgba(0, 0, 0, 0)\" class=\"has-inline-color has-vivid-red-color\">Un dolor real<\/mark><\/strong><\/h3>\n\n\n<div class=\"wp-block-image\">\n<figure class=\"aligncenter size-large\"><img decoding=\"async\" src=\"https:\/\/eldiario.com\/wp-content\/uploads\/2025\/12\/Screenshot-2025-12-15-at-13.15.15-768x491.png\" alt=\"\"\/><\/figure><\/div>\n\n\n<p><\/p>\n\n\n\n<p>Escrita y dirigida por <strong>Jesse Eisenberg<\/strong>, quien tambi\u00e9n act\u00faa junto a <strong>Kieran Culkin<\/strong>, la pel\u00edcula sigue a dos primos que viajan a Polonia tras la muerte de su abuela. El recorrido se convierte en una profunda reflexi\u00f3n sobre la identidad, la memoria y los v\u00ednculos familiares.<\/p>\n\n\n\n<p><strong>Galardones:<\/strong> Oscar y Globo de Oro a Mejor Actor de Reparto, y Gran Premio del Jurado en Sundance.<\/p>\n\n\n\n<h2 class=\"wp-block-heading\"><strong><mark style=\"background-color:rgba(0, 0, 0, 0)\" class=\"has-inline-color has-vivid-red-color\">Triunfos t\u00e9cnicos<\/mark><\/strong><\/h2>\n\n\n<div class=\"wp-block-image\">\n<figure class=\"aligncenter size-large\"><img decoding=\"async\" src=\"https:\/\/eldiario.com\/wp-content\/uploads\/2025\/12\/Screenshot-2025-12-15-at-13.16.01-768x521.png\" alt=\"\"\/><\/figure><\/div>\n\n\n<h3 class=\"wp-block-heading\"><strong><mark style=\"background-color:rgba(0, 0, 0, 0)\" class=\"has-inline-color has-vivid-red-color\">Dune: Parte Dos<\/mark><\/strong><\/h3>\n\n\n\n<p>Denis Villeneuve consolid\u00f3 su dominio del cine \u00e9pico con esta secuela que profundiza en el destino de <strong>Paul Atreides<\/strong> (Timoth\u00e9e Chalamet), dividido entre el amor y una profec\u00eda que podr\u00eda desatar una guerra intergal\u00e1ctica.<\/p>\n\n\n\n<p><strong>Galardones:<\/strong> dos premios Oscar (Efectos Visuales y Sonido) y dos BAFTA en las mismas categor\u00edas.<\/p>\n\n\n\n<h3 class=\"wp-block-heading\"><strong><mark style=\"background-color:rgba(0, 0, 0, 0)\" class=\"has-inline-color has-vivid-red-color\">La sustancia<\/mark><\/strong><\/h3>\n\n\n<div class=\"wp-block-image\">\n<figure class=\"aligncenter size-large\"><img decoding=\"async\" src=\"https:\/\/eldiario.com\/wp-content\/uploads\/2025\/12\/Screenshot-2025-12-15-at-13.16.55-768x518.png\" alt=\"\"\/><\/figure><\/div>\n\n\n<p><\/p>\n\n\n\n<p>Este filme de terror dirigido por <strong>Coralie Fargeat<\/strong> destac\u00f3 por su innovador uso de efectos pr\u00e1cticos y dise\u00f1o de criaturas.<\/p>\n\n\n\n<p>La historia sigue a <strong>Elizabeth Sparkle<\/strong> (Demi Moore), una estrella televisiva en decadencia que recurre a un misterioso suero para crear una versi\u00f3n m\u00e1s joven y perfecta de s\u00ed misma, interpretada por <strong>Margaret Qualley<\/strong>.<\/p>\n\n\n\n<p><strong>Galardones:<\/strong> Oscar a Mejor Maquillaje y Peluquer\u00eda y Premio al Mejor Guion en Cannes.<\/p>\n\n\n\n<h3 class=\"wp-block-heading\"><strong><mark style=\"background-color:rgba(0, 0, 0, 0)\" class=\"has-inline-color has-vivid-red-color\">Flow<\/mark><\/strong><\/h3>\n\n\n<div class=\"wp-block-image\">\n<figure class=\"aligncenter size-large\"><img decoding=\"async\" src=\"https:\/\/eldiario.com\/wp-content\/uploads\/2025\/12\/Screenshot-2025-12-15-at-13.17.57-768x505.png\" alt=\"\"\/><\/figure><\/div>\n\n\n<p><\/p>\n\n\n\n<p>Una producci\u00f3n europea de animaci\u00f3n que sorprendi\u00f3 al imponerse sobre los grandes estudios. Sin di\u00e1logos, la pel\u00edcula narra el viaje de un gato que, tras una inundaci\u00f3n, debe compartir una peque\u00f1a embarcaci\u00f3n con otros animales para sobrevivir.<\/p>\n\n\n\n<p><strong>Galardones:<\/strong> Oscar a Mejor Pel\u00edcula Animada.<\/p>\n\n\n\n<p class=\"has-text-align-center\"><em><strong><em><strong><em><strong><em><strong><a href=\"https:\/\/t.me\/esreviral\">\u00daNETE A NUESTRO CANAL DE TELEGRAM PARA ESTAR INFORMADO<\/a><\/strong><\/em><\/strong><\/em><\/strong><\/em><\/strong><\/em><\/p>\n\n\n\n<p class=\"has-text-align-center\"><strong><em><mark style=\"background-color:rgba(0, 0, 0, 0)\" class=\"has-inline-color has-vivid-red-color\"><a href=\"https:\/\/esreviral.com\/?p=85528\" data-type=\"link\" data-id=\"https:\/\/esreviral.com\/?p=85528\">Lea Tambi\u00e9n: Las series m\u00e1s esperadas de 2026: estrenos, regresos y grandes adaptaciones<\/a><\/mark><\/em><\/strong><\/p>\n\n\n\n<h3 class=\"wp-block-heading\"><strong><mark style=\"background-color:rgba(0, 0, 0, 0)\" class=\"has-inline-color has-vivid-red-color\">Un a\u00f1o que celebr\u00f3 la diversidad creativa<\/mark><\/strong><\/h3>\n\n\n\n<p>La temporada cinematogr\u00e1fica de 2025 confirm\u00f3 que el cine de autor, la innovaci\u00f3n narrativa y la excelencia t\u00e9cnica siguen marcando el rumbo de la industria. Las diez pel\u00edculas m\u00e1s premiadas del a\u00f1o demostraron que el riesgo creativo y la diversidad de miradas contin\u00faan siendo el motor del s\u00e9ptimo arte.<\/p>\n\n\n\n<p class=\"has-text-align-right\"><strong><em>Con Informaci\u00f3n de ElDiario.-<\/em><\/strong><\/p>\n","protected":false},"excerpt":{"rendered":"<p>Producciones como Anora, The Brutalist yEmilia P\u00e9rez lideraron el circuito internacional con galardones en el \u00d3scar, Cannes, Globos de Oro y BAFTA<\/p>\n","protected":false},"author":3,"featured_media":85523,"comment_status":"closed","ping_status":"closed","sticky":false,"template":"","format":"standard","meta":{"jnews-multi-image_gallery":[],"jnews_single_post":{"format":"standard"},"jnews_primary_category":[],"jnews_social_meta":[],"jnews_review":[],"enable_review":"","type":"","name":"","summary":"","brand":"","sku":"","good":[],"bad":[],"score_override":"","override_value":"","rating":[],"price":[],"jnews_override_counter":[],"jnews_post_split":[],"footnotes":""},"categories":[1069],"tags":[38675,96,97,38676],"class_list":["post-85522","post","type-post","status-publish","format-standard","has-post-thumbnail","hentry","category-cine-y-series","tag-critics-choice-awards","tag-hollywood","tag-peliculas-2","tag-peliculas-mas-premiadas"],"amp_enabled":true,"_links":{"self":[{"href":"https:\/\/esreviral.com\/index.php?rest_route=\/wp\/v2\/posts\/85522"}],"collection":[{"href":"https:\/\/esreviral.com\/index.php?rest_route=\/wp\/v2\/posts"}],"about":[{"href":"https:\/\/esreviral.com\/index.php?rest_route=\/wp\/v2\/types\/post"}],"author":[{"embeddable":true,"href":"https:\/\/esreviral.com\/index.php?rest_route=\/wp\/v2\/users\/3"}],"replies":[{"embeddable":true,"href":"https:\/\/esreviral.com\/index.php?rest_route=%2Fwp%2Fv2%2Fcomments&post=85522"}],"version-history":[{"count":2,"href":"https:\/\/esreviral.com\/index.php?rest_route=\/wp\/v2\/posts\/85522\/revisions"}],"predecessor-version":[{"id":85531,"href":"https:\/\/esreviral.com\/index.php?rest_route=\/wp\/v2\/posts\/85522\/revisions\/85531"}],"wp:featuredmedia":[{"embeddable":true,"href":"https:\/\/esreviral.com\/index.php?rest_route=\/wp\/v2\/media\/85523"}],"wp:attachment":[{"href":"https:\/\/esreviral.com\/index.php?rest_route=%2Fwp%2Fv2%2Fmedia&parent=85522"}],"wp:term":[{"taxonomy":"category","embeddable":true,"href":"https:\/\/esreviral.com\/index.php?rest_route=%2Fwp%2Fv2%2Fcategories&post=85522"},{"taxonomy":"post_tag","embeddable":true,"href":"https:\/\/esreviral.com\/index.php?rest_route=%2Fwp%2Fv2%2Ftags&post=85522"}],"curies":[{"name":"wp","href":"https:\/\/api.w.org\/{rel}","templated":true}]}}