{"id":85475,"date":"2025-12-26T09:41:15","date_gmt":"2025-12-26T14:41:15","guid":{"rendered":"https:\/\/esreviral.com\/?p=85475"},"modified":"2025-12-26T09:45:21","modified_gmt":"2025-12-26T14:45:21","slug":"hay-alerta-por-una-ola-de-calor-en-buenos-aires-cuando-empezara-y-cuantos-dias-durara","status":"publish","type":"post","link":"https:\/\/esreviral.com\/?p=85475","title":{"rendered":"Hay alerta por una ola de calor en Buenos Aires: cu\u00e1ndo empezar\u00e1 y cu\u00e1ntos d\u00edas durar\u00e1"},"content":{"rendered":"\n<p>El Servicio Meteorol\u00f3gico Nacional (SMN) dio a conocer el pron\u00f3stico del tiempo y advirti\u00f3 sobre la llegada de una <strong>nueva ola de calor<\/strong> antes de que finalice 2025. Seg\u00fan los especialistas, el fen\u00f3meno comenzar\u00e1 el <strong>lunes 29 de diciembre<\/strong> y se extender\u00e1, al menos, hasta el <strong>mi\u00e9rcoles 31<\/strong>.<\/p>\n\n\n\n<h3 class=\"wp-block-heading\"><strong><mark style=\"background-color:rgba(0, 0, 0, 0)\" class=\"has-inline-color has-vivid-red-color\">Ola de calor en Buenos Aires: cu\u00e1ndo empieza<\/mark><\/strong><\/h3>\n\n\n\n<p>Para el <strong>lunes 29<\/strong>, se espera una temperatura m\u00ednima de <strong>24\u00b0<\/strong> y una m\u00e1xima de <strong>34\u00b0<\/strong>, con cielo algo a mayormente nublado hacia la tarde y la noche. Durante la ma\u00f1ana, los vientos soplar\u00e1n del oeste a velocidades de entre 7 y 12 km\/h, mientras que por la tarde y la noche rotar\u00e1n al este, con intensidades de entre 13 y 22 km\/h.<\/p>\n\n\n\n<p class=\"has-text-align-center\"><strong><a href=\"https:\/\/chat.whatsapp.com\/KWkTmakY3I05kNdd2oZl6d\"><em>\u00daNETE A NUESTRO GRUPO DE WHATSAPP PARA ESTAR INFORMADO<\/em><\/a><\/strong><\/p>\n\n\n\n<figure class=\"wp-block-image size-large\"><img decoding=\"async\" src=\"https:\/\/tn.com.ar\/resizer\/v2\/como-va-a-seguir-el-tiempo-en-buenos-aires-foto-smn-GA3TZDBTLJF5LOZOUTD2BPJWWU.JPG?auth=7c424c3e4e1b1f511fbb2439e6de1236b115afd29ed0f020b20541480e88e7ab&amp;width=1440\" alt=\"\"\/><figcaption class=\"wp-element-caption\">C\u00f3mo va a seguir el tiempo en Buenos Aires.<\/figcaption><\/figure>\n\n\n\n<p><\/p>\n\n\n\n<p>El <strong>martes 30<\/strong>, la temperatura m\u00ednima ser\u00e1 de <strong>24\u00b0<\/strong> y la m\u00e1xima alcanzar\u00e1 los <strong>37\u00b0<\/strong>. El cielo estar\u00e1 algo a parcialmente nublado. Por la ma\u00f1ana se prev\u00e9n vientos del noroeste de hasta 31 km\/h, que por la tarde rotar\u00e1n al norte con r\u00e1fagas de hasta 22 km\/h.<\/p>\n\n\n\n<p>Para el <strong>mi\u00e9rcoles 31 de diciembre<\/strong>, se espera una m\u00ednima de <strong>26\u00b0<\/strong> y una m\u00e1xima de <strong>36\u00b0<\/strong>, con cielo parcialmente nublado. Durante la madrugada y la ma\u00f1ana, los vientos soplar\u00e1n del noroeste a entre 13 y 22 km\/h, mientras que hacia la tarde y la noche rotar\u00e1n al este con intensidades similares.<\/p>\n\n\n\n<h2 class=\"wp-block-heading\"><strong><mark style=\"background-color:rgba(0, 0, 0, 0)\" class=\"has-inline-color has-vivid-red-color\">Pron\u00f3stico extendido hasta el domingo<\/mark><\/strong><\/h2>\n\n\n\n<ul class=\"wp-block-list\">\n<li><strong>Viernes 26 de diciembre:<\/strong> m\u00ednima de <strong>20\u00b0<\/strong> y m\u00e1xima de <strong>34\u00b0<\/strong>. Cielo ligeramente nublado durante la madrugada y algo nublado durante la ma\u00f1ana y la tarde.<\/li>\n\n\n\n<li><strong>S\u00e1bado 27 de diciembre:<\/strong> m\u00ednima de <strong>26\u00b0<\/strong>, con probabilidad de chaparrones entre el 10 % y el 40 % durante la madrugada y la ma\u00f1ana. Por la tarde y la noche, la temperatura m\u00e1xima alcanzar\u00e1 los <strong>35\u00b0<\/strong>, con cielo parcialmente nublado.<\/li>\n\n\n\n<li><strong>Domingo 28 de diciembre:<\/strong> m\u00ednima de <strong>21\u00b0<\/strong> y m\u00e1xima de <strong>32\u00b0<\/strong>, con cielo parcialmente nublado y vientos del noreste.<\/li>\n<\/ul>\n\n\n\n<p><\/p>\n\n\n\n<p class=\"has-text-align-center\"><em><strong><em><strong><em><strong><em><strong><a href=\"https:\/\/t.me\/esreviral\">\u00daNETE A NUESTRO CANAL DE TELEGRAM PARA ESTAR INFORMADO<\/a><\/strong><\/em><\/strong><\/em><\/strong><\/em><\/strong><\/em><\/p>\n\n\n\n<figure class=\"wp-block-image size-large\"><img decoding=\"async\" src=\"https:\/\/tn.com.ar\/resizer\/v2\/como-va-a-seguir-el-tiempo-en-buenos-aires-foto-smn-GA3TZDBTLJF5LOZOUTD2BPJWWU.JPG?auth=7c424c3e4e1b1f511fbb2439e6de1236b115afd29ed0f020b20541480e88e7ab&amp;width=1440\" alt=\"\"\/><\/figure>\n\n\n\n<p><\/p>\n\n\n\n<p class=\"has-text-align-right\"><strong><em>Con Informaci\u00f3n de TN.-<\/em><\/strong><\/p>\n","protected":false},"excerpt":{"rendered":"<p>ConocE el pron\u00f3stico del tiempo para los \u00faltimos d\u00edas del a\u00f1o.<\/p>\n","protected":false},"author":3,"featured_media":85476,"comment_status":"closed","ping_status":"closed","sticky":false,"template":"","format":"standard","meta":{"jnews-multi-image_gallery":[],"jnews_single_post":{"format":"standard"},"jnews_primary_category":[],"jnews_social_meta":[],"jnews_review":[],"enable_review":"","type":"","name":"","summary":"","brand":"","sku":"","good":[],"bad":[],"score_override":"","override_value":"","rating":[],"price":[],"jnews_override_counter":[],"jnews_post_split":[],"footnotes":""},"categories":[58],"tags":[44,124,45,1261],"class_list":["post-85475","post","type-post","status-publish","format-standard","has-post-thumbnail","hentry","category-argentina","tag-argentina","tag-buenos-aires","tag-noticias","tag-ola-de-calor"],"amp_enabled":true,"_links":{"self":[{"href":"https:\/\/esreviral.com\/index.php?rest_route=\/wp\/v2\/posts\/85475"}],"collection":[{"href":"https:\/\/esreviral.com\/index.php?rest_route=\/wp\/v2\/posts"}],"about":[{"href":"https:\/\/esreviral.com\/index.php?rest_route=\/wp\/v2\/types\/post"}],"author":[{"embeddable":true,"href":"https:\/\/esreviral.com\/index.php?rest_route=\/wp\/v2\/users\/3"}],"replies":[{"embeddable":true,"href":"https:\/\/esreviral.com\/index.php?rest_route=%2Fwp%2Fv2%2Fcomments&post=85475"}],"version-history":[{"count":1,"href":"https:\/\/esreviral.com\/index.php?rest_route=\/wp\/v2\/posts\/85475\/revisions"}],"predecessor-version":[{"id":85477,"href":"https:\/\/esreviral.com\/index.php?rest_route=\/wp\/v2\/posts\/85475\/revisions\/85477"}],"wp:featuredmedia":[{"embeddable":true,"href":"https:\/\/esreviral.com\/index.php?rest_route=\/wp\/v2\/media\/85476"}],"wp:attachment":[{"href":"https:\/\/esreviral.com\/index.php?rest_route=%2Fwp%2Fv2%2Fmedia&parent=85475"}],"wp:term":[{"taxonomy":"category","embeddable":true,"href":"https:\/\/esreviral.com\/index.php?rest_route=%2Fwp%2Fv2%2Fcategories&post=85475"},{"taxonomy":"post_tag","embeddable":true,"href":"https:\/\/esreviral.com\/index.php?rest_route=%2Fwp%2Fv2%2Ftags&post=85475"}],"curies":[{"name":"wp","href":"https:\/\/api.w.org\/{rel}","templated":true}]}}