{"id":85383,"date":"2025-12-22T09:48:07","date_gmt":"2025-12-22T14:48:07","guid":{"rendered":"https:\/\/esreviral.com\/?p=85383"},"modified":"2025-12-22T09:48:08","modified_gmt":"2025-12-22T14:48:08","slug":"activistas-venezolanos-en-argentina-exigieron-la-liberacion-de-los-presos-politicos-con-una-mesa-de-los-ausentes-en-esta-navidad","status":"publish","type":"post","link":"https:\/\/esreviral.com\/?p=85383","title":{"rendered":"Activistas venezolanos en Argentina exigieron la liberaci\u00f3n de los presos pol\u00edticos con una mesa de los ausentes en esta Navidad"},"content":{"rendered":"\n<p><strong>Activistas venezolanos en Argentina<\/strong> realizaron este domingo en el Parque 3 de Febrero, frente al Rosedal de Palermo, la acci\u00f3n simb\u00f3lica \u201c<em><strong>La Mesa de los que Esperan\u201d<\/strong><\/em>, una <strong>protesta pac\u00edfica <\/strong>para visibilizar la ausencia de m\u00e1s de mil <strong>presos pol\u00edticos venezolanos<\/strong> que pasar\u00e1n la Navidad lejos de sus familias y exigir su liberaci\u00f3n inmediata.<\/p>\n\n\n\n<p>La actividad form\u00f3 parte de una jornada internacional que se desarroll\u00f3 de manera simult\u00e1nea en una decena de ciudades del mundo, como gesto colectivo de memoria, dignidad y denuncia frente a las graves violaciones de derechos humanos que persisten en Venezuela.<\/p>\n\n\n\n<p class=\"has-text-align-center\"><strong><a href=\"https:\/\/chat.whatsapp.com\/KWkTmakY3I05kNdd2oZl6d\"><em>\u00daNETE A NUESTRO GRUPO DE WHATSAPP PARA ESTAR INFORMADO<\/em><\/a><\/strong><\/p>\n\n\n\n<p>Una mesa vac\u00eda, cartas, mensajes y silencios marcaron el encuentro, que busc\u00f3 poner nombres y rostros a una ausencia que duele.<\/p>\n\n\n\n<p>Elisa Trotta, secretaria general del Foro Argentino para la Defensa de la Democracia (FADD), sostuvo que la situaci\u00f3n exige una respuesta firme de los Estados democr\u00e1ticos.<\/p>\n\n\n\n<p>La presidenta de Alianza por Venezuela, Liset Luque, afirm\u00f3 que la acci\u00f3n busc\u00f3 interpelar a la sociedad y a la comunidad internacional. \u201c<strong><em>La Mesa de los que Esperan es un recordatorio de que el r\u00e9gimen venezolano utiliza la persecuci\u00f3n y la represi\u00f3n como herramienta de control pol\u00edtico. No estamos hablando de cifras, sino de personas, de vidas suspendidas. La libertad es un derecho humano y no puede seguir siendo negociable<\/em><\/strong>\u201d, dijo.<\/p>\n\n\n\n<p>Por su parte, Liset Luque, presidenta de la ONG Alianza por Venezuela, afirm\u00f3 que \u201c<strong><em>esta mesa representa a miles de familias que hoy est\u00e1n incompletas. En Venezuela hay personas presas por pensar distinto, por protestar, por defender derechos, o por simplemente disentir. Mientras exista un solo preso pol\u00edtico, la Navidad no puede ser plena\u201d.<\/em><\/strong><\/p>\n\n\n\n<p class=\"has-text-align-center\"><em><strong><em><strong><em><strong><em><strong><a href=\"https:\/\/t.me\/esreviral\">\u00daNETE A NUESTRO CANAL DE TELEGRAM PARA ESTAR INFORMADO<\/a><\/strong><\/em><\/strong><\/em><\/strong><\/em><\/strong><\/em><\/p>\n\n\n\n<p>Durante la actividad tambi\u00e9n tom\u00f3 la palabra Mar\u00eda Alexandra G\u00f3mez, pareja del gendarme argentino Nahuel Gallo, secuestrado en Venezuela desde hace m\u00e1s de un a\u00f1o, quien destac\u00f3 el impacto humano de las detenciones arbitrarias.<\/p>\n\n\n\n<p>\u201c<strong><em>La ausencia se siente todos los d\u00edas, pero en fechas como Navidad duele el doble. Detr\u00e1s de cada preso pol\u00edtico hay familias que esperan, que resisten y que no pierden la esperanza de volver a abrazarse\u201d<\/em><\/strong>, dijo G\u00f3mez.<\/p>\n\n\n\n<p class=\"has-text-align-right\"><strong><em>Prensa.-<\/em><\/strong><\/p>\n","protected":false},"excerpt":{"rendered":"<p>Activistas venezolanos en Argentina realizaron este domingo en el Parque 3 de Febrero, frente al Rosedal de Palermo, la acci\u00f3n simb\u00f3lica \u201cLa Mesa de los que Esperan\u201d, una protesta pac\u00edfica para visibilizar la ausencia de m\u00e1s de mil presos pol\u00edticos venezolanos que pasar\u00e1n la Navidad lejos de sus familias y exigir su liberaci\u00f3n inmediata. La [&hellip;]<\/p>\n","protected":false},"author":3,"featured_media":85385,"comment_status":"closed","ping_status":"closed","sticky":false,"template":"","format":"standard","meta":{"jnews-multi-image_gallery":[],"jnews_single_post":{"format":"standard"},"jnews_primary_category":[],"jnews_social_meta":[],"jnews_review":[],"enable_review":"","type":"","name":"","summary":"","brand":"","sku":"","good":[],"bad":[],"score_override":"","override_value":"","rating":[],"price":[],"jnews_override_counter":[],"jnews_post_split":[],"footnotes":""},"categories":[59,5892],"tags":[38608,45,29308,38609,67],"class_list":["post-85383","post","type-post","status-publish","format-standard","has-post-thumbnail","hentry","category-politica","category-venezolanos-en-argentina","tag-activistas-venezolanos-en-argentina","tag-noticias","tag-presos-politicos-venezolanos","tag-protesta-pacifica","tag-venezolanos-en-argentina"],"amp_enabled":true,"_links":{"self":[{"href":"https:\/\/esreviral.com\/index.php?rest_route=\/wp\/v2\/posts\/85383"}],"collection":[{"href":"https:\/\/esreviral.com\/index.php?rest_route=\/wp\/v2\/posts"}],"about":[{"href":"https:\/\/esreviral.com\/index.php?rest_route=\/wp\/v2\/types\/post"}],"author":[{"embeddable":true,"href":"https:\/\/esreviral.com\/index.php?rest_route=\/wp\/v2\/users\/3"}],"replies":[{"embeddable":true,"href":"https:\/\/esreviral.com\/index.php?rest_route=%2Fwp%2Fv2%2Fcomments&post=85383"}],"version-history":[{"count":1,"href":"https:\/\/esreviral.com\/index.php?rest_route=\/wp\/v2\/posts\/85383\/revisions"}],"predecessor-version":[{"id":85386,"href":"https:\/\/esreviral.com\/index.php?rest_route=\/wp\/v2\/posts\/85383\/revisions\/85386"}],"wp:featuredmedia":[{"embeddable":true,"href":"https:\/\/esreviral.com\/index.php?rest_route=\/wp\/v2\/media\/85385"}],"wp:attachment":[{"href":"https:\/\/esreviral.com\/index.php?rest_route=%2Fwp%2Fv2%2Fmedia&parent=85383"}],"wp:term":[{"taxonomy":"category","embeddable":true,"href":"https:\/\/esreviral.com\/index.php?rest_route=%2Fwp%2Fv2%2Fcategories&post=85383"},{"taxonomy":"post_tag","embeddable":true,"href":"https:\/\/esreviral.com\/index.php?rest_route=%2Fwp%2Fv2%2Ftags&post=85383"}],"curies":[{"name":"wp","href":"https:\/\/api.w.org\/{rel}","templated":true}]}}