{"id":85295,"date":"2025-12-19T09:21:44","date_gmt":"2025-12-19T14:21:44","guid":{"rendered":"https:\/\/esreviral.com\/?p=85295"},"modified":"2025-12-19T09:21:45","modified_gmt":"2025-12-19T14:21:45","slug":"mi-musica-es-mi-medicina-ricky-martin-se-sincero-sobre-su-ansiedad-en-pleno-show","status":"publish","type":"post","link":"https:\/\/esreviral.com\/?p=85295","title":{"rendered":"\u201cMi m\u00fasica es mi medicina\u201d: Ricky Martin se sincer\u00f3 sobre su ansiedad en pleno show"},"content":{"rendered":"\n<p><strong>Ricky Martin <\/strong>es una de las figuras m\u00e1s influyentes de la industria musical internacional. El cantante puertorrique\u00f1o, que el pr\u00f3ximo 24 de diciembre cumplir\u00e1 54 a\u00f1os de edad, se ha presentado en algunos de los escenarios m\u00e1s importantes del mundo. En noviembre estren\u00f3 una nueva temporada de la serie <em>Palm Royale<\/em> y, en los \u00faltimos meses, ofreci\u00f3 conciertos en Las Vegas, Santiago de Chile y S\u00eddney.<\/p>\n\n\n\n<p>El int\u00e9rprete de <em>Livin\u2019 la vida loca<\/em> suele equilibrar su intensa actividad profesional con su vida personal. A pesar de una agenda exigente, dedica tiempo a compartir con sus cuatro hijos y con amigos cercanos del \u00e1mbito art\u00edstico, como Sof\u00eda Vergara, Eva Longoria y el cineasta saud\u00ed Mohammed Al Turki.<\/p>\n\n\n\n<p class=\"has-text-align-center\"><strong><a href=\"https:\/\/chat.whatsapp.com\/KWkTmakY3I05kNdd2oZl6d\"><em>\u00daNETE A NUESTRO GRUPO DE WHATSAPP PARA ESTAR INFORMADO<\/em><\/a><\/strong><\/p>\n\n\n\n<blockquote class=\"twitter-tweet\"><p lang=\"es\" dir=\"ltr\">\ud83c\udfa4\u2728 Ricky Martin, sincero como nunca \u2728\ud83c\udfb6<br><br>A d\u00edas de cumplir 54 a\u00f1os de edad, el \u00edcono global abri\u00f3 su coraz\u00f3n sobre el escenario de Madrid y habl\u00f3 sin filtros de una semana marcada por la ansiedad. \u201cMi m\u00fasica es mi medicina, y su aplauso tambi\u00e9n\u201d, <a href=\"https:\/\/t.co\/PWOQxXV9MX\">pic.twitter.com\/PWOQxXV9MX<\/a><\/p>&mdash; ES RE VIRAL (@esreviral) <a href=\"https:\/\/twitter.com\/esreviral\/status\/2002020479998001302?ref_src=twsrc%5Etfw\">December 19, 2025<\/a><\/blockquote> <script async src=\"https:\/\/platform.twitter.com\/widgets.js\" charset=\"utf-8\"><\/script>\n\n\n\n<p><\/p>\n\n\n\n<p>Sin embargo, el artista tambi\u00e9n atraviesa momentos dif\u00edciles. Durante su presentaci\u00f3n del s\u00e1bado en Madrid, en el marco de la edici\u00f3n navide\u00f1a del festival Starlite en IFEMA, Ricky Martin se sincer\u00f3 con el p\u00fablico y habl\u00f3 de una etapa compleja a nivel emocional. \u201c<strong><em>Tuve una semana dif\u00edcil y lo quiero compartir con ustedes. Viv\u00ed muchos episodios de ansiedad\u201d,<\/em><\/strong> confes\u00f3 desde el escenario. Aunque comenz\u00f3 el concierto con energ\u00eda y entusiasmo, remarc\u00f3 el valor sanador de su trabajo y del acompa\u00f1amiento de sus seguidores: \u201c<strong><em>Hoy lo m\u00e1s importante es hacerles saber que mi m\u00fasica es mi medicina, que su aplauso es mi medicina\u201d.<\/em><\/strong><\/p>\n\n\n\n<p>\u201c<strong><em>Hay muchas altas y bajas, pero estoy subiendo con fuerza, y en parte es gracias a ustedes<\/em><\/strong>\u201d, a\u00f1adi\u00f3, destacando el rol fundamental de su p\u00fablico en su proceso personal.<\/p>\n\n\n\n<h3 class=\"wp-block-heading\"><strong><mark style=\"background-color:rgba(0, 0, 0, 0)\" class=\"has-inline-color has-vivid-red-color\">La serie como una \u201cterapia\u201d para Ricky Martin<\/mark><\/strong><\/h3>\n\n\n\n<p>Ricky Martin explic\u00f3 que su participaci\u00f3n en <em>Palm Royale<\/em> le permiti\u00f3 profundizar en los conflictos de identidad y aceptaci\u00f3n que, seg\u00fan se\u00f1al\u00f3, a\u00fan atraviesa la comunidad LGBTIQ+, a pesar de que la historia est\u00e1 ambientada en la d\u00e9cada de 1960.<\/p>\n\n\n\n<p><strong><em>\u201cLos hombres de hoy siguen enfrentando las mismas emociones y luchas\u201d,<\/em><\/strong> afirm\u00f3 en una entrevista con la agencia EFE.<\/p>\n\n\n\n<p>En la serie, interpreta a un camarero que se mueve entre las intrigas de la \u00e9lite social, mientras enfrenta su identidad sexual, su pasado como veterano de guerra y la necesidad de encontrar aceptaci\u00f3n y pertenencia.<\/p>\n\n\n\n<p class=\"has-text-align-center\"><em><strong><em><strong><em><strong><em><strong><a href=\"https:\/\/t.me\/esreviral\">\u00daNETE A NUESTRO CANAL DE TELEGRAM PARA ESTAR INFORMADO<\/a><\/strong><\/em><\/strong><\/em><\/strong><\/em><\/strong><\/em><\/p>\n\n\n\n<p>El proyecto se transform\u00f3 para el artista en un espacio de crecimiento personal. La conexi\u00f3n con su personaje, Robert, y las tem\u00e1ticas sociales que aborda la ficci\u00f3n, sumadas a su propia experiencia de vida, hicieron que el trabajo actoral funcionara para \u00e9l como una forma de terapia.<\/p>\n\n\n\n<p><strong><em>\u201cPara m\u00ed todo se trataba de sentir, de ponerme en sus zapatos y en las cosas por las que \u00e9l ha pasado, que, como hombre, tambi\u00e9n yo he vivido. Esa fue una manera sencilla de entrar en su mundo\u201d<\/em><\/strong>, concluy\u00f3.<\/p>\n\n\n\n<p class=\"has-text-align-right\"><strong><em>Con Informaci\u00f3n de TN.-<\/em><\/strong><\/p>\n","protected":false},"excerpt":{"rendered":"<p>El cantante le cont\u00f3 a sus fans que tuvo una semana complicada. \u201cHay muchas altas y bajas\u201d, describi\u00f3 sobre el escenario.<\/p>\n","protected":false},"author":3,"featured_media":85296,"comment_status":"closed","ping_status":"closed","sticky":false,"template":"","format":"standard","meta":{"jnews-multi-image_gallery":[],"jnews_single_post":{"format":"standard"},"jnews_primary_category":[],"jnews_social_meta":[],"jnews_review":[],"enable_review":"","type":"","name":"","summary":"","brand":"","sku":"","good":[],"bad":[],"score_override":"","override_value":"","rating":[],"price":[],"jnews_override_counter":[],"jnews_post_split":[],"footnotes":""},"categories":[50],"tags":[3045],"class_list":["post-85295","post","type-post","status-publish","format-standard","has-post-thumbnail","hentry","category-entretenimiento","tag-ricky-martin"],"_links":{"self":[{"href":"https:\/\/esreviral.com\/index.php?rest_route=\/wp\/v2\/posts\/85295","targetHints":{"allow":["GET"]}}],"collection":[{"href":"https:\/\/esreviral.com\/index.php?rest_route=\/wp\/v2\/posts"}],"about":[{"href":"https:\/\/esreviral.com\/index.php?rest_route=\/wp\/v2\/types\/post"}],"author":[{"embeddable":true,"href":"https:\/\/esreviral.com\/index.php?rest_route=\/wp\/v2\/users\/3"}],"replies":[{"embeddable":true,"href":"https:\/\/esreviral.com\/index.php?rest_route=%2Fwp%2Fv2%2Fcomments&post=85295"}],"version-history":[{"count":1,"href":"https:\/\/esreviral.com\/index.php?rest_route=\/wp\/v2\/posts\/85295\/revisions"}],"predecessor-version":[{"id":85297,"href":"https:\/\/esreviral.com\/index.php?rest_route=\/wp\/v2\/posts\/85295\/revisions\/85297"}],"wp:featuredmedia":[{"embeddable":true,"href":"https:\/\/esreviral.com\/index.php?rest_route=\/wp\/v2\/media\/85296"}],"wp:attachment":[{"href":"https:\/\/esreviral.com\/index.php?rest_route=%2Fwp%2Fv2%2Fmedia&parent=85295"}],"wp:term":[{"taxonomy":"category","embeddable":true,"href":"https:\/\/esreviral.com\/index.php?rest_route=%2Fwp%2Fv2%2Fcategories&post=85295"},{"taxonomy":"post_tag","embeddable":true,"href":"https:\/\/esreviral.com\/index.php?rest_route=%2Fwp%2Fv2%2Ftags&post=85295"}],"curies":[{"name":"wp","href":"https:\/\/api.w.org\/{rel}","templated":true}]}}