{"id":85281,"date":"2025-12-19T08:19:50","date_gmt":"2025-12-19T13:19:50","guid":{"rendered":"https:\/\/esreviral.com\/?p=85281"},"modified":"2025-12-19T08:19:52","modified_gmt":"2025-12-19T13:19:52","slug":"tercer-caso-en-una-semana-alarma-en-el-ejercito-argentino-por-la-muerte-de-un-soldado-voluntario","status":"publish","type":"post","link":"https:\/\/esreviral.com\/?p=85281","title":{"rendered":"Tercer caso en una semana: alarma en el Ej\u00e9rcito Argentino por la muerte de un soldado voluntario"},"content":{"rendered":"\n<p><strong>Facundo Gabriel Lima<\/strong>, soldado voluntario del Ej\u00e9rcito Argentino, muri\u00f3 el jueves por la tarde en la provincia de Mendoza tras recibir un disparo con un arma que pertenecer\u00eda a su padre, personal penitenciario. La investigaci\u00f3n qued\u00f3 a cargo de la Polic\u00eda Cient\u00edfica provincial y de la Oficina Fiscal N.\u00ba 1 de Las Heras.<\/p>\n\n\n\n<p>El hecho constituye el tercer episodio de estas caracter\u00edsticas registrado en el \u00e1mbito militar en el transcurso de una semana, una seguidilla que encendi\u00f3 alertas dentro del Gobierno y motiv\u00f3 la activaci\u00f3n de medidas preventivas. En ese contexto, el ministro de Defensa, teniente general Carlos Presti, solicit\u00f3 al Estado Mayor Conjunto el env\u00edo de un mensaje institucional acompa\u00f1ado por un video elaborado por especialistas, destinado a todo el personal civil y militar, con el objetivo de reforzar la detecci\u00f3n, contenci\u00f3n y gesti\u00f3n de situaciones de riesgo.<\/p>\n\n\n\n<p class=\"has-text-align-center\"><strong><a href=\"https:\/\/chat.whatsapp.com\/KWkTmakY3I05kNdd2oZl6d\"><em>\u00daNETE A NUESTRO GRUPO DE WHATSAPP PARA ESTAR INFORMADO<\/em><\/a><\/strong><\/p>\n\n\n\n<p>Seg\u00fan la informaci\u00f3n preliminar, el arma involucrada en el hecho pertenec\u00eda al padre del soldado, quien presta servicios en el Liceo Militar General Espejo. Las circunstancias exactas del disparo contin\u00faan bajo an\u00e1lisis judicial. Al momento del hecho, Lima no se encontraba de servicio ni dentro de una instalaci\u00f3n militar.<\/p>\n\n\n\n<p>Lima hab\u00eda ingresado al Ej\u00e9rcito Argentino el 5 de octubre de 2020 y cumpl\u00eda funciones en el Liceo Militar General Espejo. De acuerdo con fuentes oficiales, se encontraba con licencia psiqui\u00e1trica vigente, que se renovaba cada quince d\u00edas desde hac\u00eda aproximadamente un mes y medio.<\/p>\n\n\n\n<p>Ese mismo jueves, la m\u00e9dica del Liceo Militar General Espejo se comunic\u00f3 con Lima para interiorizarse sobre su estado de salud, aunque no trascendieron detalles de la conversaci\u00f3n ni de eventuales evaluaciones posteriores. La licencia se manten\u00eda activa al momento de su fallecimiento.<\/p>\n\n\n\n<p>Durante la misma jornada, su pareja, la soldado voluntaria Roc\u00edo Gonz\u00e1lez \u2014tambi\u00e9n destinada en el Liceo Militar General Espejo\u2014 acudi\u00f3 al punto focal de g\u00e9nero de la instituci\u00f3n para denunciar hechos de violencia por parte de Lima. Seg\u00fan fuentes militares, se activaron los protocolos previstos para este tipo de situaciones, aunque no se informaron medidas inmediatas ni derivaciones judiciales asociadas a la presentaci\u00f3n.<\/p>\n\n\n\n<p>Tras confirmarse la muerte, la Polic\u00eda Cient\u00edfica realiz\u00f3 las pericias correspondientes y la Oficina Fiscal N.\u00ba 1 de Las Heras asumi\u00f3 la causa. El Ej\u00e9rcito Argentino inform\u00f3 que inici\u00f3 las actuaciones administrativas habituales y que brinda plena colaboraci\u00f3n con la Justicia, adem\u00e1s de acompa\u00f1amiento institucional a los familiares.<\/p>\n\n\n\n<h3 class=\"wp-block-heading\"><strong><mark style=\"background-color:rgba(0, 0, 0, 0)\" class=\"has-inline-color has-vivid-red-color\">Otros hechos recientes<\/mark><\/strong><\/h3>\n\n\n\n<p>La muerte de Lima se suma a otros dos episodios ocurridos en la \u00faltima semana dentro de las Fuerzas Armadas. El mi\u00e9rcoles, el suboficial principal Juan Pereira fue hallado sin vida en el cuartel de la Guarnici\u00f3n de Ej\u00e9rcito Monte Caseros, en la provincia de Corrientes. Pereira, de alrededor de 50 a\u00f1os y con m\u00e1s de 28 a\u00f1os de servicio, fue encontrado durante la madrugada y se dio aviso inmediato a las autoridades.<\/p>\n\n\n\n<p>En ese caso intervino Gendarmer\u00eda Nacional y se activaron los protocolos correspondientes. La investigaci\u00f3n qued\u00f3 a cargo del Juzgado Federal de Curuz\u00fa Cuati\u00e1, con intervenci\u00f3n de la fiscal\u00eda de Monte Caseros. Las primeras hip\u00f3tesis apuntaron a un posible suicidio por ahorcamiento, aunque la causa fue caratulada como \u201caveriguaci\u00f3n de causales de muerte\u201d, a la espera del resultado de la autopsia. En paralelo, el Ej\u00e9rcito inici\u00f3 actuaciones administrativas internas.<\/p>\n\n\n\n<p>Tras ese hecho, el ministro Presti expres\u00f3 sus condolencias y se\u00f1al\u00f3: \u201cAsum\u00ed para hacerme cargo de estas tristes situaciones, que nos afectan como sociedad y de manera muy particular a las Fuerzas Armadas\u201d, al tiempo que manifest\u00f3 su acompa\u00f1amiento a la familia del suboficial.<\/p>\n\n\n\n<p>El primer episodio de la semana se registr\u00f3 el martes, cuando un efectivo militar asignado a tareas de seguridad en la Residencia Presidencial de Olivos fue hallado sin vida en un puesto interno, seg\u00fan confirm\u00f3 oficialmente Presidencia. Personal m\u00e9dico constat\u00f3 el fallecimiento tras la activaci\u00f3n inmediata de los protocolos.<\/p>\n\n\n\n<p class=\"has-text-align-center\"><em><strong><em><strong><em><strong><em><strong><a href=\"https:\/\/t.me\/esreviral\">\u00daNETE A NUESTRO CANAL DE TELEGRAM PARA ESTAR INFORMADO<\/a><\/strong><\/em><\/strong><\/em><\/strong><\/em><\/strong><\/em><\/p>\n\n\n\n<p>Por disposici\u00f3n de la jueza Sandra Arroyo Salgado, a cargo del juzgado federal interviniente, se realizaron las pericias correspondientes y la Divisi\u00f3n Homicidios de la Polic\u00eda Federal Argentina qued\u00f3 a cargo de la investigaci\u00f3n. Desde Casa Rosada informaron que la causa contin\u00faa en tr\u00e1mite y que cualquier novedad ser\u00e1 comunicada por la autoridad judicial.<\/p>\n\n\n\n<p>Hasta el momento, los tres episodios permanecen bajo investigaci\u00f3n judicial y administrativa, sin conclusiones definitivas.<\/p>\n\n\n\n<p class=\"has-text-align-right\"><strong><em>Con Informaci\u00f3n de Infobae.-<\/em><\/strong><\/p>\n","protected":false},"excerpt":{"rendered":"<p>El joven efectivo se dispar\u00f3 en el pecho con un arma de su padre. Atravesaba una crisis mental y su pareja lo hab\u00eda denunciado. Firmaron un convenio entre los ministerios de Defensa y Salud<\/p>\n","protected":false},"author":3,"featured_media":85283,"comment_status":"closed","ping_status":"closed","sticky":false,"template":"","format":"standard","meta":{"jnews-multi-image_gallery":[],"jnews_single_post":{"format":"standard"},"jnews_primary_category":[],"jnews_social_meta":[],"jnews_review":[],"enable_review":"","type":"","name":"","summary":"","brand":"","sku":"","good":[],"bad":[],"score_override":"","override_value":"","rating":[],"price":[],"jnews_override_counter":[],"jnews_post_split":[],"footnotes":""},"categories":[58,64],"tags":[44,38552,1118,16285,38550,3392,38551,38553,1018,45,310],"class_list":["post-85281","post","type-post","status-publish","format-standard","has-post-thumbnail","hentry","category-argentina","category-sucesos","tag-argentina","tag-carlos-presti","tag-corrientes","tag-ejercito-argentino","tag-facundo-gabriel-lima","tag-fuerzas-armadas","tag-juan-pereira","tag-liceo-militar-general-espejo","tag-mendoza","tag-noticias","tag-violencia-de-genero"],"amp_enabled":true,"_links":{"self":[{"href":"https:\/\/esreviral.com\/index.php?rest_route=\/wp\/v2\/posts\/85281"}],"collection":[{"href":"https:\/\/esreviral.com\/index.php?rest_route=\/wp\/v2\/posts"}],"about":[{"href":"https:\/\/esreviral.com\/index.php?rest_route=\/wp\/v2\/types\/post"}],"author":[{"embeddable":true,"href":"https:\/\/esreviral.com\/index.php?rest_route=\/wp\/v2\/users\/3"}],"replies":[{"embeddable":true,"href":"https:\/\/esreviral.com\/index.php?rest_route=%2Fwp%2Fv2%2Fcomments&post=85281"}],"version-history":[{"count":2,"href":"https:\/\/esreviral.com\/index.php?rest_route=\/wp\/v2\/posts\/85281\/revisions"}],"predecessor-version":[{"id":85284,"href":"https:\/\/esreviral.com\/index.php?rest_route=\/wp\/v2\/posts\/85281\/revisions\/85284"}],"wp:featuredmedia":[{"embeddable":true,"href":"https:\/\/esreviral.com\/index.php?rest_route=\/wp\/v2\/media\/85283"}],"wp:attachment":[{"href":"https:\/\/esreviral.com\/index.php?rest_route=%2Fwp%2Fv2%2Fmedia&parent=85281"}],"wp:term":[{"taxonomy":"category","embeddable":true,"href":"https:\/\/esreviral.com\/index.php?rest_route=%2Fwp%2Fv2%2Fcategories&post=85281"},{"taxonomy":"post_tag","embeddable":true,"href":"https:\/\/esreviral.com\/index.php?rest_route=%2Fwp%2Fv2%2Ftags&post=85281"}],"curies":[{"name":"wp","href":"https:\/\/api.w.org\/{rel}","templated":true}]}}