{"id":85161,"date":"2025-12-17T07:12:54","date_gmt":"2025-12-17T12:12:54","guid":{"rendered":"https:\/\/esreviral.com\/?p=85161"},"modified":"2025-12-17T07:12:55","modified_gmt":"2025-12-17T12:12:55","slug":"comenzo-la-medida-de-fuerza-en-la-linea-b-del-subte-a-que-estaciones-afecta-y-cuanto-durara","status":"publish","type":"post","link":"https:\/\/esreviral.com\/?p=85161","title":{"rendered":"Comenz\u00f3 la medida de fuerza en la l\u00ednea B del subte: a qu\u00e9 estaciones afecta y cu\u00e1nto durar\u00e1"},"content":{"rendered":"\n<p>Los metrodelegados iniciaron este mi\u00e9rcoles una medida de fuerza en la <strong>L\u00ednea B del subte<\/strong>, que incluy\u00f3 la <strong>liberaci\u00f3n de molinetes<\/strong>, en protesta por las condiciones sanitarias en las que aseguran desarrollar sus tareas.<\/p>\n\n\n\n<p>La acci\u00f3n comenz\u00f3 a las <strong>7 de la ma\u00f1ana<\/strong> en los accesos de la estaci\u00f3n <strong>Federico Lacroze<\/strong> y se extender\u00e1 hasta las <strong>18 horas<\/strong>. A las <strong>7.30<\/strong>, los delegados de la Asociaci\u00f3n Gremial de Trabajadores del Subte y Premetro (AGTSyP) ofrecieron una conferencia de prensa para anunciar nuevas medidas de fuerza previstas para los pr\u00f3ximos d\u00edas.<\/p>\n\n\n\n<p class=\"has-text-align-center\"><strong><a href=\"https:\/\/chat.whatsapp.com\/KWkTmakY3I05kNdd2oZl6d\"><em>\u00daNETE A NUESTRO GRUPO DE WHATSAPP PARA ESTAR INFORMADO<\/em><\/a><\/strong><\/p>\n\n\n\n<figure class=\"wp-block-image size-large\"><img decoding=\"async\" src=\"https:\/\/tn.com.ar\/resizer\/v2\/la-medida-comenzo-a-las-7-de-la-manana-de-este-miercoles-en-los-accesos-de-la-estacion-federico-lacroze-y-se-extendera-hasta-las-18-foto-google-street-view-NP7A6J7J2JBT3KLWB3KSO77BCA.png?auth=8d607a014accb44671cab1777175d17b12be969b32251d266d0a9ba9b8644c3f&amp;width=1440\" alt=\"\"\/><\/figure>\n\n\n\n<p><\/p>\n\n\n\n<p>Desde la empresa concesionaria <strong>Emova<\/strong> se\u00f1alaron que la protesta se origin\u00f3 por la decisi\u00f3n de no incorporar de manera efectiva a una empleada tras finalizar su per\u00edodo de prueba, debido a reiterados incumplimientos en sus tareas. Seg\u00fan indicaron, se cumplieron todas las instancias administrativas para evitar esa situaci\u00f3n.<\/p>\n\n\n\n<p>En contraposici\u00f3n, los trabajadores de la L\u00ednea B sostienen que el reclamo central responde a la <strong>presencia de asbesto<\/strong> tanto en las formaciones como en los talleres, una situaci\u00f3n que \u2014seg\u00fan afirmaron\u2014 representa un riesgo para la salud de empleados y usuarios. Aclararon que la medida no afecta el funcionamiento del servicio.<\/p>\n\n\n\n<p>\u201cDesde la AGTSyP denunciamos desde hace a\u00f1os la crisis sanitaria que atraviesa la red de subterr\u00e1neos por la presencia de asbesto cancer\u00edgeno y sus consecuencias entre trabajadores y pasajeros, con cientos de afectados, enfermos y fallecidos\u201d, expresaron en un comunicado.<\/p>\n\n\n\n<p>Los representantes gremiales exigieron al <strong>Gobierno de la Ciudad de Buenos Aires<\/strong> la declaraci\u00f3n de la <strong>Emergencia Operativa<\/strong> para la L\u00ednea B, con el objetivo de obtener respuestas urgentes hasta la incorporaci\u00f3n de una nueva flota, el recambio de v\u00edas, la reactivaci\u00f3n de los programas de mantenimiento integral y la eliminaci\u00f3n total del asbesto en la red.<\/p>\n\n\n\n<p>Adem\u00e1s, denunciaron que en las \u00faltimas semanas Emova habr\u00eda intervenido de manera irregular sobre componentes contaminados con asbesto en varias formaciones Mitsubishi, lo que \u2014seg\u00fan el sindicato\u2014 habr\u00eda provocado la dispersi\u00f3n de fibras cancer\u00edgenas y expuesto a millones de personas durante cada viaje.<\/p>\n\n\n\n<p>\u201cLa situaci\u00f3n se ve agravada por la falta de inversi\u00f3n, el deterioro del mantenimiento, trenes con m\u00e1s de 70 a\u00f1os de antig\u00fcedad, v\u00edas obsoletas y tarifas elevadas que no se corresponden con la calidad del servicio\u201d, agregaron.<\/p>\n\n\n\n<p class=\"has-text-align-center\"><em><strong><em><strong><em><strong><em><strong><a href=\"https:\/\/t.me\/esreviral\">\u00daNETE A NUESTRO CANAL DE TELEGRAM PARA ESTAR INFORMADO<\/a><\/strong><\/em><\/strong><\/em><\/strong><\/em><\/strong><\/em><\/p>\n\n\n\n<p>Por \u00faltimo, los metrodelegados denunciaron una presunta campa\u00f1a de hostigamiento contra trabajadores y representantes gremiales, que incluir\u00eda sanciones disciplinarias y descuentos salariales. Tambi\u00e9n mencionaron casos de acoso sexual y violencia laboral, como el de <strong>Araceli Pintos<\/strong>, una empleada que \u2014seg\u00fan denunciaron\u2014 fue desvinculada tras presentar una denuncia por ese motivo.<\/p>\n\n\n\n<p class=\"has-text-align-right\"><strong><em>Con Informaci\u00f3n de TN.-<\/em><\/strong><\/p>\n","protected":false},"excerpt":{"rendered":"<p>La medida de fuerza es para reclamar sobre las condiciones sanitarias en las que desarrollan sus jornadas laborales.<\/p>\n","protected":false},"author":3,"featured_media":82408,"comment_status":"closed","ping_status":"closed","sticky":false,"template":"","format":"standard","meta":{"jnews-multi-image_gallery":[],"jnews_single_post":{"format":"standard"},"jnews_primary_category":[],"jnews_social_meta":[],"jnews_review":[],"enable_review":"","type":"","name":"","summary":"","brand":"","sku":"","good":[],"bad":[],"score_override":"","override_value":"","rating":[],"price":[],"jnews_override_counter":[],"jnews_post_split":[],"footnotes":""},"categories":[58,61],"tags":[44,22654,14128,45,290],"class_list":["post-85161","post","type-post","status-publish","format-standard","has-post-thumbnail","hentry","category-argentina","category-economia","tag-argentina","tag-linea-b-2","tag-molinetes","tag-noticias","tag-subte"],"amp_enabled":true,"_links":{"self":[{"href":"https:\/\/esreviral.com\/index.php?rest_route=\/wp\/v2\/posts\/85161"}],"collection":[{"href":"https:\/\/esreviral.com\/index.php?rest_route=\/wp\/v2\/posts"}],"about":[{"href":"https:\/\/esreviral.com\/index.php?rest_route=\/wp\/v2\/types\/post"}],"author":[{"embeddable":true,"href":"https:\/\/esreviral.com\/index.php?rest_route=\/wp\/v2\/users\/3"}],"replies":[{"embeddable":true,"href":"https:\/\/esreviral.com\/index.php?rest_route=%2Fwp%2Fv2%2Fcomments&post=85161"}],"version-history":[{"count":1,"href":"https:\/\/esreviral.com\/index.php?rest_route=\/wp\/v2\/posts\/85161\/revisions"}],"predecessor-version":[{"id":85162,"href":"https:\/\/esreviral.com\/index.php?rest_route=\/wp\/v2\/posts\/85161\/revisions\/85162"}],"wp:featuredmedia":[{"embeddable":true,"href":"https:\/\/esreviral.com\/index.php?rest_route=\/wp\/v2\/media\/82408"}],"wp:attachment":[{"href":"https:\/\/esreviral.com\/index.php?rest_route=%2Fwp%2Fv2%2Fmedia&parent=85161"}],"wp:term":[{"taxonomy":"category","embeddable":true,"href":"https:\/\/esreviral.com\/index.php?rest_route=%2Fwp%2Fv2%2Fcategories&post=85161"},{"taxonomy":"post_tag","embeddable":true,"href":"https:\/\/esreviral.com\/index.php?rest_route=%2Fwp%2Fv2%2Ftags&post=85161"}],"curies":[{"name":"wp","href":"https:\/\/api.w.org\/{rel}","templated":true}]}}