{"id":85050,"date":"2025-12-15T08:40:41","date_gmt":"2025-12-15T13:40:41","guid":{"rendered":"https:\/\/esreviral.com\/?p=85050"},"modified":"2025-12-15T08:40:42","modified_gmt":"2025-12-15T13:40:42","slug":"maria-corina-machado-sufrio-una-fractura-vertebral-en-su-salida-de-venezuela","status":"publish","type":"post","link":"https:\/\/esreviral.com\/?p=85050","title":{"rendered":"Mar\u00eda Corina Machado sufri\u00f3 una fractura vertebral en su salida de Venezuela"},"content":{"rendered":"\n<p>La l\u00edder opositora venezolana y Premio Nobel de la Paz 2025, <strong>Mar\u00eda Corina Machado<\/strong>, sufri\u00f3 una <strong>fractura en una v\u00e9rtebra<\/strong> durante su dram\u00e1tica huida de Venezuela rumbo a Oslo, inform\u00f3 el diario noruego <strong>Aftenposten<\/strong>, citando fuentes con conocimiento directo del caso. El diagn\u00f3stico fue posteriormente confirmado por <strong>Magalli Meda<\/strong>, jefa del Comando ConVzla.<\/p>\n\n\n\n<p class=\"has-text-align-center\"><em><strong><a href=\"https:\/\/chat.whatsapp.com\/KWkTmakY3I05kNdd2oZl6d\"><em>\u00daNETE A NUESTRO GRUPO DE WHATSAPP PARA ESTAR INFORMADO<\/em><\/a><\/strong><\/em><\/p>\n\n\n\n<p>Machado lleg\u00f3 a Noruega en la madrugada del jueves tras una <strong>operaci\u00f3n clandestina de alto riesgo<\/strong>, que incluy\u00f3 un peligroso cruce mar\u00edtimo hacia Curazao. Una vez en Oslo, fue evaluada por m\u00e9dicos del <strong>Hospital Universitario de Ullev\u00e5l<\/strong>, donde se le detectaron <strong>m\u00faltiples lesiones<\/strong>, entre ellas la fractura vertebral.<\/p>\n\n\n\n<p>De acuerdo con Aftenposten, la lesi\u00f3n se habr\u00eda producido durante el trayecto en una <strong>peque\u00f1a embarcaci\u00f3n pesquera<\/strong>, en condiciones meteorol\u00f3gicas extremas, con <strong>fuertes vientos, oleaje elevado<\/strong> y un viaje de aproximadamente <strong>cinco horas en mar abierto<\/strong>.<\/p>\n\n\n\n<p>\u201c<strong><em>El estado de la paciente est\u00e1 directamente vinculado a las condiciones f\u00edsicas extremas que enfrent\u00f3 durante su salida de Venezuela\u201d<\/em><\/strong>, se\u00f1al\u00f3 una fuente citada por el medio noruego.<\/p>\n\n\n\n<p>La operaci\u00f3n de escape, planificada durante <strong>dos meses<\/strong> por una red de colaboradores dentro y fuera del pa\u00eds, oblig\u00f3 a Machado a <strong>disfrazarse con una peluca<\/strong>, atravesar <strong>diez puestos de control militar<\/strong> y abordar una lancha en la costa venezolana para cruzar el Caribe hasta Curazao. Fue durante esta fase del trayecto cuando, seg\u00fan las fuentes, se habr\u00eda producido la lesi\u00f3n.<\/p>\n\n\n\n<p>La fractura oblig\u00f3 a Machado a <strong>extender su estad\u00eda en Noruega<\/strong> mientras recibe recomendaciones m\u00e9dicas sobre el tratamiento adecuado. No obstante, las fuentes consultadas aseguraron que la lesi\u00f3n <strong>no le impedir\u00e1 regresar a Venezuela<\/strong>.<\/p>\n\n\n\n<p><strong><em>\u201cElla tiene plena intenci\u00f3n de volver. A pesar del diagn\u00f3stico, contin\u00faa totalmente comprometida con su labor pol\u00edtica y democr\u00e1tica<\/em><\/strong>\u201d, afirm\u00f3 una de las fuentes.<\/p>\n\n\n\n<p>Por su parte, el Hospital Universitario de Ullev\u00e5l declin\u00f3 confirmar si Machado fue atendida en ese centro, alegando estrictas normas de confidencialidad.<\/p>\n\n\n\n<p class=\"has-text-align-center\"><em><strong><em><strong><em><strong><em><strong><a href=\"https:\/\/t.me\/esreviral\">\u00daNETE A NUESTRO CANAL DE TELEGRAM PARA ESTAR INFORMADO<\/a><\/strong><\/em><\/strong><\/em><\/strong><\/em><\/strong><\/em><\/p>\n\n\n\n<p><strong><em>\u201cNo podemos responder a este tipo de consultas, ya sea que se refieran al rey Salom\u00f3n o a cualquier ciudadano com\u00fan\u201d, <\/em><\/strong>indic\u00f3 el portavoz <strong>Anders Bayer<\/strong>.<\/p>\n\n\n\n<p class=\"has-text-align-right\"><strong><em>Con Informaci\u00f3n de monitoreamos.com.-<\/em><\/strong><\/p>\n","protected":false},"excerpt":{"rendered":"<p>Mar\u00eda Corina Machado result\u00f3 gravemente herida durante la dram\u00e1tica huida de Venezuela. Ahora, m\u00e9dicos en Oslo han confirmado una fractura en una v\u00e9rtebra, seg\u00fan fuentes con conocimiento de la situaci\u00f3n.<\/p>\n","protected":false},"author":3,"featured_media":85051,"comment_status":"closed","ping_status":"closed","sticky":false,"template":"","format":"standard","meta":{"jnews-multi-image_gallery":[],"jnews_single_post":{"format":"standard"},"jnews_primary_category":[],"jnews_social_meta":[],"jnews_review":[],"enable_review":"","type":"","name":"","summary":"","brand":"","sku":"","good":[],"bad":[],"score_override":"","override_value":"","rating":[],"price":[],"jnews_override_counter":[],"jnews_post_split":[],"footnotes":""},"categories":[59],"tags":[38429,3265,10527,45,2876,36672,56],"class_list":["post-85050","post","type-post","status-publish","format-standard","has-post-thumbnail","hentry","category-politica","tag-fractura-en-una-vertebra","tag-maria-corina-machado-2","tag-noruega","tag-noticias","tag-oslo","tag-premio-nobel-de-la-paz","tag-venezuela"],"_links":{"self":[{"href":"https:\/\/esreviral.com\/index.php?rest_route=\/wp\/v2\/posts\/85050","targetHints":{"allow":["GET"]}}],"collection":[{"href":"https:\/\/esreviral.com\/index.php?rest_route=\/wp\/v2\/posts"}],"about":[{"href":"https:\/\/esreviral.com\/index.php?rest_route=\/wp\/v2\/types\/post"}],"author":[{"embeddable":true,"href":"https:\/\/esreviral.com\/index.php?rest_route=\/wp\/v2\/users\/3"}],"replies":[{"embeddable":true,"href":"https:\/\/esreviral.com\/index.php?rest_route=%2Fwp%2Fv2%2Fcomments&post=85050"}],"version-history":[{"count":1,"href":"https:\/\/esreviral.com\/index.php?rest_route=\/wp\/v2\/posts\/85050\/revisions"}],"predecessor-version":[{"id":85052,"href":"https:\/\/esreviral.com\/index.php?rest_route=\/wp\/v2\/posts\/85050\/revisions\/85052"}],"wp:featuredmedia":[{"embeddable":true,"href":"https:\/\/esreviral.com\/index.php?rest_route=\/wp\/v2\/media\/85051"}],"wp:attachment":[{"href":"https:\/\/esreviral.com\/index.php?rest_route=%2Fwp%2Fv2%2Fmedia&parent=85050"}],"wp:term":[{"taxonomy":"category","embeddable":true,"href":"https:\/\/esreviral.com\/index.php?rest_route=%2Fwp%2Fv2%2Fcategories&post=85050"},{"taxonomy":"post_tag","embeddable":true,"href":"https:\/\/esreviral.com\/index.php?rest_route=%2Fwp%2Fv2%2Ftags&post=85050"}],"curies":[{"name":"wp","href":"https:\/\/api.w.org\/{rel}","templated":true}]}}