{"id":85026,"date":"2025-12-14T20:29:02","date_gmt":"2025-12-15T01:29:02","guid":{"rendered":"https:\/\/esreviral.com\/?p=85026"},"modified":"2025-12-14T20:29:04","modified_gmt":"2025-12-15T01:29:04","slug":"la-libertad-avanza-el-mensaje-de-felicitacion-de-milei-a-kast-en-chile","status":"publish","type":"post","link":"https:\/\/esreviral.com\/?p=85026","title":{"rendered":"\u00abLa Libertad Avanza\u00bb, el mensaje de felicitaci\u00f3n de Milei a Kast en Chile"},"content":{"rendered":"\n<p>El presidente de Argentina, Javier Milei, reaccion\u00f3 r\u00e1pidamente ante el triunfo de Jos\u00e9 Antonio Kast en las presidenciales chilenas, a quien le escribi\u00f3 en sus redes sociales: <strong>\u00abLA LIBERTAD AVANZA Enorme alegr\u00eda por el aplastante triunfo de mi amigo <a href=\"https:\/\/x.com\/joseantoniokast\">@joseantoniokast<\/a> en las elecciones presidenciales de Chile!\u00bb.<\/strong><\/p>\n\n\n\n<p>Dijo estar seguro de trabajar juntos <strong>\u00abpara que Am\u00e9rica abrace las ideas de la libertad y podamos liberarnos del yugo opresor del socialismo del Siglo XXI&#8230;!!!\u00bb.<\/strong><\/p>\n\n\n\n<figure class=\"wp-block-embed is-type-rich is-provider-twitter wp-block-embed-twitter\"><div class=\"wp-block-embed__wrapper\">\n<blockquote class=\"twitter-tweet\" data-width=\"500\" data-dnt=\"true\"><p lang=\"es\" dir=\"ltr\">LA LIBERTAD AVANZA <br><br>Enorme alegr\u00eda por el aplastante triunfo de mi amigo <a href=\"https:\/\/twitter.com\/joseantoniokast?ref_src=twsrc%5Etfw\">@joseantoniokast<\/a> en las elecciones presidenciales de Chile! <br><br>Un paso m\u00e1s de nuestra regi\u00f3n en defensa de la vida, la libertad y la propiedad privada. Estoy seguro de que vamos a trabajar juntos para que\u2026<\/p>&mdash; Javier Milei (@JMilei) <a href=\"https:\/\/twitter.com\/JMilei\/status\/2000336711511863505?ref_src=twsrc%5Etfw\">December 14, 2025<\/a><\/blockquote><script async src=\"https:\/\/platform.twitter.com\/widgets.js\" charset=\"utf-8\"><\/script>\n<\/div><\/figure>\n","protected":false},"excerpt":{"rendered":"<p>El presidente de Argentina, Javier Milei, reaccion\u00f3 r\u00e1pidamente ante el triunfo de Jos\u00e9 Antonio Kast en las presidenciales chilenas, a quien le escribi\u00f3 en sus redes sociales: \u00abLA LIBERTAD AVANZA Enorme alegr\u00eda por el aplastante triunfo de mi amigo @joseantoniokast en las elecciones presidenciales de Chile!\u00bb. Dijo estar seguro de trabajar juntos \u00abpara que Am\u00e9rica [&hellip;]<\/p>\n","protected":false},"author":2,"featured_media":77007,"comment_status":"closed","ping_status":"closed","sticky":false,"template":"","format":"standard","meta":{"jnews-multi-image_gallery":[],"jnews_single_post":{"format":"standard"},"jnews_primary_category":[],"jnews_social_meta":[],"jnews_review":[],"enable_review":"","type":"","name":"","summary":"","brand":"","sku":"","good":[],"bad":[],"score_override":"","override_value":"","rating":[],"price":[],"jnews_override_counter":[],"jnews_post_split":[],"footnotes":""},"categories":[58],"tags":[44,386,1158,37600,45],"class_list":["post-85026","post","type-post","status-publish","format-standard","has-post-thumbnail","hentry","category-argentina","tag-argentina","tag-chile","tag-javier-milei","tag-jose-antonio-kast","tag-noticias"],"amp_enabled":true,"_links":{"self":[{"href":"https:\/\/esreviral.com\/index.php?rest_route=\/wp\/v2\/posts\/85026"}],"collection":[{"href":"https:\/\/esreviral.com\/index.php?rest_route=\/wp\/v2\/posts"}],"about":[{"href":"https:\/\/esreviral.com\/index.php?rest_route=\/wp\/v2\/types\/post"}],"author":[{"embeddable":true,"href":"https:\/\/esreviral.com\/index.php?rest_route=\/wp\/v2\/users\/2"}],"replies":[{"embeddable":true,"href":"https:\/\/esreviral.com\/index.php?rest_route=%2Fwp%2Fv2%2Fcomments&post=85026"}],"version-history":[{"count":1,"href":"https:\/\/esreviral.com\/index.php?rest_route=\/wp\/v2\/posts\/85026\/revisions"}],"predecessor-version":[{"id":85028,"href":"https:\/\/esreviral.com\/index.php?rest_route=\/wp\/v2\/posts\/85026\/revisions\/85028"}],"wp:featuredmedia":[{"embeddable":true,"href":"https:\/\/esreviral.com\/index.php?rest_route=\/wp\/v2\/media\/77007"}],"wp:attachment":[{"href":"https:\/\/esreviral.com\/index.php?rest_route=%2Fwp%2Fv2%2Fmedia&parent=85026"}],"wp:term":[{"taxonomy":"category","embeddable":true,"href":"https:\/\/esreviral.com\/index.php?rest_route=%2Fwp%2Fv2%2Fcategories&post=85026"},{"taxonomy":"post_tag","embeddable":true,"href":"https:\/\/esreviral.com\/index.php?rest_route=%2Fwp%2Fv2%2Ftags&post=85026"}],"curies":[{"name":"wp","href":"https:\/\/api.w.org\/{rel}","templated":true}]}}