{"id":85017,"date":"2025-12-15T19:13:38","date_gmt":"2025-12-16T00:13:38","guid":{"rendered":"https:\/\/esreviral.com\/?p=85017"},"modified":"2025-12-15T19:29:07","modified_gmt":"2025-12-16T00:29:07","slug":"joven-violinista-venezolana-que-emociono-al-tocar-para-shakira-en-buenos-aires","status":"publish","type":"post","link":"https:\/\/esreviral.com\/?p=85017","title":{"rendered":"Violinista venezolana que emocion\u00f3 al tocar para Shakira en Buenos Aires"},"content":{"rendered":"\n<p><strong><em>KQA.-<\/em><\/strong> Con apenas 10 a\u00f1os de edad, <strong>Sol Arianna Escalante Vargas<\/strong> ya vive experiencias que muchos artistas sue\u00f1an durante toda una vida. Nacida en Los Teques, Venezuela, y radicada en el barrio porte\u00f1o de San Crist\u00f3bal, esta<strong> joven violinista tuvo la oportunidad de tocar frente a Shakira<\/strong>, <strong>quien incluso le firm\u00f3 su viol\u00edn, en un momento que quedar\u00e1 marcado para siempre en su historia.<\/strong><\/p>\n\n\n\n<p><strong>Sol acaba de pasar a sexto grado y lleg\u00f3 a la Argentina en 2018 junto a toda su familia<\/strong>, como consecuencia de la situaci\u00f3n que atravesaba Venezuela. Gracias a ese acompa\u00f1amiento cercano, el proceso de adaptaci\u00f3n al pa\u00eds fue llevadero y estuvo lleno de contenci\u00f3n.<\/p>\n\n\n\n<p class=\"has-text-align-center\"><em><strong><a href=\"https:\/\/chat.whatsapp.com\/KWkTmakY3I05kNdd2oZl6d\"><em>\u00daNETE A NUESTRO GRUPO DE WHATSAPP PARA ESTAR INFORMADO<\/em><\/a><\/strong><\/em><\/p>\n\n\n\n<blockquote class=\"instagram-media\" data-instgrm-captioned data-instgrm-permalink=\"https:\/\/www.instagram.com\/reel\/DSTaljqjgZE\/?utm_source=ig_embed&amp;utm_campaign=loading\" data-instgrm-version=\"14\" style=\" background:#FFF; border:0; border-radius:3px; box-shadow:0 0 1px 0 rgba(0,0,0,0.5),0 1px 10px 0 rgba(0,0,0,0.15); margin: 1px; max-width:540px; min-width:326px; padding:0; width:99.375%; width:-webkit-calc(100% - 2px); width:calc(100% - 2px);\"><div style=\"padding:16px;\"> <a href=\"https:\/\/www.instagram.com\/reel\/DSTaljqjgZE\/?utm_source=ig_embed&amp;utm_campaign=loading\" style=\" background:#FFFFFF; line-height:0; padding:0 0; text-align:center; text-decoration:none; width:100%;\" target=\"_blank\" rel=\"noopener\"> <div style=\" display: flex; flex-direction: row; align-items: center;\"> <div style=\"background-color: #F4F4F4; border-radius: 50%; flex-grow: 0; height: 40px; margin-right: 14px; width: 40px;\"><\/div> <div style=\"display: flex; flex-direction: column; flex-grow: 1; justify-content: center;\"> <div style=\" background-color: #F4F4F4; border-radius: 4px; flex-grow: 0; height: 14px; margin-bottom: 6px; width: 100px;\"><\/div> <div style=\" background-color: #F4F4F4; border-radius: 4px; flex-grow: 0; height: 14px; width: 60px;\"><\/div><\/div><\/div><div style=\"padding: 19% 0;\"><\/div> <div style=\"display:block; height:50px; margin:0 auto 12px; width:50px;\"><svg width=\"50px\" height=\"50px\" viewBox=\"0 0 60 60\" version=\"1.1\" xmlns=\"https:\/\/www.w3.org\/2000\/svg\" xmlns:xlink=\"https:\/\/www.w3.org\/1999\/xlink\"><g stroke=\"none\" stroke-width=\"1\" fill=\"none\" fill-rule=\"evenodd\"><g transform=\"translate(-511.000000, -20.000000)\" fill=\"#000000\"><g><path d=\"M556.869,30.41 C554.814,30.41 553.148,32.076 553.148,34.131 C553.148,36.186 554.814,37.852 556.869,37.852 C558.924,37.852 560.59,36.186 560.59,34.131 C560.59,32.076 558.924,30.41 556.869,30.41 M541,60.657 C535.114,60.657 530.342,55.887 530.342,50 C530.342,44.114 535.114,39.342 541,39.342 C546.887,39.342 551.658,44.114 551.658,50 C551.658,55.887 546.887,60.657 541,60.657 M541,33.886 C532.1,33.886 524.886,41.1 524.886,50 C524.886,58.899 532.1,66.113 541,66.113 C549.9,66.113 557.115,58.899 557.115,50 C557.115,41.1 549.9,33.886 541,33.886 M565.378,62.101 C565.244,65.022 564.756,66.606 564.346,67.663 C563.803,69.06 563.154,70.057 562.106,71.106 C561.058,72.155 560.06,72.803 558.662,73.347 C557.607,73.757 556.021,74.244 553.102,74.378 C549.944,74.521 548.997,74.552 541,74.552 C533.003,74.552 532.056,74.521 528.898,74.378 C525.979,74.244 524.393,73.757 523.338,73.347 C521.94,72.803 520.942,72.155 519.894,71.106 C518.846,70.057 518.197,69.06 517.654,67.663 C517.244,66.606 516.755,65.022 516.623,62.101 C516.479,58.943 516.448,57.996 516.448,50 C516.448,42.003 516.479,41.056 516.623,37.899 C516.755,34.978 517.244,33.391 517.654,32.338 C518.197,30.938 518.846,29.942 519.894,28.894 C520.942,27.846 521.94,27.196 523.338,26.654 C524.393,26.244 525.979,25.756 528.898,25.623 C532.057,25.479 533.004,25.448 541,25.448 C548.997,25.448 549.943,25.479 553.102,25.623 C556.021,25.756 557.607,26.244 558.662,26.654 C560.06,27.196 561.058,27.846 562.106,28.894 C563.154,29.942 563.803,30.938 564.346,32.338 C564.756,33.391 565.244,34.978 565.378,37.899 C565.522,41.056 565.552,42.003 565.552,50 C565.552,57.996 565.522,58.943 565.378,62.101 M570.82,37.631 C570.674,34.438 570.167,32.258 569.425,30.349 C568.659,28.377 567.633,26.702 565.965,25.035 C564.297,23.368 562.623,22.342 560.652,21.575 C558.743,20.834 556.562,20.326 553.369,20.18 C550.169,20.033 549.148,20 541,20 C532.853,20 531.831,20.033 528.631,20.18 C525.438,20.326 523.257,20.834 521.349,21.575 C519.376,22.342 517.703,23.368 516.035,25.035 C514.368,26.702 513.342,28.377 512.574,30.349 C511.834,32.258 511.326,34.438 511.181,37.631 C511.035,40.831 511,41.851 511,50 C511,58.147 511.035,59.17 511.181,62.369 C511.326,65.562 511.834,67.743 512.574,69.651 C513.342,71.625 514.368,73.296 516.035,74.965 C517.703,76.634 519.376,77.658 521.349,78.425 C523.257,79.167 525.438,79.673 528.631,79.82 C531.831,79.965 532.853,80.001 541,80.001 C549.148,80.001 550.169,79.965 553.369,79.82 C556.562,79.673 558.743,79.167 560.652,78.425 C562.623,77.658 564.297,76.634 565.965,74.965 C567.633,73.296 568.659,71.625 569.425,69.651 C570.167,67.743 570.674,65.562 570.82,62.369 C570.966,59.17 571,58.147 571,50 C571,41.851 570.966,40.831 570.82,37.631\"><\/path><\/g><\/g><\/g><\/svg><\/div><div style=\"padding-top: 8px;\"> <div style=\" color:#3897f0; font-family:Arial,sans-serif; font-size:14px; font-style:normal; font-weight:550; line-height:18px;\">Ver esta publicaci\u00f3n en Instagram<\/div><\/div><div style=\"padding: 12.5% 0;\"><\/div> <div style=\"display: flex; flex-direction: row; margin-bottom: 14px; align-items: center;\"><div> <div style=\"background-color: #F4F4F4; border-radius: 50%; height: 12.5px; width: 12.5px; transform: translateX(0px) translateY(7px);\"><\/div> <div style=\"background-color: #F4F4F4; height: 12.5px; transform: rotate(-45deg) translateX(3px) translateY(1px); width: 12.5px; flex-grow: 0; margin-right: 14px; margin-left: 2px;\"><\/div> <div style=\"background-color: #F4F4F4; border-radius: 50%; height: 12.5px; width: 12.5px; transform: translateX(9px) translateY(-18px);\"><\/div><\/div><div style=\"margin-left: 8px;\"> <div style=\" background-color: #F4F4F4; border-radius: 50%; flex-grow: 0; height: 20px; width: 20px;\"><\/div> <div style=\" width: 0; height: 0; border-top: 2px solid transparent; border-left: 6px solid #f4f4f4; border-bottom: 2px solid transparent; transform: translateX(16px) translateY(-4px) rotate(30deg)\"><\/div><\/div><div style=\"margin-left: auto;\"> <div style=\" width: 0px; border-top: 8px solid #F4F4F4; border-right: 8px solid transparent; transform: translateY(16px);\"><\/div> <div style=\" background-color: #F4F4F4; flex-grow: 0; height: 12px; width: 16px; transform: translateY(-4px);\"><\/div> <div style=\" width: 0; height: 0; border-top: 8px solid #F4F4F4; border-left: 8px solid transparent; transform: translateY(-4px) translateX(8px);\"><\/div><\/div><\/div> <div style=\"display: flex; flex-direction: column; flex-grow: 1; justify-content: center; margin-bottom: 24px;\"> <div style=\" background-color: #F4F4F4; border-radius: 4px; flex-grow: 0; height: 14px; margin-bottom: 6px; width: 224px;\"><\/div> <div style=\" background-color: #F4F4F4; border-radius: 4px; flex-grow: 0; height: 14px; width: 144px;\"><\/div><\/div><\/a><p style=\" color:#c9c8cd; font-family:Arial,sans-serif; font-size:14px; line-height:17px; margin-bottom:0; margin-top:8px; overflow:hidden; padding:8px 0 7px; text-align:center; text-overflow:ellipsis; white-space:nowrap;\"><a href=\"https:\/\/www.instagram.com\/reel\/DSTaljqjgZE\/?utm_source=ig_embed&amp;utm_campaign=loading\" style=\" color:#c9c8cd; font-family:Arial,sans-serif; font-size:14px; font-style:normal; font-weight:normal; line-height:17px; text-decoration:none;\" target=\"_blank\" rel=\"noopener\">Una publicaci\u00f3n compartida por ES RE VIRAL (@esreviral)<\/a><\/p><\/div><\/blockquote>\n<script async src=\"\/\/www.instagram.com\/embed.js\"><\/script>\n\n\n\n\n<h3 class=\"wp-block-heading\"><strong><mark style=\"background-color:rgba(0, 0, 0, 0)\" class=\"has-inline-color has-vivid-red-color\">Un v\u00ednculo temprano con la m\u00fasica<\/mark><\/strong><\/h3>\n\n\n\n<p><strong>Desde los cuatro a\u00f1os de edad<\/strong>, Sol comenz\u00f3 a estudiar viol\u00edn en la<strong> Escuela de M\u00fasica Athos Palma,<\/strong> en Buenos Aires, instituci\u00f3n en la que contin\u00faa form\u00e1ndose. Lo que m\u00e1s la enamor\u00f3 del instrumento fue su sonido, y<strong> disfruta especialmente interpretar m\u00fasica cl\u00e1sica y pop.<\/strong><\/p>\n\n\n\n<h3 class=\"wp-block-heading\"><strong><mark style=\"background-color:rgba(0, 0, 0, 0)\" class=\"has-inline-color has-vivid-red-color\">El d\u00eda que toc\u00f3 para Shakira<\/mark><\/strong><\/h3>\n\n\n\n<p>El momento m\u00e1s inolvidable de su corta pero prometedora carrera lleg\u00f3 cuando tuvo la oportunidad de tocar el viol\u00edn para Shakira. \u201c<strong><em>Estaba contenta y emocionada, pero tambi\u00e9n nerviosa, con miedo de equivocarme\u201d,<\/em><\/strong> record\u00f3 Sol. Sin embargo, el apoyo del p\u00fablico fue clave para tranquilizarse y seguir tocando.<\/p>\n\n\n\n<p><strong><em>\u201cFue muy bonito, muy emocionante\u201d, <\/em><\/strong>cont\u00f3 sobre ese instante frente a la <strong>artista colombiana<\/strong>. La emoci\u00f3n fue a\u00fan mayor cuando Shakira le firm\u00f3 el viol\u00edn. \u201c<strong><em>Fue una alegr\u00eda enorme, un recuerdo para toda la vida\u201d<\/em><\/strong>, expres\u00f3.<\/p>\n\n\n<div class=\"wp-block-image\">\n<figure class=\"aligncenter size-large\"><img fetchpriority=\"high\" decoding=\"async\" width=\"768\" height=\"1024\" src=\"https:\/\/esreviral.com\/wp-content\/uploads\/2025\/12\/AnyConv.com__WhatsApp-Image-2025-12-14-at-9.11.05-PM-768x1024.webp\" alt=\"\" class=\"wp-image-85021\" srcset=\"https:\/\/esreviral.com\/wp-content\/uploads\/2025\/12\/AnyConv.com__WhatsApp-Image-2025-12-14-at-9.11.05-PM-768x1024.webp 768w, https:\/\/esreviral.com\/wp-content\/uploads\/2025\/12\/AnyConv.com__WhatsApp-Image-2025-12-14-at-9.11.05-PM-225x300.webp 225w, https:\/\/esreviral.com\/wp-content\/uploads\/2025\/12\/AnyConv.com__WhatsApp-Image-2025-12-14-at-9.11.05-PM-1152x1536.webp 1152w, https:\/\/esreviral.com\/wp-content\/uploads\/2025\/12\/AnyConv.com__WhatsApp-Image-2025-12-14-at-9.11.05-PM-1536x2048.webp 1536w, https:\/\/esreviral.com\/wp-content\/uploads\/2025\/12\/AnyConv.com__WhatsApp-Image-2025-12-14-at-9.11.05-PM-scaled.webp 1920w\" sizes=\"(max-width: 768px) 100vw, 768px\" \/><figcaption class=\"wp-element-caption\"><strong><em>Toda la familia acompa\u00f1a el camino de la joven violinista. Su hermana tambi\u00e9n toca piano y es una gran fuente de motivaci\u00f3n e inspiraci\u00f3n para Sol.<\/em><\/strong>&#8211;<\/figcaption><\/figure><\/div>\n\n\n<h3 class=\"wp-block-heading\"><strong><mark style=\"background-color:rgba(0, 0, 0, 0)\" class=\"has-inline-color has-vivid-red-color\">Familia, identidad y sue\u00f1os<\/mark><\/strong><\/h3>\n\n\n\n<p>Sol cuenta con el acompa\u00f1amiento constante de <strong>su pap\u00e1, su mam\u00e1, su hermana y de su profesora Mercedes Palomar, <\/strong>pilares fundamentales en su camino art\u00edstico.<\/p>\n\n\n\n<p>Orgullosa de sus ra\u00edces, asegur\u00f3 que se siente bien representando a Venezuela desde Argentina: \u201c<strong><em>Me siento argentina sin dejar mis costumbres venezolanas\u201d. <\/em><\/strong>Tambi\u00e9n afirm\u00f3 sentirse muy orgullosa de llevar su cultura a trav\u00e9s de la m\u00fasica.<\/p>\n\n\n\n<p><strong>Entre sus sue\u00f1os est\u00e1 tocar el viol\u00edn junto a artistas reconocidos como Shakira<\/strong> y llevar el tricolor venezolano a escenarios de todo el mundo. Su objetivo es dedicarse profesionalmente a la m\u00fasica y presentarse en grandes escenarios internacionales.<\/p>\n\n\n\n<h3 class=\"wp-block-heading\"><strong><mark style=\"background-color:rgba(0, 0, 0, 0)\" class=\"has-inline-color has-vivid-red-color\">Un mensaje que inspira<\/mark><\/strong><\/h3>\n\n\n\n<p>A otros ni\u00f1os que sue\u00f1an con la m\u00fasica, Sol les deja un mensaje claro:<br>\u201c<strong><em>Que no dejen de luchar por sus sue\u00f1os, que a pesar de las dificultades siempre se puede brillar\u201d.<\/em><\/strong><\/p>\n\n\n\n<p class=\"has-text-align-center\"><em><strong><em><strong><em><strong><em><strong><a href=\"https:\/\/t.me\/esreviral\">\u00daNETE A NUESTRO CANAL DE TELEGRAM PARA ESTAR INFORMADO<\/a><\/strong><\/em><\/strong><\/em><\/strong><\/em><\/strong><\/em><\/p>\n\n\n\n<p>Y si pudiera volver a hablar con Shakira, no dudar\u00eda en agradecerle:<br>\u201c<strong><em>Gracias por firmarme el viol\u00edn y por escucharme tocar tus canciones. Esa noche fue muy especial. Me gustar\u00eda alg\u00fan d\u00eda tocar con ella en el escenario\u201d.<\/em><\/strong><\/p>\n\n\n\n<p><strong><a href=\"https:\/\/www.instagram.com\/adrianavargas1988\/?igsh=MXhxbnI5ZmNpZDNmMw%3D%3D#\" data-type=\"link\" data-id=\"https:\/\/www.instagram.com\/adrianavargas1988\/?igsh=MXhxbnI5ZmNpZDNmMw%3D%3D#\">Madre se Sol Adriana Vargas<\/a><\/strong><\/p>\n","protected":false},"excerpt":{"rendered":"<p>Con solo 10 a\u00f1os de edad, la violinista venezolana Sol Arianna Escalante Vargas, radicada en Buenos Aires, vivi\u00f3 un momento inolvidable al tocar frente a Shakira, quien adem\u00e1s le firm\u00f3 su viol\u00edn. Migrante desde 2018 y estudiante de m\u00fasica desde temprana edad, Sol combina talento, disciplina y orgullo por sus ra\u00edces, con el sue\u00f1o de llevar su tricolor a grandes escenarios del mundo a trav\u00e9s de la m\u00fasica.<\/p>\n","protected":false},"author":3,"featured_media":85020,"comment_status":"closed","ping_status":"closed","sticky":false,"template":"","format":"standard","meta":{"jnews-multi-image_gallery":[],"jnews_single_post":{"format":"standard"},"jnews_primary_category":[],"jnews_social_meta":[],"jnews_review":[],"enable_review":"","type":"","name":"","summary":"","brand":"","sku":"","good":[],"bad":[],"score_override":"","override_value":"","rating":[],"price":[],"jnews_override_counter":[],"jnews_post_split":[],"footnotes":""},"categories":[1142,5892],"tags":[29242,124,38411,22647,241,45,537,38410,67],"class_list":["post-85017","post","type-post","status-publish","format-standard","has-post-thumbnail","hentry","category-musica","category-venezolanos-en-argentina","tag-artista-colombiana","tag-buenos-aires","tag-escuela-de-musica-athos-palmas-ba","tag-joven-violinista","tag-musica","tag-noticias","tag-shakira","tag-sol-arianna-escalante-vargas","tag-venezolanos-en-argentina"],"amp_enabled":true,"_links":{"self":[{"href":"https:\/\/esreviral.com\/index.php?rest_route=\/wp\/v2\/posts\/85017"}],"collection":[{"href":"https:\/\/esreviral.com\/index.php?rest_route=\/wp\/v2\/posts"}],"about":[{"href":"https:\/\/esreviral.com\/index.php?rest_route=\/wp\/v2\/types\/post"}],"author":[{"embeddable":true,"href":"https:\/\/esreviral.com\/index.php?rest_route=\/wp\/v2\/users\/3"}],"replies":[{"embeddable":true,"href":"https:\/\/esreviral.com\/index.php?rest_route=%2Fwp%2Fv2%2Fcomments&post=85017"}],"version-history":[{"count":6,"href":"https:\/\/esreviral.com\/index.php?rest_route=\/wp\/v2\/posts\/85017\/revisions"}],"predecessor-version":[{"id":85101,"href":"https:\/\/esreviral.com\/index.php?rest_route=\/wp\/v2\/posts\/85017\/revisions\/85101"}],"wp:featuredmedia":[{"embeddable":true,"href":"https:\/\/esreviral.com\/index.php?rest_route=\/wp\/v2\/media\/85020"}],"wp:attachment":[{"href":"https:\/\/esreviral.com\/index.php?rest_route=%2Fwp%2Fv2%2Fmedia&parent=85017"}],"wp:term":[{"taxonomy":"category","embeddable":true,"href":"https:\/\/esreviral.com\/index.php?rest_route=%2Fwp%2Fv2%2Fcategories&post=85017"},{"taxonomy":"post_tag","embeddable":true,"href":"https:\/\/esreviral.com\/index.php?rest_route=%2Fwp%2Fv2%2Ftags&post=85017"}],"curies":[{"name":"wp","href":"https:\/\/api.w.org\/{rel}","templated":true}]}}