{"id":84962,"date":"2025-12-12T09:24:54","date_gmt":"2025-12-12T14:24:54","guid":{"rendered":"https:\/\/esreviral.com\/?p=84962"},"modified":"2025-12-12T09:24:56","modified_gmt":"2025-12-12T14:24:56","slug":"buenos-aires-estalla-de-vida-este-finde-la-floralis-renace-y-la-ciudad-se-llena-de-magia","status":"publish","type":"post","link":"https:\/\/esreviral.com\/?p=84962","title":{"rendered":"Buenos Aires estalla de vida este finde: la Floralis renace y la Ciudad se llena de magia"},"content":{"rendered":"\n<p><strong>La restauraci\u00f3n de la Floralis es una fiesta<\/strong><br>La Floralis gen\u00e9rica (Plaza de las Naciones Unidas, Av. Figueroa Alcorta 2901) recuper\u00f3 sus dos p\u00e9talos da\u00f1ados y este s\u00e1bado desde el mediod\u00eda ser\u00e1 el escenario de un gran festival para celebrar su restauraci\u00f3n, que incluy\u00f3 t\u00e9cnicas de la industria aeroespacial. Desde las 13 habr\u00e1 un patio de comidas para pasar todo el d\u00eda y desde las 16 se presentar\u00e1n Rayos L\u00e1ser, Chechi de Marcos y Emmanuel Horvilleur. Y a las 21 el monumento se iluminar\u00e1 como nunca antes.<\/p>\n\n\n\n<p><strong>Festival Planetario<\/strong><\/p>\n\n\n\n<p>El Planetario Galileo Galilei (Av. Sarmiento y Av. Figueroa Alcorta) cierra el a\u00f1o con una gran celebraci\u00f3n. El fin de semana habr\u00e1 funciones gratuitas (_De la Tierra al Universo en LSA, Top 5 y Veo Veo_) y habr\u00e1 adem\u00e1s una&nbsp;<strong>programaci\u00f3n especial llena de ciencia y m\u00fasica para toda la familia<\/strong>. El final del festival estar\u00e1 a cargo de Luis Pescetti, que fusionar\u00e1 la ciencia y el humor para los chicos. Las entradas son por orden de llegada y se entregan media hora antes de cada presentaci\u00f3n. Toda la agenda se puede consultar en&nbsp;<a href=\"https:\/\/lt.mydplr.com\/7ec3907ae6dbf0b41b0a4839d784a7e3-3523ed1b7c765c2ed4553be6ca72846c\" target=\"_blank\" rel=\"noreferrer noopener\"><u>https:\/\/planetario.buenosaires.gob.ar\/<\/u><\/a><\/p>\n\n\n\n<p class=\"has-text-align-center\"><em><strong><a href=\"https:\/\/chat.whatsapp.com\/KWkTmakY3I05kNdd2oZl6d\"><em>\u00daNETE A NUESTRO GRUPO DE WHATSAPP PARA ESTAR INFORMADO<\/em><\/a><\/strong><\/em><\/p>\n\n\n\n<figure class=\"wp-block-image size-large\"><img fetchpriority=\"high\" decoding=\"async\" width=\"1024\" height=\"682\" src=\"https:\/\/esreviral.com\/wp-content\/uploads\/2025\/12\/AnyConv.com__WhatsApp_Image_2025-12-11_at_2.00.15_PM-1024x682.webp\" alt=\"\" class=\"wp-image-84964\" srcset=\"https:\/\/esreviral.com\/wp-content\/uploads\/2025\/12\/AnyConv.com__WhatsApp_Image_2025-12-11_at_2.00.15_PM-1024x682.webp 1024w, https:\/\/esreviral.com\/wp-content\/uploads\/2025\/12\/AnyConv.com__WhatsApp_Image_2025-12-11_at_2.00.15_PM-300x200.webp 300w, https:\/\/esreviral.com\/wp-content\/uploads\/2025\/12\/AnyConv.com__WhatsApp_Image_2025-12-11_at_2.00.15_PM-768x512.webp 768w, https:\/\/esreviral.com\/wp-content\/uploads\/2025\/12\/AnyConv.com__WhatsApp_Image_2025-12-11_at_2.00.15_PM.webp 1280w\" sizes=\"(max-width: 1024px) 100vw, 1024px\" \/><\/figure>\n\n\n\n<p><\/p>\n\n\n\n<p><strong>La Navidad invade los barrios<\/strong><\/p>\n\n\n\n<p>Durante estas fiestas, las plazas de la Ciudad tendr\u00e1n propuestas gastron\u00f3micas, artistas itinerantes y juegos como&nbsp;<strong>metegol, ping pong y jenga gigante, cine y literatura<\/strong>. La iniciativa llegar\u00e1 a cuatro espacios verdes este fin de semana: el s\u00e1bado, en Plaza Irlanda (Av. Donato \u00c1lvarez y Neuqu\u00e9n) y Parque Ferroviario Colegiales (Moldes y Virrey Arredondo); el domingo, en Parque Chacabuco (Av. Asamblea y Emilio Mitre) y Plaza Arenales (Mercedes y Pareja). Ser\u00e1 de 16 a 22 y todas las sedes tendr\u00e1n cierre musical.<\/p>\n\n\n\n<p><strong>A pedalear en Parque Thays<\/strong><\/p>\n\n\n\n<p>Llega una nueva edici\u00f3n de Soltate&nbsp;<strong>para que chicos y grandes puedan aprender a andar en bicicleta<\/strong>. Se har\u00e1 en Parque Thays (Av. Del Libertador y Av. Callao) este s\u00e1bado y domingo, de 13 a 18. La actividad cuenta con la presencia de profesores y para participar no hace falta inscripci\u00f3n ni llevar bicicleta o casco.<\/p>\n\n\n\n<p><strong>2&#215;4 en Villa Urquiza<\/strong><\/p>\n\n\n\n<p>En el marco de la Semana del Tango, la Banda Sinf\u00f3nica de Buenos Aires se presentar\u00e1 en el Centro Cultural 25 de Mayo (Av. Triunvirato 4444) bajo la direcci\u00f3n de Nicol\u00e1s Kapustiansky. La formaci\u00f3n interpretar\u00e1&nbsp;<strong>cl\u00e1sicos que forman parte de la cultura popular porte\u00f1a<\/strong>. El acceso es gratis y con reserva previa en Entradas BA.<\/p>\n\n\n\n<p><strong>Para darle la cartita a Pap\u00e1 Noel<\/strong><\/p>\n\n\n\n<p>Este viernes y el que viene, el Mercado de San Nicol\u00e1s ser\u00e1 sede de actividades recreativas por Navidad.&nbsp;<strong>Pap\u00e1 Noel estar\u00e1 ah\u00ed para sacarse fotos con los chicos y recibir las cartas<\/strong>&nbsp;con sus deseos para estas fiestas. Adem\u00e1s, habr\u00e1 un buz\u00f3n y un espacio decorado para recibir a las familias. Estar\u00e1 de 16 a 18.<\/p>\n\n\n\n<p><strong>Baglietto toca tango<\/strong><\/p>\n\n\n\n<p>Juan Carlos Baglietto es el invitado especial que encabezar\u00e1 el concierto de la&nbsp;<strong>Orquesta del Tango de la Ciudad en la Usina del Arte<\/strong>&nbsp;(Caffarena 1). El programa estar\u00e1 compuesto por obras de Piazzolla, Gardel, Bardi, Mores y Exp\u00f3sito. Ser\u00e1 el s\u00e1bado a las 20. La entrada es con reserva previa a trav\u00e9s de&nbsp;<a href=\"https:\/\/lt.mydplr.com\/d067fe702df40641732605857dff085e-3523ed1b7c765c2ed4553be6ca72846c\" target=\"_blank\" rel=\"noreferrer noopener\"><u>usinadelarte.ar<\/u><\/a><\/p>\n\n\n\n<p><strong>90 a\u00f1os del Sr. Tango<\/strong><\/p>\n\n\n\n<p>V\u00edctor Lavall\u00e9n, una&nbsp;<strong>figura esencial del g\u00e9nero y referente ineludible de la orquesta t\u00edpica<\/strong>, celebrar\u00e1 sus 90 a\u00f1os en el Anfiteatro del Parque Centenario (Av. Lillo y Leopoldo Marechal) junto a su formaci\u00f3n. En esta presentaci\u00f3n especial compartir\u00e1 su trabajo reciente, adem\u00e1s de revisitar sus cl\u00e1sicos. Se har\u00e1 el domingo a las 20.<\/p>\n\n\n\n<p><strong>En busca de rarezas literarias<\/strong><\/p>\n\n\n\n<p>El Museo de Arte Moderno de Buenos Aires (Av. San Juan 360) recibir\u00e1 una nueva edici\u00f3n de la&nbsp;<strong>Feria del Libro Raro<\/strong>, una propuesta que convoca a librer\u00edas anticuarias y a peque\u00f1as editoriales especializadas con el objetivo de compartir ejemplares dif\u00edciles de encontrar tanto por su escasez como por su valor bibli\u00f3filo. Se har\u00e1 el s\u00e1bado y el domingo, de 14 a 20.<\/p>\n\n\n\n<p><strong>Villancicos en la Torre Monumental<\/strong>&nbsp;<\/p>\n\n\n\n<p>La tarde del viernes se llenar\u00e1 de esp\u00edritu navide\u00f1o en pleno barrio de Retiro. La Torre Monumental (Av. Dr. Jos\u00e9 Mar\u00eda Ramos Mej\u00eda 1315) ser\u00e1 el escenario del festejo con la presentaci\u00f3n de villancicos. El concierto estar\u00e1 a cargo del&nbsp;<strong>Coro Juvenil GOPS<\/strong>. Ser\u00e1 a las 17.30.<\/p>\n\n\n\n<p class=\"has-text-align-center\"><em><strong><em><strong><em><strong><em><strong><a href=\"https:\/\/t.me\/esreviral\">\u00daNETE A NUESTRO CANAL DE TELEGRAM PARA ESTAR INFORMADO<\/a><\/strong><\/em><\/strong><\/em><\/strong><\/em><\/strong><\/em><\/p>\n\n\n\n<p><strong>Agencia EFE y sus 60 a\u00f1os en Argentina<\/strong><\/p>\n\n\n\n<p>En 1965, la agencia de noticias EFE abri\u00f3 su primera oficina fuera de Espa\u00f1a en la ciudad de Buenos Aires y, desde entonces, no se detuvo un solo d\u00eda en relatar los hechos m\u00e1s relevantes del pa\u00eds. Y para celebrarlo inaugur\u00f3 la muestra&nbsp;<strong>\u00abTestigos de la historia\u00bb que permanecer\u00e1 abierta hasta el 1\u00b0 de marzo de 2026<\/strong>&nbsp;invitando al p\u00fablico a recorrer 60 a\u00f1os de memoria colectiva: desde Juan Per\u00f3n a Javier Milei. Se puede ver en el Museo de la Inmigraci\u00f3n (Predio de la Direcci\u00f3n Nacional de Migraciones, sobre Ant\u00e1rtida Argentina, acceso peatonal por la Escuela de Ciencias del Mar de la Armada Argentina) de mi\u00e9rcoles a domingos de 11 a 18.<\/p>\n\n\n\n<p><\/p>\n\n\n\n<p class=\"has-text-align-right\"><em><strong>Prensa GCBA<\/strong>.-<\/em><\/p>\n","protected":false},"excerpt":{"rendered":"<p>Habr\u00e1 un festival por la restauraci\u00f3n de la Floralis, el gran \u00edcono porte\u00f1o; los barrios de la Ciudad abrazar\u00e1n la Navidad y el d\u00eda del Tango tendr\u00e1 muchas celebraciones. Adem\u00e1s, el Planetario cierra el a\u00f1o con muchas sorpresas.<\/p>\n","protected":false},"author":3,"featured_media":84963,"comment_status":"closed","ping_status":"closed","sticky":false,"template":"","format":"standard","meta":{"jnews-multi-image_gallery":[],"jnews_single_post":{"format":"standard"},"jnews_primary_category":[],"jnews_social_meta":[],"jnews_review":[],"enable_review":"","type":"","name":"","summary":"","brand":"","sku":"","good":[],"bad":[],"score_override":"","override_value":"","rating":[],"price":[],"jnews_override_counter":[],"jnews_post_split":[],"footnotes":""},"categories":[43,58],"tags":[],"class_list":["post-84962","post","type-post","status-publish","format-standard","has-post-thumbnail","hentry","category-actualidad","category-argentina"],"_links":{"self":[{"href":"https:\/\/esreviral.com\/index.php?rest_route=\/wp\/v2\/posts\/84962","targetHints":{"allow":["GET"]}}],"collection":[{"href":"https:\/\/esreviral.com\/index.php?rest_route=\/wp\/v2\/posts"}],"about":[{"href":"https:\/\/esreviral.com\/index.php?rest_route=\/wp\/v2\/types\/post"}],"author":[{"embeddable":true,"href":"https:\/\/esreviral.com\/index.php?rest_route=\/wp\/v2\/users\/3"}],"replies":[{"embeddable":true,"href":"https:\/\/esreviral.com\/index.php?rest_route=%2Fwp%2Fv2%2Fcomments&post=84962"}],"version-history":[{"count":1,"href":"https:\/\/esreviral.com\/index.php?rest_route=\/wp\/v2\/posts\/84962\/revisions"}],"predecessor-version":[{"id":84965,"href":"https:\/\/esreviral.com\/index.php?rest_route=\/wp\/v2\/posts\/84962\/revisions\/84965"}],"wp:featuredmedia":[{"embeddable":true,"href":"https:\/\/esreviral.com\/index.php?rest_route=\/wp\/v2\/media\/84963"}],"wp:attachment":[{"href":"https:\/\/esreviral.com\/index.php?rest_route=%2Fwp%2Fv2%2Fmedia&parent=84962"}],"wp:term":[{"taxonomy":"category","embeddable":true,"href":"https:\/\/esreviral.com\/index.php?rest_route=%2Fwp%2Fv2%2Fcategories&post=84962"},{"taxonomy":"post_tag","embeddable":true,"href":"https:\/\/esreviral.com\/index.php?rest_route=%2Fwp%2Fv2%2Ftags&post=84962"}],"curies":[{"name":"wp","href":"https:\/\/api.w.org\/{rel}","templated":true}]}}