{"id":84895,"date":"2025-12-11T10:11:36","date_gmt":"2025-12-11T15:11:36","guid":{"rendered":"https:\/\/esreviral.com\/?p=84895"},"modified":"2025-12-11T10:11:38","modified_gmt":"2025-12-11T15:11:38","slug":"reforma-laboral-milei-cedio-en-puntos-clave-y-envio-el-proyecto-al-congreso-argentino","status":"publish","type":"post","link":"https:\/\/esreviral.com\/?p=84895","title":{"rendered":"Reforma laboral: Milei cedi\u00f3 en puntos clave y envi\u00f3 el proyecto al Congreso Argentino"},"content":{"rendered":"\n<p>Reci\u00e9n llegado de Oslo, el <strong>presidente Javier Milei <\/strong>firm\u00f3 la <strong>reforma laboral<\/strong> que luego fue enviada al Congreso Argentino. En el texto final, el Gobierno introdujo un gesto hacia la CGT: decidi\u00f3 excluir la eliminaci\u00f3n de la \u201ccuota solidaria\u201d, el aporte que realizan los trabajadores no afiliados para financiar la actividad gremial.<\/p>\n\n\n\n<p>Adem\u00e1s, se moder\u00f3 otro punto que generaba preocupaci\u00f3n en los sindicatos: el r\u00e9gimen de la cuota de afiliaci\u00f3n. Aunque los empleadores podr\u00e1n seguir actuando como agentes de retenci\u00f3n, ahora se requerir\u00e1 la conformidad expresa del trabajador. Con este cambio, los gremios mantienen el control de sus finanzas, un aspecto que hab\u00eda quedado en duda tras los borradores difundidos durante el fin de semana.<\/p>\n\n\n\n<p class=\"has-text-align-center\"><strong><a href=\"https:\/\/chat.whatsapp.com\/KWkTmakY3I05kNdd2oZl6d\"><em>\u00daNETE A NUESTRO GRUPO DE WHATSAPP PARA ESTAR INFORMADO<\/em><\/a><\/strong><\/p>\n\n\n\n<div data-wp-interactive=\"core\/file\" class=\"wp-block-file\"><object data-wp-bind--hidden=\"!state.hasPdfPreview\" hidden class=\"wp-block-file__embed\" data=\"https:\/\/esreviral.com\/wp-content\/uploads\/2025\/12\/INLEG_2025_136819284_APN_PTE_1_1_377836ebc5.pdf\" type=\"application\/pdf\" style=\"width:100%;height:600px\" aria-label=\"Incrustado de INLEG_2025_136819284_APN_PTE_1_1_377836ebc5.\"><\/object><a id=\"wp-block-file--media-36d9ad6d-dbff-468c-ae4e-2467a24e093d\" href=\"https:\/\/esreviral.com\/wp-content\/uploads\/2025\/12\/INLEG_2025_136819284_APN_PTE_1_1_377836ebc5.pdf\">INLEG_2025_136819284_APN_PTE_1_1_377836ebc5<\/a><a href=\"https:\/\/esreviral.com\/wp-content\/uploads\/2025\/12\/INLEG_2025_136819284_APN_PTE_1_1_377836ebc5.pdf\" class=\"wp-block-file__button wp-element-button\" download aria-describedby=\"wp-block-file--media-36d9ad6d-dbff-468c-ae4e-2467a24e093d\">Descarga<\/a><\/div>\n\n\n\n<p><\/p>\n\n\n\n<p>Tras casi dos d\u00edas de demoras y negociaciones con la CGT para destrabar los art\u00edculos conflictivos, la Casa Rosada aguard\u00f3 la firma del Presidente sobre un texto elaborado por el Consejo de Mayo y por los principales negociadores del Gobierno: el titular de la C\u00e1mara de Diputados, Mart\u00edn Menem; el estratega Santiago Caputo; y el ministro del Interior, Diego Santilli.<\/p>\n\n\n\n<p>Cerca de las 10, el vocero Manuel Adorni confirm\u00f3 en X que el proyecto representa \u201c<strong><em>la transformaci\u00f3n m\u00e1s grande de la historia argentina en materia laboral\u201d.<\/em><\/strong><\/p>\n\n\n\n<h3 class=\"wp-block-heading\"><strong><mark style=\"background-color:rgba(0, 0, 0, 0)\" class=\"has-inline-color has-vivid-red-color\">Los cambios en el texto oficial<\/mark><\/strong><\/h3>\n\n\n\n<p>El documento firmado por Milei tiene 71 p\u00e1ginas y 26 t\u00edtulos. En el Cap\u00edtulo IV, dedicado al patrimonio de las asociaciones sindicales, se descart\u00f3 cualquier modificaci\u00f3n a la cuota solidaria, el principal reclamo de la CGT. No obstante, el Gobierno estableci\u00f3 que la cuota de afiliaci\u00f3n sindical solo podr\u00e1 retenerse con autorizaci\u00f3n expresa del trabajador y con aval de la Secretar\u00eda de Trabajo.<\/p>\n\n\n\n<p>El art\u00edculo 137 se\u00f1ala: <em>\u201c<strong>Los empleadores podr\u00e1n actuar como agentes de retenci\u00f3n de las cuotas de afiliaci\u00f3n que deban abonar los trabajadores afiliados a asociaciones sindicales con personer\u00eda gremial, siempre que medie conformidad expresa del trabajador y acuerdo entre las partes. A su vez, deber\u00e1 contar con resoluci\u00f3n de la Secretar\u00eda de Trabajo que lo autorice.\u201d<\/strong><\/em><\/p>\n\n\n\n<p>La redacci\u00f3n de estos art\u00edculos gener\u00f3 tensiones dentro del propio Gobierno. El ministro de Desregulaci\u00f3n, Federico Sturzenegger, impulsaba una postura m\u00e1s dura, pero finalmente prevaleci\u00f3 la l\u00ednea de Caputo, Menem y Santilli, quienes mantuvieron conversaciones con la CGT durante las \u00faltimas horas.<\/p>\n\n\n\n<p>Desde la Casa Rosada se\u00f1alaron que las reformas sindicales de mayor alcance ser\u00edan enviadas en un proyecto aparte m\u00e1s adelante.<\/p>\n\n\n\n<blockquote class=\"twitter-tweet\"><p lang=\"es\" dir=\"ltr\">El Presidente de la Naci\u00f3n firm\u00f3 hace unos instantes el proyecto de modernizaci\u00f3n laboral que se enviar\u00e1 inmediatamente al Congreso de la Naci\u00f3n. El mismo representa la transformaci\u00f3n m\u00e1s grande de la historia argentina en materia laboral.<br><br>Dios bendiga a la Rep\u00fablica Argentina.\u2026 <a href=\"https:\/\/t.co\/rJCrDJ3VY6\">pic.twitter.com\/rJCrDJ3VY6<\/a><\/p>&mdash; Manuel Adorni (@madorni) <a href=\"https:\/\/twitter.com\/madorni\/status\/1999079304748040311?ref_src=twsrc%5Etfw\">December 11, 2025<\/a><\/blockquote> <script async src=\"https:\/\/platform.twitter.com\/widgets.js\" charset=\"utf-8\"><\/script>\n\n\n\n<h3 class=\"wp-block-heading\"><strong><mark style=\"background-color:rgba(0, 0, 0, 0)\" class=\"has-inline-color has-vivid-red-color\">Indemnizaciones, juicios laborales y derecho a huelga<\/mark><\/strong><\/h3>\n\n\n\n<p>La iniciativa modifica el sistema de indemnizaciones. Para los despidos sin causa, luego del per\u00edodo de prueba, la compensaci\u00f3n ser\u00e1 equivalente a un mes de sueldo por cada a\u00f1o trabajado o fracci\u00f3n mayor a tres meses, tomando como base la mejor remuneraci\u00f3n mensual normal y habitual del \u00faltimo a\u00f1o.<\/p>\n\n\n\n<p>El Gobierno tambi\u00e9n busca acelerar los procesos judiciales laborales mediante criterios uniformes para evaluar incapacidades, lo que \u2014seg\u00fan argumenta\u2014 reducir\u00eda litigiosidad y facilitar\u00eda la contrataci\u00f3n.<\/p>\n\n\n\n<p>Respecto al derecho de huelga, se incorporan restricciones y se ampl\u00eda el listado de actividades esenciales (75% de servicio m\u00ednimo) y trascendentales (50%). El proyecto habilita descontar el salario a quienes participen en asambleas al considerarse que el trabajador \u201cdeja de estar a disposici\u00f3n del empleador\u201d.<\/p>\n\n\n\n<p>La normativa tambi\u00e9n permite pagar salarios en pesos, d\u00f3lares u otra moneda extranjera. Asimismo, regula las licencias por enfermedad con nuevos requisitos para validar certificados m\u00e9dicos. Se habilita, adem\u00e1s, la posibilidad de que empleador y trabajador acuerden un \u201cbanco de horas\u201d, opci\u00f3n rechazada por los gremios.<\/p>\n\n\n\n<p>El proyecto introduce un r\u00e9gimen espec\u00edfico para repartidores de aplicaciones y propone derogar el estatuto del periodista, lo que ya gener\u00f3 rechazo en los sindicatos del sector.<\/p>\n\n\n\n<blockquote class=\"twitter-tweet\"><p lang=\"zxx\" dir=\"ltr\"><a href=\"https:\/\/t.co\/ihF3wVvWvR\">pic.twitter.com\/ihF3wVvWvR<\/a><\/p>&mdash; Oficina del Presidente (@OPRArgentina) <a href=\"https:\/\/twitter.com\/OPRArgentina\/status\/1999094425591726420?ref_src=twsrc%5Etfw\">December 11, 2025<\/a><\/blockquote> <script async src=\"https:\/\/platform.twitter.com\/widgets.js\" charset=\"utf-8\"><\/script>\n\n\n\n<h3 class=\"wp-block-heading\"><strong><mark style=\"background-color:rgba(0, 0, 0, 0)\" class=\"has-inline-color has-vivid-red-color\">El mensaje pol\u00edtico al Congreso<\/mark><\/strong><\/h3>\n\n\n\n<p>En el mensaje que acompa\u00f1a el proyecto, Milei y los ministros firmantes sostienen que la \u201cmodernizaci\u00f3n laboral\u201d busca eliminar distorsiones que frenan el empleo formal, estimular la competitividad y dar seguridad jur\u00eddica con normas claras. Aseguran que la reforma fomentar\u00e1 la formalizaci\u00f3n y la creaci\u00f3n de trabajo registrado.<\/p>\n\n\n\n<p>El Gobierno remarc\u00f3 adem\u00e1s el car\u00e1cter pol\u00edtico del env\u00edo: <em><strong>\u201cTienen en sus manos la oportunidad de terminar con 100 a\u00f1os de decadencia y volver a poner a la Argentina en el sendero del progreso. Solicitamos el pronto tratamiento y sanci\u00f3n del proyecto de modernizaci\u00f3n laboral\u201d.<\/strong><\/em><\/p>\n\n\n\n<p>El texto ingres\u00f3 al Congreso a trav\u00e9s del Senado y ser\u00e1 debatido en comisi\u00f3n durante las sesiones extraordinarias, que comenzaron el 10 de diciembre y se extender\u00e1n hasta el 31.<\/p>\n\n\n\n<p class=\"has-text-align-center\"><em><strong><em><strong><em><strong><em><strong><a href=\"https:\/\/t.me\/esreviral\">\u00daNETE A NUESTRO CANAL DE TELEGRAM PARA ESTAR INFORMADO<\/a><\/strong><\/em><\/strong><\/em><\/strong><\/em><\/strong><\/em><\/p>\n\n\n\n<p>Desde Casa Rosada difundieron fotos de Milei vestido con el mameluco de YPF \u2014el mismo que us\u00f3 en su visita a Noruega por el Nobel de la Paz\u2014 junto al jefe de Gabinete, Manuel Adorni, y el documento de la reforma sobre la mesa.<\/p>\n\n\n\n<p class=\"has-text-align-right\"><strong><em>Con Informaci\u00f3n de LN.-<\/em><\/strong><\/p>\n","protected":false},"excerpt":{"rendered":"<p>El Presidente rubric\u00f3 el texto de pu\u00f1o y letra y fue remitido al Senado; no se prohibir\u00e1 la cuota solidaria; en la cuota de afiliaci\u00f3n no habr\u00e1 alteraciones en el cobro pero se exigir\u00e1 conformidad<\/p>\n","protected":false},"author":3,"featured_media":84896,"comment_status":"closed","ping_status":"closed","sticky":false,"template":"","format":"standard","meta":{"jnews-multi-image_gallery":[],"jnews_single_post":{"format":"standard"},"jnews_primary_category":[],"jnews_social_meta":[],"jnews_review":[],"enable_review":"","type":"","name":"","summary":"","brand":"","sku":"","good":[],"bad":[],"score_override":"","override_value":"","rating":[],"price":[],"jnews_override_counter":[],"jnews_post_split":[],"footnotes":""},"categories":[58,59],"tags":[44,1158,45,14344,13054],"class_list":["post-84895","post","type-post","status-publish","format-standard","has-post-thumbnail","hentry","category-argentina","category-politica","tag-argentina","tag-javier-milei","tag-noticias","tag-presidente-javier-milei-2","tag-reforma-laboral"],"_links":{"self":[{"href":"https:\/\/esreviral.com\/index.php?rest_route=\/wp\/v2\/posts\/84895","targetHints":{"allow":["GET"]}}],"collection":[{"href":"https:\/\/esreviral.com\/index.php?rest_route=\/wp\/v2\/posts"}],"about":[{"href":"https:\/\/esreviral.com\/index.php?rest_route=\/wp\/v2\/types\/post"}],"author":[{"embeddable":true,"href":"https:\/\/esreviral.com\/index.php?rest_route=\/wp\/v2\/users\/3"}],"replies":[{"embeddable":true,"href":"https:\/\/esreviral.com\/index.php?rest_route=%2Fwp%2Fv2%2Fcomments&post=84895"}],"version-history":[{"count":1,"href":"https:\/\/esreviral.com\/index.php?rest_route=\/wp\/v2\/posts\/84895\/revisions"}],"predecessor-version":[{"id":84898,"href":"https:\/\/esreviral.com\/index.php?rest_route=\/wp\/v2\/posts\/84895\/revisions\/84898"}],"wp:featuredmedia":[{"embeddable":true,"href":"https:\/\/esreviral.com\/index.php?rest_route=\/wp\/v2\/media\/84896"}],"wp:attachment":[{"href":"https:\/\/esreviral.com\/index.php?rest_route=%2Fwp%2Fv2%2Fmedia&parent=84895"}],"wp:term":[{"taxonomy":"category","embeddable":true,"href":"https:\/\/esreviral.com\/index.php?rest_route=%2Fwp%2Fv2%2Fcategories&post=84895"},{"taxonomy":"post_tag","embeddable":true,"href":"https:\/\/esreviral.com\/index.php?rest_route=%2Fwp%2Fv2%2Ftags&post=84895"}],"curies":[{"name":"wp","href":"https:\/\/api.w.org\/{rel}","templated":true}]}}