{"id":84838,"date":"2025-12-10T11:17:41","date_gmt":"2025-12-10T16:17:41","guid":{"rendered":"https:\/\/esreviral.com\/?p=84838"},"modified":"2025-12-10T11:25:27","modified_gmt":"2025-12-10T16:25:27","slug":"gobierno-venezolano-confisco-el-pasaporte-del-cardenal-baltazar-porras-y-le-impidio-salir-del-pais","status":"publish","type":"post","link":"https:\/\/esreviral.com\/?p=84838","title":{"rendered":"Gobierno venezolano confisc\u00f3 el pasaporte del cardenal Baltazar Porras y le impidi\u00f3 salir del pa\u00eds"},"content":{"rendered":"\n<p><strong>Funcionarios de inmigraci\u00f3n venezolanos retuvieron y confiscaron el pasaporte del cardenal Baltazar Enrique Porras Cardozo, arzobispo em\u00e9rito de Caracas y protector espiritual del Gran Priorato de la Orden Militar y Hospitalaria de San L\u00e1zaro de Jerusal\u00e9n en Venezuela.<\/strong><\/p>\n\n\n\n<p>El incidente ocurri\u00f3 en el <strong>aeropuerto de Maiquet\u00eda<\/strong> e impidi\u00f3 que el cardenal abordara su vuelo con destino a Madrid (v\u00eda Bogot\u00e1), donde deb\u00eda participar en una solemne ceremonia de investidura. La Orden de San L\u00e1zaro calific\u00f3 la retenci\u00f3n como un acto \u201cinjustificado\u201d y \u201chumillante\u201d.<\/p>\n\n\n\n<p class=\"has-text-align-center\"><strong><a href=\"https:\/\/chat.whatsapp.com\/KWkTmakY3I05kNdd2oZl6d\"><em>\u00daNETE A NUESTRO GRUPO DE WHATSAPP PARA ESTAR INFORMADO<\/em><\/a><\/strong><\/p>\n\n\n\n<blockquote class=\"twitter-tweet\"><p lang=\"es\" dir=\"ltr\">El Cardenal Baltazar Porras ha sido v\u00edctima de la retenci\u00f3n de pasaporte en el aeropuerto de Maiquetia y, por lo tanto, no pudo viajar a su destino. Iba a Colombia para tomar un vuelo hacia Espa\u00f1a.<br><br>Est\u00e1 de regreso a su residencia en <a href=\"https:\/\/twitter.com\/hashtag\/Caracas?src=hash&amp;ref_src=twsrc%5Etfw\">#Caracas<\/a>. <br><br>Debemos recordar que la retenci\u00f3n\u2026<\/p>&mdash; Oscar Murillo (@oscarfmurillo) <a href=\"https:\/\/twitter.com\/oscarfmurillo\/status\/1998758076875219052?ref_src=twsrc%5Etfw\">December 10, 2025<\/a><\/blockquote> <script async src=\"https:\/\/platform.twitter.com\/widgets.js\" charset=\"utf-8\"><\/script>\n\n\n\n<h3 class=\"wp-block-heading\"><strong><mark style=\"background-color:rgba(0, 0, 0, 0)\" class=\"has-inline-color has-vivid-red-color\">Violaci\u00f3n de la inmunidad diplom\u00e1tica<\/mark><\/strong><\/h3>\n\n\n\n<p>De acuerdo con una denuncia elevada a la Secretar\u00eda de Estado del Vaticano, el cardenal fue sometido a un trato impropio de su dignidad. La polic\u00eda de inmigraci\u00f3n no solo anul\u00f3 y confisc\u00f3 su pasaporte venezolano, sino que tambi\u00e9n le neg\u00f3 el embarque pese a presentar su pasaporte del Estado Vaticano, documento que le otorga prerrogativas diplom\u00e1ticas en su condici\u00f3n de pr\u00edncipe de la Iglesia.<\/p>\n\n\n\n<p>El cardenal Porras fue adem\u00e1s sometido a una requisa de sus pertenencias y vestimenta, con el uso de perros antidrogas, mientras su equipaje era retirado del avi\u00f3n. El hostigamiento alcanz\u00f3 tambi\u00e9n al gran prior de la Orden en Venezuela, Dr. Jos\u00e9 Antonio Rodr\u00edguez Rodr\u00edguez, quien viajaba con \u00e9l y su esposa.<\/p>\n\n\n\n<p>A las 10:48 a. m., se inform\u00f3 que el cardenal regresaba a su residencia tras el incidente. El hecho recuerda el episodio en el que se le impidi\u00f3 viajar a Isnot\u00fa para la misa de acci\u00f3n de gracias por la canonizaci\u00f3n de San Jos\u00e9 Gregorio Hern\u00e1ndez y Santa Madre Carmen Rendiles.<\/p>\n\n\n\n<h3 class=\"wp-block-heading\"><strong><mark style=\"background-color:rgba(0, 0, 0, 0)\" class=\"has-inline-color has-vivid-red-color\">Denuncia ante el derecho internacional<\/mark><\/strong><\/h3>\n\n\n\n<p>En un comunicado firmado por don Jos\u00e9 Leonardo Carta Tirado, la Canciller\u00eda del Gran Priorato de la Orden de San L\u00e1zaro denunci\u00f3 lo ocurrido como una \u201cviolaci\u00f3n flagrante del Derecho Internacional\u201d. El texto invoca la Convenci\u00f3n de Viena sobre Relaciones Diplom\u00e1ticas (1961), especialmente los art\u00edculos 29 \u2014sobre la inviolabilidad de la persona del agente diplom\u00e1tico\u2014 y 36, que resguarda la inmunidad de inspecci\u00f3n de efectos personales.<\/p>\n\n\n\n<p class=\"has-text-align-center\"><em><strong><em><strong><em><strong><em><strong><a href=\"https:\/\/t.me\/esreviral\">\u00daNETE A NUESTRO CANAL DE TELEGRAM PARA ESTAR INFORMADO<\/a><\/strong><\/em><\/strong><\/em><\/strong><\/em><\/strong><\/em><\/p>\n\n\n\n<p>La Orden solicit\u00f3 a la Secretar\u00eda de Estado del Vaticano presentar una protesta formal ante las autoridades venezolanas, exigir la restituci\u00f3n de los documentos confiscados y garantizar el libre tr\u00e1nsito internacional del cardenal Porras conforme a las normas internacionales vigentes.<\/p>\n\n\n\n<p>Si quieres, puedo ayudarte a acortarlo, hacerlo m\u00e1s duro o adaptarlo al tono de tu medio.<\/p>\n\n\n\n<p class=\"has-text-align-right\"><strong><em>Con Informaci\u00f3n de elnacional.com.-<\/em><\/strong><\/p>\n","protected":false},"excerpt":{"rendered":"<p>La retenci\u00f3n, calificada como \u00abinjustificada\u00bb y \u00abhumillante\u00bb por las instancias de la Orden de San L\u00e1zaro, impidi\u00f3 al cardenal abordar su vuelo pautado hacia Madrid, donde deb\u00eda participar en una solemne ceremonia de investidura<\/p>\n","protected":false},"author":3,"featured_media":84839,"comment_status":"closed","ping_status":"closed","sticky":false,"template":"","format":"standard","meta":{"jnews-multi-image_gallery":[],"jnews_single_post":{"format":"standard"},"jnews_primary_category":[],"jnews_social_meta":[],"jnews_review":[],"enable_review":"","type":"","name":"","summary":"","brand":"","sku":"","good":[],"bad":[],"score_override":"","override_value":"","rating":[],"price":[],"jnews_override_counter":[],"jnews_post_split":[],"footnotes":""},"categories":[66],"tags":[2382,38331,45,893,56],"class_list":["post-84838","post","type-post","status-publish","format-standard","has-post-thumbnail","hentry","category-venezuela","tag-aeropuerto-de-maiquetia","tag-cardenal-baltazar-enrique-porras-cardozo","tag-noticias","tag-pasaporte","tag-venezuela"],"_links":{"self":[{"href":"https:\/\/esreviral.com\/index.php?rest_route=\/wp\/v2\/posts\/84838","targetHints":{"allow":["GET"]}}],"collection":[{"href":"https:\/\/esreviral.com\/index.php?rest_route=\/wp\/v2\/posts"}],"about":[{"href":"https:\/\/esreviral.com\/index.php?rest_route=\/wp\/v2\/types\/post"}],"author":[{"embeddable":true,"href":"https:\/\/esreviral.com\/index.php?rest_route=\/wp\/v2\/users\/3"}],"replies":[{"embeddable":true,"href":"https:\/\/esreviral.com\/index.php?rest_route=%2Fwp%2Fv2%2Fcomments&post=84838"}],"version-history":[{"count":2,"href":"https:\/\/esreviral.com\/index.php?rest_route=\/wp\/v2\/posts\/84838\/revisions"}],"predecessor-version":[{"id":84841,"href":"https:\/\/esreviral.com\/index.php?rest_route=\/wp\/v2\/posts\/84838\/revisions\/84841"}],"wp:featuredmedia":[{"embeddable":true,"href":"https:\/\/esreviral.com\/index.php?rest_route=\/wp\/v2\/media\/84839"}],"wp:attachment":[{"href":"https:\/\/esreviral.com\/index.php?rest_route=%2Fwp%2Fv2%2Fmedia&parent=84838"}],"wp:term":[{"taxonomy":"category","embeddable":true,"href":"https:\/\/esreviral.com\/index.php?rest_route=%2Fwp%2Fv2%2Fcategories&post=84838"},{"taxonomy":"post_tag","embeddable":true,"href":"https:\/\/esreviral.com\/index.php?rest_route=%2Fwp%2Fv2%2Ftags&post=84838"}],"curies":[{"name":"wp","href":"https:\/\/api.w.org\/{rel}","templated":true}]}}