{"id":84723,"date":"2025-12-09T08:45:45","date_gmt":"2025-12-09T13:45:45","guid":{"rendered":"https:\/\/esreviral.com\/?p=84723"},"modified":"2025-12-09T08:45:47","modified_gmt":"2025-12-09T13:45:47","slug":"el-joropo-de-venezuela-ingreso-a-la-lista-de-patrimonio-inmaterial-de-la-unesco","status":"publish","type":"post","link":"https:\/\/esreviral.com\/?p=84723","title":{"rendered":"El joropo de Venezuela ingres\u00f3 a la lista de Patrimonio Inmaterial de la Unesco"},"content":{"rendered":"\n<p>El Comit\u00e9 del Patrimonio Cultural Inmaterial de la Unesco inscribi\u00f3 este martes 9 de diciembre al <strong>joropo venezolano<\/strong> en su Lista Representativa, otorg\u00e1ndole reconocimiento mundial a una tradici\u00f3n que define la identidad de los llanos y que funciona como la banda sonora del mestizaje cultural en el pa\u00eds.<\/p>\n\n\n\n<p>\u201cLas contribuciones de la Unesco son fundamentales, pues promueven la democratizaci\u00f3n de la educaci\u00f3n, la ciencia, la cultura y la comunicaci\u00f3n, adem\u00e1s de proteger la biodiversidad para alcanzar el progreso y la justicia social para todos los pueblos\u201d, declar\u00f3 en la plenaria la embajadora de Venezuela en la India, <strong>Capaya Rodr\u00edguez Gonz\u00e1lez<\/strong>. Subray\u00f3, adem\u00e1s, la relevancia de este reconocimiento \u201cen un momento hist\u00f3rico marcado por amenazas a la paz y la destrucci\u00f3n de la naturaleza en beneficio de intereses materialistas\u201d.<\/p>\n\n\n\n<p class=\"has-text-align-center\"><strong><a href=\"https:\/\/chat.whatsapp.com\/KWkTmakY3I05kNdd2oZl6d\"><em>\u00daNETE A NUESTRO GRUPO DE WHATSAPP PARA ESTAR INFORMADO<\/em><\/a><\/strong><\/p>\n\n\n\n<p>La decisi\u00f3n fue adoptada durante la vig\u00e9sima sesi\u00f3n del organismo en Nueva Delhi, donde se destac\u00f3 el valor de esta expresi\u00f3n festiva que, m\u00e1s all\u00e1 de la m\u00fasica, constituye un sistema integral de saberes que combina poes\u00eda, danza y artesan\u00eda, resultado del sincretismo entre las culturas ind\u00edgena, africana y europea.<\/p>\n\n\n\n<p>Aunque el arpa, el cuatro y las maracas son los instrumentos m\u00e1s emblem\u00e1ticos, el joropo presenta variaciones regionales que incorporan la bandola, el viol\u00edn o el acorde\u00f3n, seg\u00fan se trate del estilo oriental, andino, central o llanero.<\/p>\n\n\n\n<p>M\u00e1s que un g\u00e9nero musical, el joropo es una vivencia cotidiana: acompa\u00f1a desde las faenas de orde\u00f1o y arreo de ganado hasta celebraciones familiares y religiosas. Sus letras funcionan como una cr\u00f3nica oral del pueblo llanero, relatando historias de amor, humor y la vida en el campo.<\/p>\n\n\n\n<h3 class=\"wp-block-heading\"><strong><mark style=\"background-color:rgba(0, 0, 0, 0)\" class=\"has-inline-color has-vivid-red-color\">Patrimonios Culturales de la Humanidad de Venezuela<\/mark><\/strong><\/h3>\n\n\n\n<p>Con esta inscripci\u00f3n, Venezuela suma un nuevo reconocimiento a su lista de Patrimonios Culturales Inmateriales, que ya incluye:<\/p>\n\n\n\n<ul class=\"wp-block-list\">\n<li>Diablos danzantes de Corpus Christi (2012)<\/li>\n\n\n\n<li>Parranda de San Pedro (2013)<\/li>\n\n\n\n<li>Conocimientos y tecnolog\u00edas del cultivo de la curagua (2015)<\/li>\n\n\n\n<li>Carnaval de El Callao (2017)<\/li>\n\n\n\n<li>Cantos de trabajo del llano (2018)<\/li>\n\n\n\n<li>El casabe, tradici\u00f3n culinaria ancestral (2024)<\/li>\n<\/ul>\n\n\n\n<h3 class=\"wp-block-heading\"><strong><mark style=\"background-color:rgba(0, 0, 0, 0)\" class=\"has-inline-color has-vivid-red-color\">\u00bfC\u00f3mo selecciona la Unesco estos patrimonios?<\/mark><\/strong><\/h3>\n\n\n\n<p>El proceso exige que los Estados presenten expedientes exhaustivos sobre la historia, funci\u00f3n social y estado de preservaci\u00f3n de cada manifestaci\u00f3n, junto con un <strong>plan de salvaguardia<\/strong> que detalle acciones concretas para garantizar su continuidad y asegurar la participaci\u00f3n activa de las comunidades.<\/p>\n\n\n\n<p>Las candidaturas son evaluadas por un \u00f3rgano de expertos independientes en patrimonio cultural, antropolog\u00eda y pol\u00edticas p\u00fablicas, que verifica la solidez t\u00e9cnica de cada propuesta y la viabilidad de los compromisos asumidos. Posteriormente, el Comit\u00e9 Intergubernamental \u2014que se re\u00fane una vez al a\u00f1o\u2014 delibera y decide sobre la inscripci\u00f3n.<\/p>\n\n\n\n<p class=\"has-text-align-center\"><em><strong><em><strong><em><strong><em><strong><a href=\"https:\/\/t.me\/esreviral\">\u00daNETE A NUESTRO CANAL DE TELEGRAM PARA ESTAR INFORMADO<\/a><\/strong><\/em><\/strong><\/em><\/strong><\/em><\/strong><\/em><\/p>\n\n\n\n<p>La Unesco enfatiza que la inclusi\u00f3n en sus listas debe fortalecer la protecci\u00f3n del patrimonio vivo, evitando su explotaci\u00f3n comercial o apropiaci\u00f3n indebida. Por ello, recuerda que cada inscripci\u00f3n implica un compromiso permanente de los Estados para gestionar de manera responsable sus tradiciones.<\/p>\n\n\n\n<p class=\"has-text-align-right\"><strong><em>Con Informaci\u00f3n de eldiario.com.-<\/em><\/strong><\/p>\n","protected":false},"excerpt":{"rendered":"<p>La decisi\u00f3n fue adoptada durante la vig\u00e9sima sesi\u00f3n del organismo en Nueva Delhi, que reconoci\u00f3 el valor de esta expresi\u00f3n que constituye un complejo sistema de saberes que integra poes\u00eda, danza y artesan\u00eda<\/p>\n","protected":false},"author":3,"featured_media":84724,"comment_status":"closed","ping_status":"closed","sticky":false,"template":"","format":"standard","meta":{"jnews-multi-image_gallery":[],"jnews_single_post":{"format":"standard"},"jnews_primary_category":[],"jnews_social_meta":[],"jnews_review":[],"enable_review":"","type":"","name":"","summary":"","brand":"","sku":"","good":[],"bad":[],"score_override":"","override_value":"","rating":[],"price":[],"jnews_override_counter":[],"jnews_post_split":[],"footnotes":""},"categories":[43],"tags":[44,909,45,1692],"class_list":["post-84723","post","type-post","status-publish","format-standard","has-post-thumbnail","hentry","category-actualidad","tag-argentina","tag-joropo","tag-noticias","tag-unesco"],"amp_enabled":true,"_links":{"self":[{"href":"https:\/\/esreviral.com\/index.php?rest_route=\/wp\/v2\/posts\/84723"}],"collection":[{"href":"https:\/\/esreviral.com\/index.php?rest_route=\/wp\/v2\/posts"}],"about":[{"href":"https:\/\/esreviral.com\/index.php?rest_route=\/wp\/v2\/types\/post"}],"author":[{"embeddable":true,"href":"https:\/\/esreviral.com\/index.php?rest_route=\/wp\/v2\/users\/3"}],"replies":[{"embeddable":true,"href":"https:\/\/esreviral.com\/index.php?rest_route=%2Fwp%2Fv2%2Fcomments&post=84723"}],"version-history":[{"count":1,"href":"https:\/\/esreviral.com\/index.php?rest_route=\/wp\/v2\/posts\/84723\/revisions"}],"predecessor-version":[{"id":84725,"href":"https:\/\/esreviral.com\/index.php?rest_route=\/wp\/v2\/posts\/84723\/revisions\/84725"}],"wp:featuredmedia":[{"embeddable":true,"href":"https:\/\/esreviral.com\/index.php?rest_route=\/wp\/v2\/media\/84724"}],"wp:attachment":[{"href":"https:\/\/esreviral.com\/index.php?rest_route=%2Fwp%2Fv2%2Fmedia&parent=84723"}],"wp:term":[{"taxonomy":"category","embeddable":true,"href":"https:\/\/esreviral.com\/index.php?rest_route=%2Fwp%2Fv2%2Fcategories&post=84723"},{"taxonomy":"post_tag","embeddable":true,"href":"https:\/\/esreviral.com\/index.php?rest_route=%2Fwp%2Fv2%2Ftags&post=84723"}],"curies":[{"name":"wp","href":"https:\/\/api.w.org\/{rel}","templated":true}]}}