{"id":84719,"date":"2025-12-09T08:22:33","date_gmt":"2025-12-09T13:22:33","guid":{"rendered":"https:\/\/esreviral.com\/?p=84719"},"modified":"2025-12-09T08:22:34","modified_gmt":"2025-12-09T13:22:34","slug":"presos-dos-venezolanos-por-asesinato-de-una-madre-durante-enfrentamiento","status":"publish","type":"post","link":"https:\/\/esreviral.com\/?p=84719","title":{"rendered":"Presos dos venezolanos por asesinato de una madre durante enfrentamiento"},"content":{"rendered":"\n<p>Una mujer muri\u00f3 en Guayaquil tras recibir un disparo durante un enfrentamiento armado entre antisociales \u2014<strong>ambos de nacionalidad venezolana<\/strong>\u2014 y efectivos policiales, en las inmediaciones de la Universidad de Guayaquil. La v\u00edctima llevaba a su beb\u00e9 en una cangurera cuando fue alcanzada por una bala perdida, lo que gener\u00f3 escenas de p\u00e1nico entre los transe\u00fantes.<\/p>\n\n\n\n<p class=\"has-text-align-center\"><strong><a href=\"https:\/\/chat.whatsapp.com\/KWkTmakY3I05kNdd2oZl6d\"><em>\u00daNETE A NUESTRO GRUPO DE WHATSAPP PARA ESTAR INFORMADO<\/em><\/a><\/strong><\/p>\n\n\n\n<p>C\u00e1maras de seguridad captaron el momento en que la joven, identificada como <strong>Kerly Bel\u00e9n Licoa Chele<\/strong>, de 29 a\u00f1os de edad, cae sobre la calzada en medio de la balacera. En las im\u00e1genes se observa c\u00f3mo personas que corr\u00edan para resguardarse intentan asistirla. Otra ciudadana logr\u00f3 retirar a la beb\u00e9 de la cangurera con ayuda de un vendedor ambulante, seg\u00fan inform\u00f3 Caraota Digital.<\/p>\n\n\n\n<p>De acuerdo con el jefe policial del Distrito 9 de Octubre, <strong>Juan Carlos Ramos<\/strong>, dos hombres venezolanos hab\u00edan asaltado el pasado mi\u00e9rcoles 3 de diciembre a una persona que realizaba un cambio de divisas y le robaron 800 d\u00f3lares. Tras el hecho, se inici\u00f3 una persecuci\u00f3n que culmin\u00f3 a la altura de la universidad, donde los sospechosos abrieron fuego.<\/p>\n\n\n\n<p>Ramos indic\u00f3 que los agresores fueron detenidos mientras intentaban huir y subray\u00f3 que dispararon sin considerar la presencia de peatones en la zona. El beb\u00e9 result\u00f3 ileso.<\/p>\n\n\n\n<p>El crimen ocurre en medio del creciente clima de violencia que afecta a Ecuador y que ha incrementado la sensaci\u00f3n de inseguridad en varias ciudades debido a la actuaci\u00f3n de bandas armadas.<\/p>\n\n\n\n<p class=\"has-text-align-center\"><em><strong><em><strong><em><strong><em><strong><a href=\"https:\/\/t.me\/esreviral\">\u00daNETE A NUESTRO CANAL DE TELEGRAM PARA ESTAR INFORMADO<\/a><\/strong><\/em><\/strong><\/em><\/strong><\/em><\/strong><\/em><\/p>\n\n\n\n<p><strong>La v\u00edctima dej\u00f3 en la orfandad a dos ni\u00f1as: la beb\u00e9 de seis meses y otra de cuatro a\u00f1os.<\/strong><\/p>\n\n\n\n<p class=\"has-text-align-right\"><strong><em>Con Informaci\u00f3n de diarioversionfinal.com.-<\/em><\/strong><\/p>\n","protected":false},"excerpt":{"rendered":"<p>C\u00e1maras de seguridad registraron el instante en que la joven, identificada como Kerly Bel\u00e9n Licoa Chele, de 29 a\u00f1os, cay\u00f3 sobre la v\u00eda en medio de la balacera. En el video se observa c\u00f3mo personas que corr\u00edan para resguardarse intentaron asistir a la mujer. Otra ciudadana logr\u00f3 retirar al beb\u00e9 de la cangurera con apoyo de un vendedor ambulante<\/p>\n","protected":false},"author":3,"featured_media":84720,"comment_status":"closed","ping_status":"closed","sticky":false,"template":"","format":"standard","meta":{"jnews-multi-image_gallery":[],"jnews_single_post":{"format":"standard"},"jnews_primary_category":[],"jnews_social_meta":[],"jnews_review":[],"enable_review":"","type":"","name":"","summary":"","brand":"","sku":"","good":[],"bad":[],"score_override":"","override_value":"","rating":[],"price":[],"jnews_override_counter":[],"jnews_post_split":[],"footnotes":""},"categories":[54,88,64],"tags":[547,38291,45,788],"class_list":["post-84719","post","type-post","status-publish","format-standard","has-post-thumbnail","hentry","category-inmigracion","category-internacionales","category-sucesos","tag-ecuador","tag-kerly-belen-licoa-chele","tag-noticias","tag-venezolanos-en-ecuador"],"_links":{"self":[{"href":"https:\/\/esreviral.com\/index.php?rest_route=\/wp\/v2\/posts\/84719","targetHints":{"allow":["GET"]}}],"collection":[{"href":"https:\/\/esreviral.com\/index.php?rest_route=\/wp\/v2\/posts"}],"about":[{"href":"https:\/\/esreviral.com\/index.php?rest_route=\/wp\/v2\/types\/post"}],"author":[{"embeddable":true,"href":"https:\/\/esreviral.com\/index.php?rest_route=\/wp\/v2\/users\/3"}],"replies":[{"embeddable":true,"href":"https:\/\/esreviral.com\/index.php?rest_route=%2Fwp%2Fv2%2Fcomments&post=84719"}],"version-history":[{"count":1,"href":"https:\/\/esreviral.com\/index.php?rest_route=\/wp\/v2\/posts\/84719\/revisions"}],"predecessor-version":[{"id":84721,"href":"https:\/\/esreviral.com\/index.php?rest_route=\/wp\/v2\/posts\/84719\/revisions\/84721"}],"wp:featuredmedia":[{"embeddable":true,"href":"https:\/\/esreviral.com\/index.php?rest_route=\/wp\/v2\/media\/84720"}],"wp:attachment":[{"href":"https:\/\/esreviral.com\/index.php?rest_route=%2Fwp%2Fv2%2Fmedia&parent=84719"}],"wp:term":[{"taxonomy":"category","embeddable":true,"href":"https:\/\/esreviral.com\/index.php?rest_route=%2Fwp%2Fv2%2Fcategories&post=84719"},{"taxonomy":"post_tag","embeddable":true,"href":"https:\/\/esreviral.com\/index.php?rest_route=%2Fwp%2Fv2%2Ftags&post=84719"}],"curies":[{"name":"wp","href":"https:\/\/api.w.org\/{rel}","templated":true}]}}