{"id":84618,"date":"2025-12-06T09:41:09","date_gmt":"2025-12-06T14:41:09","guid":{"rendered":"https:\/\/esreviral.com\/?p=84618"},"modified":"2025-12-06T09:49:52","modified_gmt":"2025-12-06T14:49:52","slug":"maria-corina-machado-viajara-a-oslo-para-recibir-el-premio-nobel-de-la-paz","status":"publish","type":"post","link":"https:\/\/esreviral.com\/?p=84618","title":{"rendered":"Mar\u00eda Corina Machado viajar\u00e1 a Oslo para recibir el Premio Nobel de la Paz"},"content":{"rendered":"\n<p>Mar\u00eda Corina Machado viajar\u00e1 a Oslo para recibir el <strong>Premio Nobel de la Paz<\/strong> el pr\u00f3ximo 10 de diciembre, tras semanas de incertidumbre marcada por las amenazas de Nicol\u00e1s Maduro y las serias preocupaciones sobre su seguridad. La l\u00edder opositora venezolana, reconocida mundialmente por su defensa de los derechos democr\u00e1ticos y su lucha por una transici\u00f3n pac\u00edfica, confirm\u00f3 su presencia en la ceremonia, un gesto que simboliza el respaldo internacional a la causa democr\u00e1tica venezolana.<\/p>\n\n\n\n<p><strong><em>\u201cEstuve en contacto con la se\u00f1ora Machado esta noche y me confirm\u00f3 que estar\u00e1 en Oslo para la ceremonia<\/em><\/strong>\u201d, inform\u00f3 Kristian Berg Harpviken. \u201c<strong><em>Dada la situaci\u00f3n de seguridad, no podemos ofrecer m\u00e1s detalles sobre la fecha ni la forma en que viajar\u00e1\u201d,<\/em><\/strong> indic\u00f3 en declaraciones a la agencia AFP.<\/p>\n\n\n\n<p class=\"has-text-align-center\"><strong><a href=\"https:\/\/chat.whatsapp.com\/KWkTmakY3I05kNdd2oZl6d\"><em>\u00daNETE A NUESTRO GRUPO DE WHATSAPP PARA ESTAR INFORMADO<\/em><\/a><\/strong><\/p>\n\n\n\n<p class=\"has-text-align-center\"><strong><em><mark style=\"background-color:rgba(0, 0, 0, 0)\" class=\"has-inline-color has-vivid-red-color\"><a href=\"https:\/\/esreviral.com\/?p=84257\">Lea Tambi\u00e9n: Venezolanos en Argentina se sumar\u00e1n a la Marcha por la Paz y la Libertad en v\u00edsperas del Nobel de la Paz para MCM<\/a><\/mark><\/em><\/strong><\/p>\n\n\n\n<p>La posibilidad de su desplazamiento mantuvo en alerta al Comit\u00e9 del Nobel. Su presidente, J\u00f8rgen Watne Frydnes, advirti\u00f3 que el viaje implica un riesgo real, recordando que \u201c<strong><em>el r\u00e9gimen venezolano ha dicho que quiere quit\u00e1rsela de en medio<\/em><\/strong>\u201d. Tambi\u00e9n expres\u00f3 su esperanza de que se garanticen condiciones de seguridad tanto para su traslado como para su eventual regreso a Venezuela. Machado hab\u00eda reiterado previamente que solo podr\u00eda salir del pa\u00eds si exist\u00edan garant\u00edas de libertad, subrayando la gravedad del escenario pol\u00edtico.<\/p>\n\n\n\n<p>Junto a Machado tambi\u00e9n asistir\u00e1 <strong>Edmundo Gonz\u00e1lez Urrutia<\/strong>, dirigente opositor y candidato presidencial en 2024, exiliado en Espa\u00f1a tras una orden de detenci\u00f3n. Gonz\u00e1lez confirm\u00f3 su participaci\u00f3n tras recibir en Roma el Premio Internacional 2025 del Instituto Milton Friedman, en un contexto que refleja la creciente persecuci\u00f3n pol\u00edtica en Venezuela.<\/p>\n\n\n\n<p>Se prev\u00e9 que a la ceremonia asistan diversos l\u00edderes internacionales, entre ellos el presidente argentino <strong>Javier Milei<\/strong>, cuya presencia fue confirmada por el equipo de Machado.<br>\u201c<strong><em>Nuestro profundo agradecimiento al presidente Javier Milei (&#8230;). Su presencia en Noruega es un gesto de hermandad continental que reafirma el compromiso de Argentina con la democracia y los derechos humanos del pueblo venezolano\u201d<\/em><\/strong>, se\u00f1al\u00f3 el Comando con Venezuela en redes sociales.<br>Semanas antes ya hab\u00edan confirmado su asistencia los presidentes de <strong>Ecuador<\/strong>, Daniel Noboa, y <strong>Panam\u00e1<\/strong>, Jos\u00e9 Ra\u00fal Mulino.<\/p>\n\n\n\n<p>El Premio Nobel de la Paz otorgado a Machado destaca su \u201c<strong><em>incansable labor en la promoci\u00f3n de los derechos democr\u00e1ticos del pueblo venezolano y su lucha por lograr una transici\u00f3n justa y pac\u00edfica de la dictadura a la democracia\u201d.<\/em><\/strong> Este reconocimiento internacional aumenta la visibilidad de la crisis venezolana y legitima la resistencia opositora frente a un escenario de represi\u00f3n, exilio forzado y creciente presi\u00f3n internacional sobre el r\u00e9gimen.<\/p>\n\n\n\n<p>De cara al evento, el partido Vente Venezuela convoc\u00f3 movilizaciones en <strong>24 pa\u00edses<\/strong> para este s\u00e1bado, cuatro d\u00edas antes de la ceremonia, como expresi\u00f3n simb\u00f3lica de apoyo global. Sin embargo, debido a la escalada represiva, la organizaci\u00f3n aclar\u00f3 que no ser\u00e1 posible convocar concentraciones dentro de Venezuela.<\/p>\n\n\n\n<p>En apariciones recientes, Machado ha insistido en la urgencia de una transici\u00f3n ordenada y efectiva. Durante un encuentro virtual con la Asociaci\u00f3n Venezolano-Estadounidense en Nueva York, asegur\u00f3 que la oposici\u00f3n est\u00e1 <strong><em>\u201cm\u00e1s organizada que nunca\u201d<\/em><\/strong>, con un liderazgo leg\u00edtimo y el respaldo de la comunidad internacional. Agradeci\u00f3 especialmente a Estados Unidos y al expresidente Donald Trump por mantener la crisis venezolana como una prioridad internacional.<\/p>\n\n\n\n<p><strong><em>\u201cLa sociedad venezolana ha sufrido, pero se niega a rendirse\u201d<\/em><\/strong>, afirm\u00f3, destacando la fortaleza moral de quienes enfrentan persecuci\u00f3n, exilio o prisi\u00f3n. Tambi\u00e9n record\u00f3 que miles de familias han sido separadas por la represi\u00f3n y que la lucha por la libertad sigue siendo un compromiso inquebrantable.<\/p>\n\n\n\n<p class=\"has-text-align-center\"><em><strong><em><strong><em><strong><em><strong><a href=\"https:\/\/t.me\/esreviral\">\u00daNETE A NUESTRO CANAL DE TELEGRAM PARA ESTAR INFORMADO<\/a><\/strong><\/em><\/strong><\/em><\/strong><\/em><\/strong><\/em><\/p>\n\n\n\n<p>Mientras tanto, el contexto pol\u00edtico venezolano contin\u00faa marcado por la intensificaci\u00f3n de la represi\u00f3n, la salida forzada de referentes opositores y nuevas sanciones internacionales. El reciente cierre total del espacio a\u00e9reo venezolano por parte de Estados Unidos profundiza el aislamiento del r\u00e9gimen y complica a\u00fan m\u00e1s la movilidad regional. En este escenario, la di\u00e1spora y la presi\u00f3n diplom\u00e1tica mantienen viva la agenda de una transici\u00f3n democr\u00e1tica.<\/p>\n\n\n\n<p class=\"has-text-align-center\"><strong><em><mark style=\"background-color:rgba(0, 0, 0, 0)\" class=\"has-inline-color has-vivid-red-color\"><a href=\"https:\/\/esreviral.com\/?p=84611\" data-type=\"link\" data-id=\"https:\/\/esreviral.com\/?p=84611\">Lea Tambi\u00e9n: Javier Milei acompa\u00f1ar\u00e1 a Mar\u00eda Corina Machado a recibir el Premio Nobel de la Paz<\/a><\/mark><\/em><\/strong><\/p>\n\n\n\n<p class=\"has-text-align-right\"><strong><em>Con Informaci\u00f3n de Infobae.-<\/em><\/strong><\/p>\n\n\n\n<p><\/p>\n","protected":false},"excerpt":{"rendered":"<p>\u201cDada la situaci\u00f3n de seguridad, no podemos dar m\u00e1s detalles sobre la fecha y la forma en que vendr\u00e1\u201d, coment\u00f3 Kristian Berg Harpviken, director del Instituto Nobel, a la agencia AFP<\/p>\n","protected":false},"author":3,"featured_media":69336,"comment_status":"closed","ping_status":"closed","sticky":false,"template":"","format":"standard","meta":{"jnews-multi-image_gallery":[],"jnews_single_post":{"format":"standard"},"jnews_primary_category":[],"jnews_social_meta":[],"jnews_review":[],"enable_review":"","type":"","name":"","summary":"","brand":"","sku":"","good":[],"bad":[],"score_override":"","override_value":"","rating":[],"price":[],"jnews_override_counter":[],"jnews_post_split":[],"footnotes":""},"categories":[59],"tags":[14347,3265,1068,45,9753,36672,38198,56],"class_list":["post-84618","post","type-post","status-publish","format-standard","has-post-thumbnail","hentry","category-politica","tag-edmundo-gonzalez-urrutia","tag-maria-corina-machado-2","tag-nicolas-maduro","tag-noticias","tag-oposicion-venezolana","tag-premio-nobel-de-la-paz","tag-transicion-politica-en-venezuela","tag-venezuela"],"amp_enabled":true,"_links":{"self":[{"href":"https:\/\/esreviral.com\/index.php?rest_route=\/wp\/v2\/posts\/84618"}],"collection":[{"href":"https:\/\/esreviral.com\/index.php?rest_route=\/wp\/v2\/posts"}],"about":[{"href":"https:\/\/esreviral.com\/index.php?rest_route=\/wp\/v2\/types\/post"}],"author":[{"embeddable":true,"href":"https:\/\/esreviral.com\/index.php?rest_route=\/wp\/v2\/users\/3"}],"replies":[{"embeddable":true,"href":"https:\/\/esreviral.com\/index.php?rest_route=%2Fwp%2Fv2%2Fcomments&post=84618"}],"version-history":[{"count":3,"href":"https:\/\/esreviral.com\/index.php?rest_route=\/wp\/v2\/posts\/84618\/revisions"}],"predecessor-version":[{"id":84623,"href":"https:\/\/esreviral.com\/index.php?rest_route=\/wp\/v2\/posts\/84618\/revisions\/84623"}],"wp:featuredmedia":[{"embeddable":true,"href":"https:\/\/esreviral.com\/index.php?rest_route=\/wp\/v2\/media\/69336"}],"wp:attachment":[{"href":"https:\/\/esreviral.com\/index.php?rest_route=%2Fwp%2Fv2%2Fmedia&parent=84618"}],"wp:term":[{"taxonomy":"category","embeddable":true,"href":"https:\/\/esreviral.com\/index.php?rest_route=%2Fwp%2Fv2%2Fcategories&post=84618"},{"taxonomy":"post_tag","embeddable":true,"href":"https:\/\/esreviral.com\/index.php?rest_route=%2Fwp%2Fv2%2Ftags&post=84618"}],"curies":[{"name":"wp","href":"https:\/\/api.w.org\/{rel}","templated":true}]}}