{"id":84600,"date":"2025-12-22T10:06:33","date_gmt":"2025-12-22T15:06:33","guid":{"rendered":"https:\/\/esreviral.com\/?p=84600"},"modified":"2025-12-23T09:00:33","modified_gmt":"2025-12-23T14:00:33","slug":"una-autora-venezolana-que-transformo-su-experiencia-migrante-en-guia-para-la-innovacion-empresarial","status":"publish","type":"post","link":"https:\/\/esreviral.com\/?p=84600","title":{"rendered":"Una autora venezolana que transform\u00f3 su experiencia migrante en gu\u00eda para la innovaci\u00f3n empresarial"},"content":{"rendered":"\n<p><strong><em>KQA.- <\/em><\/strong>Radicada desde hace siete a\u00f1os en Buenos Aires, <strong>la profesional venezolana Migdlys del Carmen Gonz\u00e1lez Mar\u00edn <\/strong>\u2014originaria de Valencia, estado Carabobo\u2014 present\u00f3 su libro<strong><em> Saberes Gerenciales para la Innovaci\u00f3n en las MicroPymes,<\/em><\/strong> una obra que fusiona su trayectoria acad\u00e9mica, su experiencia migrante y una visi\u00f3n profundamente humana del crecimiento empresarial.<\/p>\n\n\n\n<p>Actualmente residenciada en el barrio de Caballito, en la Ciudad Aut\u00f3noma de Buenos Aires, la autora se define como una mujer \u201c<strong><em>resiliente y luchadora\u201d <\/em><\/strong>con gran capacidad de adaptaci\u00f3n a las circunstancias.<\/p>\n\n\n\n<p class=\"has-text-align-center\"><strong><a href=\"https:\/\/chat.whatsapp.com\/KWkTmakY3I05kNdd2oZl6d\"><em>\u00daNETE A NUESTRO GRUPO DE WHATSAPP PARA ESTAR INFORMADO<\/em><\/a><\/strong><\/p>\n\n\n\n<h3 class=\"wp-block-heading\"><strong><mark style=\"background-color:rgba(0, 0, 0, 0)\" class=\"has-inline-color has-vivid-red-color\">Un proceso creativo marcado por la academia y la migraci\u00f3n<\/mark><\/strong><\/h3>\n\n\n\n<p>El inicio de este proyecto literario se remonta al momento en que defendi\u00f3 su tesis doctoral, una etapa que despert\u00f3 en ella la necesidad de plasmar sus aprendizajes en un libro capaz de orientar a otros. \u201c<strong><em>Mi objetivo fue que cualquier persona pudiera alcanzar sus metas tomando mi obra como referencia\u201d, explic\u00f3.<\/em><\/strong><\/p>\n\n\n\n<p>La migraci\u00f3n ha sido un factor determinante en su manera de escribir. Haber reconstruido su vida en otro pa\u00eds molde\u00f3 un car\u00e1cter resiliente, flexible y adaptable, cualidades que hoy tambi\u00e9n se reflejan en su narrativa. Esa apertura a nuevas realidades ampli\u00f3 su visi\u00f3n y reforz\u00f3 una escritura enfocada en comprender y superar complejidades.<\/p>\n\n\n\n<p>Su libro, adem\u00e1s, est\u00e1 cargado de emociones vinculadas a un per\u00edodo particularmente desafiante: la pandemia. Fue precisamente durante ese momento \u2014din\u00e1mico, incierto y vol\u00e1til\u2014 cuando surgi\u00f3 el t\u00edtulo de la obra y se consolidaron muchas de las reflexiones que la componen.<\/p>\n\n\n<div class=\"wp-block-image\">\n<figure class=\"aligncenter size-large\"><img decoding=\"async\" src=\"https:\/\/http2.mlstatic.com\/D_NQ_NP_2X_855612-MLA97757841830_112025-F.webp\" alt=\"\"\/><\/figure><\/div>\n\n\n<h3 class=\"wp-block-heading\"><strong><mark style=\"background-color:rgba(0, 0, 0, 0)\" class=\"has-inline-color has-vivid-red-color\">Venezuela: una ra\u00edz que permanece<\/mark><\/strong><\/h3>\n\n\n\n<p>Aunque su libro tiene un enfoque acad\u00e9mico, t\u00e9cnico y gerencial, Venezuela sigue ocupando un lugar importante en su vida y pensamiento. La autora afirm\u00f3 que siempre busca dejar en alto el nombre de su pa\u00eds a trav\u00e9s de su trabajo, resaltando la resiliencia, la adaptabilidad y la fortaleza del venezolano.<\/p>\n\n\n\n<p>En su narrativa actual, Venezuela aparece principalmente dentro de un enfoque estad\u00edstico y comparativo en el contexto latinoamericano. M\u00e1s all\u00e1 de elementos culturales o anecd\u00f3ticos, su obra incorpora datos macroecon\u00f3micos y variables regionales que sirven para contextualizar y enriquecer el an\u00e1lisis.<\/p>\n\n\n\n<h3 class=\"wp-block-heading\"><strong><mark style=\"background-color:rgba(0, 0, 0, 0)\" class=\"has-inline-color has-vivid-red-color\">Un libro para entender la innovaci\u00f3n desde la experiencia real<\/mark><\/strong><\/h3>\n\n\n\n<p><strong><em>Saberes Gerenciales para la Innovaci\u00f3n en las MicroPymes<\/em><\/strong> es un abordaje profundo y accesible sobre c\u00f3mo la experiencia, el conocimiento pr\u00e1ctico y la adaptabilidad pueden convertirse en motores de innovaci\u00f3n en peque\u00f1as empresas.<\/p>\n\n\n\n<p>La autora sostiene que, en entornos de alta complejidad, los saberes a trav\u00e9s de la experiencia, vivencias, habilidades; cobran un valor determinante. La obra desmonta la idea de que la innovaci\u00f3n depende exclusivamente de teor\u00edas tradicionales y resalta, en cambio, el rol del aprendizaje y la capacidad de adaptaci\u00f3n; entre otros.<\/p>\n\n\n\n<p>Adem\u00e1s, desde una perspectiva acad\u00e9mica rigurosa, el libro ofrece una visi\u00f3n metodol\u00f3gica que puede orientar a estudiantes y profesionales que est\u00e9n preparando investigaciones o tesis bajo normas APA.<\/p>\n\n\n\n<h3 class=\"wp-block-heading\"><strong><mark style=\"background-color:rgba(0, 0, 0, 0)\" class=\"has-inline-color has-vivid-red-color\">Lo que viene<\/mark><\/strong><\/h3>\n\n\n\n<p>Con entusiasmo, la autora asegur\u00f3 que planea continuar investigando y escribiendo. Su inter\u00e9s est\u00e1 puesto en desarrollar nuevas herramientas de aprendizaje dirigidas al \u00e1mbito gerencial y acad\u00e9mico.<br><\/p>\n\n\n\n<p class=\"has-text-align-center\"><em><strong><em><strong><em><strong><em><strong><a href=\"https:\/\/t.me\/esreviral\">\u00daNETE A NUESTRO CANAL DE TELEGRAM PARA ESTAR INFORMADO<\/a><\/strong><\/em><\/strong><\/em><\/strong><\/em><\/strong><\/em><\/p>\n\n\n\n<p>Su historia, marcada por la migraci\u00f3n, la academia y la resiliencia, se materializa en un libro que busca acompa\u00f1ar a quienes navegan entornos complejos, record\u00e1ndoles que la experiencia y el saber personal tambi\u00e9n son motores de innovaci\u00f3n.<br><\/p>\n\n\n\n<p><strong><a href=\"https:\/\/www.mercadolibre.com.ar\/tt-lbr--saberes-gerenciales-para-innovacion-en-micropymes\/up\/MLAU3551941665\" data-type=\"link\" data-id=\"https:\/\/www.mercadolibre.com.ar\/tt-lbr--saberes-gerenciales-para-innovacion-en-micropymes\/up\/MLAU3551941665\">Lo puedes consegu\u00edr en Mercado Libre Argentina<\/a><\/strong> y<strong><a href=\"https:\/\/www.amazon.com\/Saberes-gerenciales-innovaci%C3%B3n-micropymes-Spanish-ebook\/dp\/B0FTSDSQRT\" data-type=\"link\" data-id=\"https:\/\/www.amazon.com\/Saberes-gerenciales-innovaci%C3%B3n-micropymes-Spanish-ebook\/dp\/B0FTSDSQRT\">\u00a0Amaz\u00f3n<\/a><\/strong><\/p>\n","protected":false},"excerpt":{"rendered":"<p>La venezolana Migdlys del Carmen Gonz\u00e1lez Mar\u00edn, radicada desde hace siete a\u00f1os en Buenos Aires, transforma su recorrido migrante y acad\u00e9mico en una gu\u00eda pr\u00e1ctica para emprendedores con su nuevo libro Saberes Gerenciales para la Innovaci\u00f3n en las Micro Pymes. Originaria de Valencia, estado Carabobo, la autora combina su experiencia personal, su formaci\u00f3n doctoral y una mirada profundamente humana para explicar c\u00f3mo la resiliencia, la adaptabilidad y el aprendizaje vivido pueden convertirse en motores reales de innovaci\u00f3n empresarial.<\/p>\n","protected":false},"author":3,"featured_media":84785,"comment_status":"closed","ping_status":"closed","sticky":false,"template":"","format":"standard","meta":{"jnews-multi-image_gallery":[],"jnews_single_post":{"format":"standard"},"jnews_primary_category":[],"jnews_social_meta":[],"jnews_review":[],"enable_review":"","type":"","name":"","summary":"","brand":"","sku":"","good":[],"bad":[],"score_override":"","override_value":"","rating":[],"price":[],"jnews_override_counter":[],"jnews_post_split":[],"footnotes":""},"categories":[5892],"tags":[44,38187,45,38185,38186,67],"class_list":["post-84600","post","type-post","status-publish","format-standard","has-post-thumbnail","hentry","category-venezolanos-en-argentina","tag-argentina","tag-micropymes-argentinas","tag-noticias","tag-nuevo-libro","tag-saberes-gerenciales-para-la-innovacion-en-las-micro-pymes","tag-venezolanos-en-argentina"],"amp_enabled":true,"_links":{"self":[{"href":"https:\/\/esreviral.com\/index.php?rest_route=\/wp\/v2\/posts\/84600"}],"collection":[{"href":"https:\/\/esreviral.com\/index.php?rest_route=\/wp\/v2\/posts"}],"about":[{"href":"https:\/\/esreviral.com\/index.php?rest_route=\/wp\/v2\/types\/post"}],"author":[{"embeddable":true,"href":"https:\/\/esreviral.com\/index.php?rest_route=\/wp\/v2\/users\/3"}],"replies":[{"embeddable":true,"href":"https:\/\/esreviral.com\/index.php?rest_route=%2Fwp%2Fv2%2Fcomments&post=84600"}],"version-history":[{"count":3,"href":"https:\/\/esreviral.com\/index.php?rest_route=\/wp\/v2\/posts\/84600\/revisions"}],"predecessor-version":[{"id":84714,"href":"https:\/\/esreviral.com\/index.php?rest_route=\/wp\/v2\/posts\/84600\/revisions\/84714"}],"wp:featuredmedia":[{"embeddable":true,"href":"https:\/\/esreviral.com\/index.php?rest_route=\/wp\/v2\/media\/84785"}],"wp:attachment":[{"href":"https:\/\/esreviral.com\/index.php?rest_route=%2Fwp%2Fv2%2Fmedia&parent=84600"}],"wp:term":[{"taxonomy":"category","embeddable":true,"href":"https:\/\/esreviral.com\/index.php?rest_route=%2Fwp%2Fv2%2Fcategories&post=84600"},{"taxonomy":"post_tag","embeddable":true,"href":"https:\/\/esreviral.com\/index.php?rest_route=%2Fwp%2Fv2%2Ftags&post=84600"}],"curies":[{"name":"wp","href":"https:\/\/api.w.org\/{rel}","templated":true}]}}