{"id":84548,"date":"2025-12-04T15:33:40","date_gmt":"2025-12-04T20:33:40","guid":{"rendered":"https:\/\/esreviral.com\/?p=84548"},"modified":"2025-12-04T15:38:03","modified_gmt":"2025-12-04T20:38:03","slug":"gabriela-montero-y-danny-ocean-actuaran-en-la-ceremonia-del-premio-nobel-de-la-paz","status":"publish","type":"post","link":"https:\/\/esreviral.com\/?p=84548","title":{"rendered":"Gabriela Montero y Danny Ocean actuar\u00e1n en la ceremonia del Premio Nobel de la Paz"},"content":{"rendered":"\n<p>Los artistas venezolanos <strong>Danny Ocean<\/strong> y <strong>Gabriela Montero<\/strong> se presentar\u00e1n en la ceremonia de entrega del <strong>Premio Nobel de la Paz 2025<\/strong>, otorgado a la l\u00edder opositora venezolana <strong>Mar\u00eda Corina Machado<\/strong>.<br>El evento, que tambi\u00e9n contar\u00e1 con la participaci\u00f3n de la cantautora noruega <strong>Vera Sonne<\/strong>, se llevar\u00e1 a cabo el <strong>10 de diciembre<\/strong> a la <strong>1:00 pm (hora de Europa Central)<\/strong>, equivalente a las <strong>8:00 am en Venezuela<\/strong>.<\/p>\n\n\n\n<p>La inclusi\u00f3n de los m\u00fasicos venezolanos forma parte del <strong>programa art\u00edstico oficial<\/strong> de la ceremonia, un espacio que \u2014seg\u00fan el Comit\u00e9 Nobel noruego\u2014 est\u00e1 reservado para creadores cuyas obras contribuyen al di\u00e1logo cultural y social.<\/p>\n\n\n\n<p class=\"has-text-align-center\"><strong><a href=\"https:\/\/chat.whatsapp.com\/KWkTmakY3I05kNdd2oZl6d\"><em>\u00daNETE A NUESTRO GRUPO DE WHATSAPP PARA ESTAR INFORMADO<\/em><\/a><\/strong><\/p>\n\n\n\n<h3 class=\"wp-block-heading\"><strong><mark style=\"background-color:rgba(0, 0, 0, 0)\" class=\"has-inline-color has-vivid-red-color\">Premio Nobel de la Paz para Mar\u00eda Corina Machado<\/mark><\/strong><\/h3>\n\n\n\n<p>El pasado <strong>10 de octubre<\/strong>, Mar\u00eda Corina Machado fue galardonada con el <strong>Premio Nobel de la Paz 2025<\/strong> \u201cpor su incansable labor en la promoci\u00f3n de los derechos democr\u00e1ticos del pueblo venezolano y por su lucha por una transici\u00f3n justa y pac\u00edfica hacia la democracia\u201d, seg\u00fan anunci\u00f3 el Comit\u00e9 Nobel en Oslo.<\/p>\n\n\n\n<p>Machado asegur\u00f3 que el reconocimiento tiene \u201cun impacto muy importante tanto en los venezolanos como en el propio r\u00e9gimen\u201d, al considerar que el mundo \u201clegitima la lucha democr\u00e1tica\u201d, mientras que Nicol\u00e1s Maduro \u201cest\u00e1 aislado y tiene los d\u00edas contados\u201d.<\/p>\n\n\n\n<p>Desde 2024, la dirigente opositora insiste en que el l\u00edder opositor <strong>Edmundo Gonz\u00e1lez Urrutia<\/strong> \u2014actualmente exiliado en Espa\u00f1a\u2014 fue el verdadero vencedor de las elecciones presidenciales del <strong>28 de julio de 2024<\/strong>, pese a que el Consejo Nacional Electoral proclam\u00f3 a Maduro como reelecto.<br>Tanto Machado como la Plataforma Unitaria Democr\u00e1tica sostienen que los resultados oficiales no reflejan la voluntad popular.<\/p>\n\n\n\n<h3 class=\"wp-block-heading\"><strong><mark style=\"background-color:rgba(0, 0, 0, 0)\" class=\"has-inline-color has-vivid-red-color\">\u00bfQu\u00e9 es el Premio Nobel de la Paz?<\/mark><\/strong><\/h3>\n\n\n\n<p>El Premio Nobel de la Paz es uno de los reconocimientos m\u00e1s importantes del mundo. Fue creado por voluntad del inventor sueco <strong>Alfred Nobel<\/strong>, quien estableci\u00f3 en su testamento de 1895 que parte de su fortuna se destinara a premiar a quienes hubiesen generado beneficios significativos para la humanidad.<\/p>\n\n\n\n<p>A diferencia del resto de los Nobel, entregados en Estocolmo, el Nobel de la Paz se otorga en <strong>Oslo (Noruega)<\/strong> cada <strong>10 de diciembre<\/strong>, en honor a la fecha del fallecimiento de Alfred Nobel.<br>Desde 1990, la ceremonia se celebra en el <strong>Ayuntamiento de Oslo<\/strong>.<\/p>\n\n\n\n<p class=\"has-text-align-center\"><em><strong><em><strong><em><strong><em><strong><a href=\"https:\/\/t.me\/esreviral\">\u00daNETE A NUESTRO CANAL DE TELEGRAM PARA ESTAR INFORMADO<\/a><\/strong><\/em><\/strong><\/em><\/strong><\/em><\/strong><\/em><\/p>\n\n\n\n<p>El galard\u00f3n incluye una <strong>dotaci\u00f3n econ\u00f3mica de 11 millones de coronas suecas<\/strong> (aproximadamente <strong>1,2 millones de d\u00f3lares<\/strong>), adem\u00e1s de una <strong>medalla<\/strong> y un <strong>diploma<\/strong>.<\/p>\n\n\n\n<p class=\"has-text-align-right\"><em style=\"\"><b>Con Informaci\u00f3n de <\/b><\/em><strong><em>eldiario.com.-<\/em><\/strong><\/p>\n","protected":false},"excerpt":{"rendered":"<p>La presentaci\u00f3n se llevar\u00e1 a cabo el 10 de diciembre en Noruega<\/p>\n","protected":false},"author":3,"featured_media":84549,"comment_status":"closed","ping_status":"closed","sticky":false,"template":"","format":"standard","meta":{"jnews-multi-image_gallery":[],"jnews_single_post":{"format":"standard"},"jnews_primary_category":[],"jnews_social_meta":[],"jnews_review":[],"enable_review":"","type":"","name":"","summary":"","brand":"","sku":"","good":[],"bad":[],"score_override":"","override_value":"","rating":[],"price":[],"jnews_override_counter":[],"jnews_post_split":[],"footnotes":""},"categories":[50],"tags":[7880,38172,38173,2876,36916],"class_list":["post-84548","post","type-post","status-publish","format-standard","has-post-thumbnail","hentry","category-entretenimiento","tag-danny-ocean","tag-gabriela-montero","tag-machado","tag-oslo","tag-premio-nobel-de-la-paz-2025"],"amp_enabled":true,"_links":{"self":[{"href":"https:\/\/esreviral.com\/index.php?rest_route=\/wp\/v2\/posts\/84548"}],"collection":[{"href":"https:\/\/esreviral.com\/index.php?rest_route=\/wp\/v2\/posts"}],"about":[{"href":"https:\/\/esreviral.com\/index.php?rest_route=\/wp\/v2\/types\/post"}],"author":[{"embeddable":true,"href":"https:\/\/esreviral.com\/index.php?rest_route=\/wp\/v2\/users\/3"}],"replies":[{"embeddable":true,"href":"https:\/\/esreviral.com\/index.php?rest_route=%2Fwp%2Fv2%2Fcomments&post=84548"}],"version-history":[{"count":2,"href":"https:\/\/esreviral.com\/index.php?rest_route=\/wp\/v2\/posts\/84548\/revisions"}],"predecessor-version":[{"id":84551,"href":"https:\/\/esreviral.com\/index.php?rest_route=\/wp\/v2\/posts\/84548\/revisions\/84551"}],"wp:featuredmedia":[{"embeddable":true,"href":"https:\/\/esreviral.com\/index.php?rest_route=\/wp\/v2\/media\/84549"}],"wp:attachment":[{"href":"https:\/\/esreviral.com\/index.php?rest_route=%2Fwp%2Fv2%2Fmedia&parent=84548"}],"wp:term":[{"taxonomy":"category","embeddable":true,"href":"https:\/\/esreviral.com\/index.php?rest_route=%2Fwp%2Fv2%2Fcategories&post=84548"},{"taxonomy":"post_tag","embeddable":true,"href":"https:\/\/esreviral.com\/index.php?rest_route=%2Fwp%2Fv2%2Ftags&post=84548"}],"curies":[{"name":"wp","href":"https:\/\/api.w.org\/{rel}","templated":true}]}}