{"id":84541,"date":"2025-12-04T14:55:43","date_gmt":"2025-12-04T19:55:43","guid":{"rendered":"https:\/\/esreviral.com\/?p=84541"},"modified":"2025-12-04T15:10:49","modified_gmt":"2025-12-04T20:10:49","slug":"condena-internacional-tras-nuevas-amenazas-realizadas-por-diosdado-cabello-contra-elisa-trotta","status":"publish","type":"post","link":"https:\/\/esreviral.com\/?p=84541","title":{"rendered":"Condena internacional tras nuevas amenazas realizadas por Diosdado Cabello contra Elisa Trotta"},"content":{"rendered":"\n<p>Tras las amenazas <strong>realizadas<\/strong> por el ministro de Interior, Justicia y Paz, Diosdado Cabello, durante la transmisi\u00f3n de su programa <em>Con el mazo dando<\/em>, la activista y defensora de derechos humanos <strong>Elisa Trotta<\/strong> respondi\u00f3 este jueves que <strong>cualquier agresi\u00f3n en su contra ser\u00e1 responsabilidad directa del funcionario y del aparato estatal que respalda este tipo de acciones.<\/strong><\/p>\n\n\n\n<p>Trotta denunci\u00f3 que Cabello volvi\u00f3 a utilizar su espacio televisivo para <strong>difamar, intimidar y justificar el hostigamiento<\/strong> contra quienes defienden la democracia y denuncian violaciones de derechos humanos, en un patr\u00f3n ampliamente documentado por organismos internacionales.<\/p>\n\n\n\n<p><strong><em>\u201cUn alto funcionario del r\u00e9gimen volvi\u00f3 a utilizar su programa para difamarme y amenazarme, escud\u00e1ndose en falsedades y construcciones propagand\u00edsticas<\/em><\/strong>\u201d, expres\u00f3.<\/p>\n\n\n\n<p>La activista advirti\u00f3 que cualquier ataque contra ella, su familia \u2014<strong>dondequiera que se encuentren<\/strong>\u2014 o su entorno m\u00e1s cercano ser\u00e1 <strong>responsabilidad directa de Cabello<\/strong> y del aparato represivo del Estado.<\/p>\n\n\n\n<p class=\"has-text-align-center\"><strong><a href=\"https:\/\/chat.whatsapp.com\/KWkTmakY3I05kNdd2oZl6d\"><em>\u00daNETE A NUESTRO GRUPO DE WHATSAPP PARA ESTAR INFORMADO<\/em><\/a><\/strong><\/p>\n\n\n\n<blockquote class=\"twitter-tweet\"><p lang=\"es\" dir=\"ltr\">Este mi\u00e9rcoles 3 de diciembre, una de las cabezas de la tiran\u00eda narcoterrorista chavista, Diosdado Cabello, volvi\u00f3 a utilizar su programa (la misma plataforma que por a\u00f1os ha funcionado como mecanismo de persecuci\u00f3n, escarnio y se\u00f1alamiento) para difamarme y amenazarme,\u2026<\/p>&mdash; Elisa Trotta (@EliTrotta) <a href=\"https:\/\/twitter.com\/EliTrotta\/status\/1996578558815179013?ref_src=twsrc%5Etfw\">December 4, 2025<\/a><\/blockquote> <script async src=\"https:\/\/platform.twitter.com\/widgets.js\" charset=\"utf-8\"><\/script>\n\n\n\n<p><\/p>\n\n\n\n<h2 class=\"wp-block-heading\"><strong><mark style=\"background-color:rgba(0, 0, 0, 0)\" class=\"has-inline-color has-vivid-red-color\">Un patr\u00f3n documentado por Naciones Unidas<\/mark><\/strong><\/h2>\n\n\n\n<p>Diversas instancias internacionales, entre ellas la <strong>Misi\u00f3n de Determinaci\u00f3n de Hechos de la ONU<\/strong>, han documentado el uso del programa <em>Con el mazo dando<\/em> como un mecanismo de <strong>persecuci\u00f3n, estigmatizaci\u00f3n y terror psicol\u00f3gico<\/strong> contra opositores, periodistas, activistas y defensores de derechos humanos.<\/p>\n\n\n\n<p>Seg\u00fan estos informes, el espacio funciona como <strong>antesala medi\u00e1tica<\/strong> de represalias estatales que pueden incluir vigilancia, detenciones arbitrarias, agresiones, allanamientos y campa\u00f1as de desinformaci\u00f3n.<\/p>\n\n\n\n<p><strong>Trotta se\u00f1al\u00f3 que lo ocurrido este 3 de diciembre replica ese mismo patr\u00f3n:<\/strong><\/p>\n\n\n\n<blockquote class=\"twitter-tweet\"><p lang=\"es\" dir=\"ltr\">Condenamos el ataque del r\u00e9gimen venezolano contra <a href=\"https:\/\/twitter.com\/EliTrotta?ref_src=twsrc%5Etfw\">@EliTrotta<\/a> y nos solidarizamos con nuestra integrante.<br>La intimidaci\u00f3n estatal contra defensores de la democracia es inaceptable y exige una respuesta firme. <a href=\"https:\/\/t.co\/73bgkWqaC4\">pic.twitter.com\/73bgkWqaC4<\/a><\/p>&mdash; FADD (@FADDemocracia) <a href=\"https:\/\/twitter.com\/FADDemocracia\/status\/1996650232596386118?ref_src=twsrc%5Etfw\">December 4, 2025<\/a><\/blockquote> <script async src=\"https:\/\/platform.twitter.com\/widgets.js\" charset=\"utf-8\"><\/script>\n\n\n\n<p><\/p>\n\n\n\n<blockquote class=\"wp-block-quote is-layout-flow wp-block-quote-is-layout-flow\">\n<p>\u201c<strong><em>Este programa no es entretenimiento: es una herramienta pol\u00edtica dise\u00f1ada para intimidar\u201d<\/em><\/strong>.<\/p>\n<\/blockquote>\n\n\n\n<p>La activista record\u00f3 que Cabello enfrenta <strong>investigaciones, \u00f3rdenes de captura y acusaciones internacionales<\/strong> por presuntos cr\u00edmenes graves, entre ellos violaciones de derechos humanos y v\u00ednculos con redes criminales transnacionales.<\/p>\n\n\n\n<p>Entre las causas vigentes se encuentra la investigaci\u00f3n de la justicia chilena por su presunta implicaci\u00f3n en el secuestro y asesinato del teniente Ronald Ojeda, as\u00ed como acusaciones formales en Argentina y Estados Unidos.<\/p>\n\n\n\n<h2 class=\"wp-block-heading\"><strong><mark style=\"background-color:rgba(0, 0, 0, 0)\" class=\"has-inline-color has-vivid-red-color\">Pronunciamientos internacionales<\/mark><\/strong><\/h2>\n\n\n\n<h3 class=\"wp-block-heading\"><strong><mark style=\"background-color:rgba(0, 0, 0, 0)\" class=\"has-inline-color has-vivid-red-color\">Foro Argentino por la Defensa de la Democracia (FADD)<\/mark><\/strong><\/h3>\n\n\n\n<p>Tras confirmarse las amenazas televisivas, el <strong>FADD<\/strong> public\u00f3 un comunicado condenando con firmeza la agresi\u00f3n contra Trotta. La organizaci\u00f3n afirm\u00f3 que estos hechos forman parte de un <strong>patr\u00f3n sistem\u00e1tico de intimidaci\u00f3n estatal<\/strong> y representan una amenaza directa para la estabilidad democr\u00e1tica regional.<br>El Foro expres\u00f3 su <strong>apoyo absoluto<\/strong> a Trotta y reafirm\u00f3 que no ceder\u00e1 ante mecanismos de amedrentamiento.<\/p>\n\n\n\n<blockquote class=\"twitter-tweet\"><p lang=\"es\" dir=\"ltr\">Expresamos nuestro rechazo a los se\u00f1alamientos realizados por Diosdado Cabello en contra de la defensora de DDHH <a href=\"https:\/\/twitter.com\/EliTrotta?ref_src=twsrc%5Etfw\">@EliTrotta<\/a>.<br><br>Estos ataques forman parte de un patr\u00f3n sistem\u00e1tico de persecuci\u00f3n y estigmatizaci\u00f3n contra quienes luchan por la democracia. <a href=\"https:\/\/t.co\/0u8K1D4EtA\">https:\/\/t.co\/0u8K1D4EtA<\/a> <a href=\"https:\/\/t.co\/YyFPyrqrNF\">pic.twitter.com\/YyFPyrqrNF<\/a><\/p>&mdash; Alianza por Venezuela (@AlianzaXvzla) <a href=\"https:\/\/twitter.com\/AlianzaXvzla\/status\/1996607058355847499?ref_src=twsrc%5Etfw\">December 4, 2025<\/a><\/blockquote> <script async src=\"https:\/\/platform.twitter.com\/widgets.js\" charset=\"utf-8\"><\/script>\n\n\n\n<p><\/p>\n\n\n\n<h3 class=\"wp-block-heading\"><strong><mark style=\"background-color:rgba(0, 0, 0, 0)\" class=\"has-inline-color has-vivid-red-color\">Alianza por Venezuela tambi\u00e9n se pronunci\u00f3<\/mark><\/strong><\/h3>\n\n\n\n<p>La organizaci\u00f3n <strong>Alianza por Venezuela<\/strong> sum\u00f3 su voz de rechazo a los se\u00f1alamientos emitidos por Cabello.<br>En un comunicado, expres\u00f3:<\/p>\n\n\n\n<blockquote class=\"wp-block-quote is-layout-flow wp-block-quote-is-layout-flow\">\n<p>\u201c<strong><em>Rechazamos los se\u00f1alamientos realizados por Diosdado Cabello en contra de la defensora de DDHH @EliTrotta.<br>Estos ataques forman parte de un patr\u00f3n sistem\u00e1tico de persecuci\u00f3n y estigmatizaci\u00f3n contra quienes luchan por la democracia\u201d<\/em><\/strong>.<\/p>\n<\/blockquote>\n\n\n\n<p>La coalici\u00f3n advirti\u00f3 que estas acusaciones infundadas buscan intimidar y silenciar voces cr\u00edticas, exponiendo a Trotta y a su entorno a un riesgo real en un contexto de creciente hostigamiento transnacional.<\/p>\n\n\n\n<h2 class=\"wp-block-heading\"><strong><mark style=\"background-color:rgba(0, 0, 0, 0)\" class=\"has-inline-color has-vivid-red-color\">Preocupaci\u00f3n por el hostigamiento transnacional<\/mark><\/strong><\/h2>\n\n\n\n<p>Organizaciones, gobiernos democr\u00e1ticos y ONG han alertado sobre la expansi\u00f3n del <strong>hostigamiento transnacional<\/strong> ejercido desde Venezuela contra activistas en el exilio.<br>Casos recientes involucran vigilancia en terceros pa\u00edses, amenazas, campa\u00f1as de propaganda exterior y operaciones encubiertas.<\/p>\n\n\n\n<p>Trotta pidi\u00f3 a la comunidad internacional mantenerse vigilante y adoptar medidas preventivas:<\/p>\n\n\n\n<blockquote class=\"wp-block-quote is-layout-flow wp-block-quote-is-layout-flow\">\n<p>\u201c<strong><em>Cualquier da\u00f1o que pueda sufrir yo, mi familia o mis amigos ser\u00e1 responsabilidad directa de quienes promueven esta maquinaria represiva\u201d.<\/em><\/strong><\/p>\n<\/blockquote>\n\n\n\n<h2 class=\"wp-block-heading\"><strong><mark style=\"background-color:rgba(0, 0, 0, 0)\" class=\"has-inline-color has-vivid-red-color\">Trotta: \u201cNo lograr\u00e1n intimidarnos\u201d<\/mark><\/strong><\/h2>\n\n\n\n<p>Pese a las amenazas, la defensora de derechos humanos asegur\u00f3 que continuar\u00e1 firme en su labor:<\/p>\n\n\n\n<blockquote class=\"wp-block-quote is-layout-flow wp-block-quote-is-layout-flow\">\n<p>\u201c<strong><em>Esta barbarie no lograr\u00e1 intimidarnos ni forzarnos al silencio. Seguir\u00e9, con m\u00e1s determinaci\u00f3n que nunca, en la defensa de los derechos humanos y en la lucha por una Venezuela libre y democr\u00e1tica\u201d<\/em><\/strong>.<\/p>\n<\/blockquote>\n\n\n\n<p>Trotta afirm\u00f3 que la historia ya distingue claramente entre quienes defienden libertades y quienes operan desde el abuso de poder:<\/p>\n\n\n\n<blockquote class=\"wp-block-quote is-layout-flow wp-block-quote-is-layout-flow\">\n<p><strong><em>\u201cNinguna amenaza podr\u00e1 borrar esa verdad\u201d.<\/em><\/strong><\/p>\n<\/blockquote>\n\n\n\n<p class=\"has-text-align-right\"><strong><em>Con Informaci\u00f3n de ElNacional.-<\/em><\/strong><\/p>\n","protected":false},"excerpt":{"rendered":"<p>La activista venezolana denunci\u00f3 que el dirigente chavista volvi\u00f3 a usar su programa Con el mazo dando como plataforma de persecuci\u00f3n y difamaci\u00f3n<\/p>\n","protected":false},"author":3,"featured_media":84542,"comment_status":"closed","ping_status":"closed","sticky":false,"template":"","format":"standard","meta":{"jnews-multi-image_gallery":[],"jnews_single_post":{"format":"standard"},"jnews_primary_category":[],"jnews_social_meta":[],"jnews_review":[],"enable_review":"","type":"","name":"","summary":"","brand":"","sku":"","good":[],"bad":[],"score_override":"","override_value":"","rating":[],"price":[],"jnews_override_counter":[],"jnews_post_split":[],"footnotes":""},"categories":[59,66],"tags":[17170,381,523,45,56],"class_list":["post-84541","post","type-post","status-publish","format-standard","has-post-thumbnail","hentry","category-politica","category-venezuela","tag-con-el-mazo-dando","tag-diosdado-cabello","tag-elisa-trotta","tag-noticias","tag-venezuela"],"amp_enabled":true,"_links":{"self":[{"href":"https:\/\/esreviral.com\/index.php?rest_route=\/wp\/v2\/posts\/84541"}],"collection":[{"href":"https:\/\/esreviral.com\/index.php?rest_route=\/wp\/v2\/posts"}],"about":[{"href":"https:\/\/esreviral.com\/index.php?rest_route=\/wp\/v2\/types\/post"}],"author":[{"embeddable":true,"href":"https:\/\/esreviral.com\/index.php?rest_route=\/wp\/v2\/users\/3"}],"replies":[{"embeddable":true,"href":"https:\/\/esreviral.com\/index.php?rest_route=%2Fwp%2Fv2%2Fcomments&post=84541"}],"version-history":[{"count":3,"href":"https:\/\/esreviral.com\/index.php?rest_route=\/wp\/v2\/posts\/84541\/revisions"}],"predecessor-version":[{"id":84547,"href":"https:\/\/esreviral.com\/index.php?rest_route=\/wp\/v2\/posts\/84541\/revisions\/84547"}],"wp:featuredmedia":[{"embeddable":true,"href":"https:\/\/esreviral.com\/index.php?rest_route=\/wp\/v2\/media\/84542"}],"wp:attachment":[{"href":"https:\/\/esreviral.com\/index.php?rest_route=%2Fwp%2Fv2%2Fmedia&parent=84541"}],"wp:term":[{"taxonomy":"category","embeddable":true,"href":"https:\/\/esreviral.com\/index.php?rest_route=%2Fwp%2Fv2%2Fcategories&post=84541"},{"taxonomy":"post_tag","embeddable":true,"href":"https:\/\/esreviral.com\/index.php?rest_route=%2Fwp%2Fv2%2Ftags&post=84541"}],"curies":[{"name":"wp","href":"https:\/\/api.w.org\/{rel}","templated":true}]}}