{"id":84529,"date":"2025-12-04T12:34:39","date_gmt":"2025-12-04T17:34:39","guid":{"rendered":"https:\/\/esreviral.com\/?p=84529"},"modified":"2025-12-04T16:00:22","modified_gmt":"2025-12-04T21:00:22","slug":"mundial-2026-panini-presento-el-album-mas-grande-de-todos-los-tiempos","status":"publish","type":"post","link":"https:\/\/esreviral.com\/?p=84529","title":{"rendered":"Mundial 2026: Panini present\u00f3 el \u00e1lbum m\u00e1s grande de todos los tiempos"},"content":{"rendered":"\n<p>La empresa <strong>Panini<\/strong> hizo oficial el lanzamiento del <strong>\u00e1lbum del Mundial 2026<\/strong>, que ser\u00e1 el m\u00e1s grande en la historia de la colecci\u00f3n. El anuncio se realiz\u00f3 a trav\u00e9s de un video publicado en redes sociales, donde aparecieron algunas de las m\u00e1ximas figuras del f\u00fatbol y se revel\u00f3 el nuevo formato.<\/p>\n\n\n\n<p>En esta edici\u00f3n, el \u00e1lbum ser\u00e1 <strong>mucho m\u00e1s dif\u00edcil de completar<\/strong>: contar\u00e1 con <strong>980 estampas<\/strong> y <strong>112 p\u00e1ginas<\/strong>, un incremento motivado por la ampliaci\u00f3n del Mundial de 32 a <strong>48 selecciones<\/strong>, que se disputar\u00e1 en Estados Unidos, M\u00e9xico y Canad\u00e1.<\/p>\n\n\n\n<p>Panini inform\u00f3 adem\u00e1s que cada sobre incluir\u00e1 <strong>7 cromos<\/strong> en lugar de los 5 habituales, lo que aumentar\u00eda las probabilidades de completar la colecci\u00f3n.<\/p>\n\n\n\n<p class=\"has-text-align-center\"><strong><a href=\"https:\/\/chat.whatsapp.com\/KWkTmakY3I05kNdd2oZl6d\"><em>\u00daNETE A NUESTRO GRUPO DE WHATSAPP PARA ESTAR INFORMADO<\/em><\/a><\/strong><\/p>\n\n\n\n<p class=\"has-text-align-center\"><strong><em><mark style=\"background-color:rgba(0, 0, 0, 0)\" class=\"has-inline-color has-vivid-red-color\"><a href=\"https:\/\/esreviral.com\/?p=84462\" data-type=\"link\" data-id=\"https:\/\/esreviral.com\/?p=84462\">Lea Tambi\u00e9n: Mundial 2026: c\u00f3mo ser\u00e1 el sorteo m\u00e1s grande de la historia y d\u00f3nde ver el evento<\/a><\/mark><\/em><\/strong><\/p>\n\n\n<div class=\"wp-block-image\">\n<figure class=\"aligncenter size-large\"><img decoding=\"async\" src=\"https:\/\/tn.com.ar\/resizer\/v2\/en-esta-edicion-al-album-sera-mas-dificil-de-llenar-ya-que-tendra-980-figuritas-y-112-paginas-panini-america-tw-Q3QMG4BUCBCHXM5TISBJHD4ONE.jpg?auth=f1dbe4b4d149894665b79accc44b9ada13cd466a97c7389b62556d82f2b5d5cc&amp;width=1440\" alt=\"\"\/><figcaption class=\"wp-element-caption\">En esta edici\u00f3n, al album ser\u00e1 m\u00e1s dif\u00edcil de llenar ya que tendr\u00e1 980 Estampas y 112 p\u00e1ginas.-<\/figcaption><\/figure><\/div>\n\n\n<p><\/p>\n\n\n\n<p>\u201cEl \u00e1lbum de Panini, como la Copa Mundial de la FIFA, es una de las tradiciones m\u00e1s c\u00e9lebres y arraigadas de la cultura del f\u00fatbol\u201d, expres\u00f3 <strong>Romy Gai<\/strong>, director de la Divisi\u00f3n Comercial de la FIFA.<br>\u201cLleva much\u00edsimo tiempo uniendo a generaciones de fan\u00e1ticos, generando entusiasmo en todo el mundo y creando momentos que dejan recuerdos imborrables tras la competici\u00f3n\u201d, agreg\u00f3.<\/p>\n\n\n\n<p>Por ahora, los sobres solo estar\u00e1n disponibles en los pa\u00edses anfitriones. Panini Am\u00e9rica todav\u00eda no confirm\u00f3 la <strong>fecha de lanzamiento<\/strong> en Argentina ni el <strong>precio<\/strong>, informaci\u00f3n que se espera en los pr\u00f3ximos d\u00edas.<\/p>\n\n\n\n<p class=\"has-text-align-center\"><em><strong><em><strong><em><strong><em><strong><a href=\"https:\/\/t.me\/esreviral\">\u00daNETE A NUESTRO CANAL DE TELEGRAM PARA ESTAR INFORMADO<\/a><\/strong><\/em><\/strong><\/em><\/strong><\/em><\/strong><\/em><\/p>\n\n\n\n<p>La expectativa es alta, especialmente despu\u00e9s del furor de 2022, cuando la demanda super\u00f3 la oferta y completar el \u00e1lbum se volvi\u00f3 casi imposible durante las primeras semanas.<\/p>\n\n\n\n<p>Con el sorteo del Mundial programado para este viernes, el anuncio del nuevo \u00e1lbum ya encendi\u00f3 la ilusi\u00f3n de coleccionistas y fan\u00e1ticos, que esperan repetir la fiebre de Qatar.<\/p>\n\n\n\n<p class=\"has-text-align-right\"><strong><em>Con Informaci\u00f3n de TN.-<\/em><\/strong><\/p>\n","protected":false},"excerpt":{"rendered":"<p>La empresa Panini public\u00f3 la informaci\u00f3n en sus redes sociales. Antes de Qatar 2022 hubo desabastecimiento de figuritas por la alta demanda.<\/p>\n","protected":false},"author":3,"featured_media":84530,"comment_status":"closed","ping_status":"closed","sticky":false,"template":"","format":"standard","meta":{"jnews-multi-image_gallery":[],"jnews_single_post":{"format":"standard"},"jnews_primary_category":[],"jnews_social_meta":[],"jnews_review":[],"enable_review":"","type":"","name":"","summary":"","brand":"","sku":"","good":[],"bad":[],"score_override":"","override_value":"","rating":[],"price":[],"jnews_override_counter":[],"jnews_post_split":[],"footnotes":""},"categories":[48],"tags":[90,2421,45,38167],"class_list":["post-84529","post","type-post","status-publish","format-standard","has-post-thumbnail","hentry","category-deportes","tag-futbol","tag-mundial-2026","tag-noticias","tag-panini"],"amp_enabled":true,"_links":{"self":[{"href":"https:\/\/esreviral.com\/index.php?rest_route=\/wp\/v2\/posts\/84529"}],"collection":[{"href":"https:\/\/esreviral.com\/index.php?rest_route=\/wp\/v2\/posts"}],"about":[{"href":"https:\/\/esreviral.com\/index.php?rest_route=\/wp\/v2\/types\/post"}],"author":[{"embeddable":true,"href":"https:\/\/esreviral.com\/index.php?rest_route=\/wp\/v2\/users\/3"}],"replies":[{"embeddable":true,"href":"https:\/\/esreviral.com\/index.php?rest_route=%2Fwp%2Fv2%2Fcomments&post=84529"}],"version-history":[{"count":2,"href":"https:\/\/esreviral.com\/index.php?rest_route=\/wp\/v2\/posts\/84529\/revisions"}],"predecessor-version":[{"id":84557,"href":"https:\/\/esreviral.com\/index.php?rest_route=\/wp\/v2\/posts\/84529\/revisions\/84557"}],"wp:featuredmedia":[{"embeddable":true,"href":"https:\/\/esreviral.com\/index.php?rest_route=\/wp\/v2\/media\/84530"}],"wp:attachment":[{"href":"https:\/\/esreviral.com\/index.php?rest_route=%2Fwp%2Fv2%2Fmedia&parent=84529"}],"wp:term":[{"taxonomy":"category","embeddable":true,"href":"https:\/\/esreviral.com\/index.php?rest_route=%2Fwp%2Fv2%2Fcategories&post=84529"},{"taxonomy":"post_tag","embeddable":true,"href":"https:\/\/esreviral.com\/index.php?rest_route=%2Fwp%2Fv2%2Ftags&post=84529"}],"curies":[{"name":"wp","href":"https:\/\/api.w.org\/{rel}","templated":true}]}}