{"id":84510,"date":"2025-12-04T09:13:54","date_gmt":"2025-12-04T14:13:54","guid":{"rendered":"https:\/\/esreviral.com\/?p=84510"},"modified":"2025-12-04T09:13:55","modified_gmt":"2025-12-04T14:13:55","slug":"paro-de-colectivos-que-puede-pasar-con-los-servicios-en-el-amba-este-viernes","status":"publish","type":"post","link":"https:\/\/esreviral.com\/?p=84510","title":{"rendered":"\u00bfParo de colectivos?: qu\u00e9 puede pasar con los servicios en el AMBA\u00a0este viernes"},"content":{"rendered":"\n<p>El Gobierno argentino aplic\u00f3 un <strong>aumento del 15% en los subsidios<\/strong> destinados a las l\u00edneas de colectivos nacionales, en un contexto de fuerte tensi\u00f3n con el gremio de choferes, la <strong>UTA<\/strong>, que advirti\u00f3 que paralizar\u00e1 los servicios este <strong>viernes 5 de diciembre<\/strong> si las empresas pagan los salarios en cuotas, como ya hab\u00edan anticipado hace dos semanas.<\/p>\n\n\n\n<p>La Secretar\u00eda de Transporte actualiz\u00f3 la <strong>estructura de costos<\/strong> que determina las subvenciones para el servicio automotor. El incremento qued\u00f3 formalizado en la <strong>resoluci\u00f3n 86<\/strong>, publicada este jueves en el Bolet\u00edn Oficial.<\/p>\n\n\n\n<p>La medida llega despu\u00e9s de que las <strong>c\u00e1maras empresarias<\/strong> del transporte del AMBA confirmaran que abonar\u00e1n los salarios de noviembre en <strong>dos tramos<\/strong>.<\/p>\n\n\n\n<p class=\"has-text-align-center\"><strong><a href=\"https:\/\/chat.whatsapp.com\/KWkTmakY3I05kNdd2oZl6d\"><em>\u00daNETE A NUESTRO GRUPO DE WHATSAPP PARA ESTAR INFORMADO<\/em><\/a><\/strong><\/p>\n\n\n\n<figure class=\"wp-block-image size-large is-resized\"><img decoding=\"async\" src=\"https:\/\/tn.com.ar\/resizer\/v2\/el-gobierno-subio-15-los-subsidios-a-los-colectivos-y-busca-desactivar-la-amenaza-de-paro-de-la-uta-foto-tn-agustina-ribo-4VJQAKRYURBHFPDIKTAC6Z2XHM.png?auth=c2d4079ff19b4cde08072660e2e9d271272d2523db26752130b9bcb3adf6bc93&amp;width=1440\" alt=\"\" style=\"width:1068px;height:auto\"\/><\/figure>\n\n\n\n<p><\/p>\n\n\n\n<p>\u201c<strong><em>Se pagar\u00e1n los salarios en dos cuotas. Hoy se abonar\u00e1 la primera<\/em><\/strong>\u201d, se\u00f1alaron desde una de las c\u00e1maras a <em>TN<\/em>. Uno de los empresarios agreg\u00f3 que contin\u00faan en di\u00e1logo con la UTA y que \u201clas pr\u00f3ximas horas ser\u00e1n clave\u201d.<\/p>\n\n\n\n<p>En noviembre, las empresas le hab\u00edan enviado al Gobierno una nota en la que advert\u00edan que el sector opera con <strong>ingresos insuficientes, costos crecientes, distorsiones tarifarias y falta de actualizaci\u00f3n de los fondos compensadores<\/strong>, situaci\u00f3n que dej\u00f3 a \u201cnumerosas compa\u00f1\u00edas al borde de la paralizaci\u00f3n operativa\u201d.<\/p>\n\n\n\n<p>Ante ese panorama, la <strong>Uni\u00f3n Tranviarios Automotor<\/strong> amenaz\u00f3 con un nuevo paro en la Ciudad de Buenos Aires y el conurbano si los choferes no reciben el <strong>pago completo de los salarios y el medio aguinaldo<\/strong> en diciembre.<\/p>\n\n\n\n<p>\u201cEl Gobierno ser\u00e1 responsable de que los trabajadores deban realizar un paro para percibir sus salarios en tiempo y forma, ante la amenaza de las C\u00e1maras Empresarias de pagarlos en dos partes y fraccionar el aguinaldo\u201d, advirti\u00f3 la UTA en un comunicado.<\/p>\n\n\n\n<h3 class=\"wp-block-heading\"><strong><mark style=\"background-color:rgba(0, 0, 0, 0)\" class=\"has-inline-color has-vivid-red-color\">\u00bfHabr\u00e1 paro de colectivos en el AMBA este 5 de diciembre?<\/mark><\/strong><\/h3>\n\n\n\n<p>Desde la <strong>Asociaci\u00f3n Argentina de Empresarios del Transporte Automotor (AAETA)<\/strong> se\u00f1alaron al medio antes mencionado que el <strong>plazo l\u00edmite<\/strong> para abonar los sueldos vence este jueves a las 18.<\/p>\n\n\n\n<p>Por su parte, la <strong>C\u00e1mara Empresaria del Autotransporte de Pasajeros (CEAP)<\/strong> confirm\u00f3 que hoy liquidar\u00e1n la primera cuota de las remuneraciones.<\/p>\n\n\n\n<p>Con la resoluci\u00f3n 86, la Secretar\u00eda de Transporte aplic\u00f3 este jueves una <strong>actualizaci\u00f3n del 15% en los costos<\/strong>, y las c\u00e1maras empresarias consideran que este aumento deber\u00eda ayudar a descomprimir el conflicto.<\/p>\n\n\n\n<p>\u201cNo sabemos exactamente cu\u00e1ndo se acreditar\u00e1n los fondos. Estamos muy sobre la hora. Si no llegan, habr\u00e1 demoras de uno o dos d\u00edas\u201d, sostuvieron desde AAETA, y adelantaron que pedir\u00e1n \u201ctolerancia\u201d al sindicato que conduce Roberto Fern\u00e1ndez.<\/p>\n\n\n\n<p class=\"has-text-align-center\"><em><strong><em><strong><em><strong><em><strong><a href=\"https:\/\/t.me\/esreviral\">\u00daNETE A NUESTRO CANAL DE TELEGRAM PARA ESTAR INFORMADO<\/a><\/strong><\/em><\/strong><\/em><\/strong><\/em><\/strong><\/em><\/p>\n\n\n\n<p>Con este escenario, <strong>algunas l\u00edneas de colectivos del AMBA podr\u00edan paralizar sus servicios este viernes 5 de diciembre<\/strong> si no se concreta el pago completo a los choferes.<\/p>\n\n\n\n<p class=\"has-text-align-right\"><strong><em>Con Informaci\u00f3n de TN.-<\/em><\/strong><\/p>\n","protected":false},"excerpt":{"rendered":"<p>El aumento de las subvenciones se oficializ\u00f3 este jueves. Se da luego de que las empresas advirtieran que deber\u00edan pagar los salarios en cuotas. Los choferes definir\u00e1n esta tarde qu\u00e9 puede pasar este viernes con los servicios en el AMBA.<\/p>\n","protected":false},"author":3,"featured_media":84511,"comment_status":"closed","ping_status":"closed","sticky":false,"template":"","format":"standard","meta":{"jnews-multi-image_gallery":[],"jnews_single_post":{"format":"standard"},"jnews_primary_category":[],"jnews_social_meta":[],"jnews_review":[],"enable_review":"","type":"","name":"","summary":"","brand":"","sku":"","good":[],"bad":[],"score_override":"","override_value":"","rating":[],"price":[],"jnews_override_counter":[],"jnews_post_split":[],"footnotes":""},"categories":[58,61],"tags":[204,44,45,3343,2090],"class_list":["post-84510","post","type-post","status-publish","format-standard","has-post-thumbnail","hentry","category-argentina","category-economia","tag-amba","tag-argentina","tag-noticias","tag-paro-de-colectivos","tag-subsidios"],"amp_enabled":true,"_links":{"self":[{"href":"https:\/\/esreviral.com\/index.php?rest_route=\/wp\/v2\/posts\/84510"}],"collection":[{"href":"https:\/\/esreviral.com\/index.php?rest_route=\/wp\/v2\/posts"}],"about":[{"href":"https:\/\/esreviral.com\/index.php?rest_route=\/wp\/v2\/types\/post"}],"author":[{"embeddable":true,"href":"https:\/\/esreviral.com\/index.php?rest_route=\/wp\/v2\/users\/3"}],"replies":[{"embeddable":true,"href":"https:\/\/esreviral.com\/index.php?rest_route=%2Fwp%2Fv2%2Fcomments&post=84510"}],"version-history":[{"count":1,"href":"https:\/\/esreviral.com\/index.php?rest_route=\/wp\/v2\/posts\/84510\/revisions"}],"predecessor-version":[{"id":84512,"href":"https:\/\/esreviral.com\/index.php?rest_route=\/wp\/v2\/posts\/84510\/revisions\/84512"}],"wp:featuredmedia":[{"embeddable":true,"href":"https:\/\/esreviral.com\/index.php?rest_route=\/wp\/v2\/media\/84511"}],"wp:attachment":[{"href":"https:\/\/esreviral.com\/index.php?rest_route=%2Fwp%2Fv2%2Fmedia&parent=84510"}],"wp:term":[{"taxonomy":"category","embeddable":true,"href":"https:\/\/esreviral.com\/index.php?rest_route=%2Fwp%2Fv2%2Fcategories&post=84510"},{"taxonomy":"post_tag","embeddable":true,"href":"https:\/\/esreviral.com\/index.php?rest_route=%2Fwp%2Fv2%2Ftags&post=84510"}],"curies":[{"name":"wp","href":"https:\/\/api.w.org\/{rel}","templated":true}]}}