{"id":84418,"date":"2025-12-02T12:01:46","date_gmt":"2025-12-02T17:01:46","guid":{"rendered":"https:\/\/esreviral.com\/?p=84418"},"modified":"2025-12-02T12:01:47","modified_gmt":"2025-12-02T17:01:47","slug":"estas-son-las-localidades-de-buenos-aires-donde-hay-altos-niveles-de-arsenico-en-el-agua","status":"publish","type":"post","link":"https:\/\/esreviral.com\/?p=84418","title":{"rendered":"Estas son las localidades de Buenos Aires donde hay altos niveles de ars\u00e9nico en el agua"},"content":{"rendered":"\n<p>El<strong> Instituto Tecnol\u00f3gico de Buenos Aires<\/strong> (ITBA) present\u00f3 un relevamiento actualizado de su sistema de monitoreo de recursos h\u00eddricos mediante un <strong>mapa nacional de ars\u00e9nico que muestra la situaci\u00f3n del pa\u00eds con precisi\u00f3n cient\u00edfica.<\/strong><\/p>\n\n\n\n<p>El estudio se\u00f1ala que este elemento qu\u00edmico tiene un origen natural, no humano. Su presencia se remonta a la formaci\u00f3n de la Cordillera de los Andes, cuando erupciones volc\u00e1nicas dispersaron cenizas hasta las costas del Atl\u00e1ntico. Con el paso de milenios, esos sedimentos quedaron alojados en el subsuelo. Al atravesar esas capas, el agua disuelve rocas y minerales, incorporando ars\u00e9nico a los acu\u00edferos subterr\u00e1neos.<\/p>\n\n\n\n<p class=\"has-text-align-center\"><strong><a href=\"https:\/\/chat.whatsapp.com\/KWkTmakY3I05kNdd2oZl6d\"><em>\u00daNETE A NUESTRO GRUPO DE WHATSAPP PARA ESTAR INFORMADO<\/em><\/a><\/strong><\/p>\n\n\n\n<figure class=\"wp-block-image size-large\"><img fetchpriority=\"high\" decoding=\"async\" width=\"1024\" height=\"902\" src=\"https:\/\/esreviral.com\/wp-content\/uploads\/2025\/12\/WhatsApp-Image-2025-12-02-at-1.56.13-PM-1024x902.jpeg\" alt=\"\" class=\"wp-image-84421\" srcset=\"https:\/\/esreviral.com\/wp-content\/uploads\/2025\/12\/WhatsApp-Image-2025-12-02-at-1.56.13-PM-1024x902.jpeg 1024w, https:\/\/esreviral.com\/wp-content\/uploads\/2025\/12\/WhatsApp-Image-2025-12-02-at-1.56.13-PM-300x264.jpeg 300w, https:\/\/esreviral.com\/wp-content\/uploads\/2025\/12\/WhatsApp-Image-2025-12-02-at-1.56.13-PM-768x676.jpeg 768w, https:\/\/esreviral.com\/wp-content\/uploads\/2025\/12\/WhatsApp-Image-2025-12-02-at-1.56.13-PM.jpeg 1072w\" sizes=\"(max-width: 1024px) 100vw, 1024px\" \/><\/figure>\n\n\n\n<h3 class=\"wp-block-heading\"><strong><mark style=\"background-color:rgba(0, 0, 0, 0)\" class=\"has-inline-color has-vivid-red-color\">Localidades m\u00e1s afectadas<\/mark><\/strong><\/h3>\n\n\n\n<p>El relevamiento del ITBA analiz\u00f3 m\u00e1s de 350 muestras y detect\u00f3 distintos niveles de concentraci\u00f3n de ars\u00e9nico en \u00e1reas de la <strong>provincia de Buenos Aires, C\u00f3rdoba, Santa Fe, Entre R\u00edos, Santiago del Estero, Tucum\u00e1n y La Pampa.<\/strong><\/p>\n\n\n\n<p>En el mapa, el color rojo indica niveles superiores a 50 ppb (partes por bill\u00f3n), el amarillo valores entre 10 y 50 ppb, y el verde corresponde a menos de 10 ppb, considerado el nivel adecuado.<\/p>\n\n\n\n<h3 class=\"wp-block-heading\"><strong><mark style=\"background-color:rgba(0, 0, 0, 0)\" class=\"has-inline-color has-vivid-red-color\">Localidades de Buenos Aires con altos niveles de ars\u00e9nico (zonas rojas)<\/mark><\/strong><\/h3>\n\n\n\n<p>Longchamps, Arrecifes, Ca\u00f1uelas, Uribelarrea, Tres Algarrobos, O\u2019Higgins, Chivilcoy, Bel\u00e9n de Escobar, Ezeiza, General Belgrano, Tres Arroyos, Suipacha, San Vicente, Roque P\u00e9rez, Pergamino, Nueve de Julio, Mercedes, San Miguel del Monte, Gran Bourg, Ingeniero Pablo Nogu\u00e9s, Navarro, Lobos, Jun\u00edn, Banderal\u00f3, Partido de La Costa, Punta M\u00e9danos, Nueva Atlantis y Mar de Aj\u00f3.<\/p>\n\n\n\n<figure class=\"wp-block-image size-large\"><img decoding=\"async\" width=\"1024\" height=\"714\" src=\"https:\/\/esreviral.com\/wp-content\/uploads\/2025\/12\/WhatsApp-Image-2025-12-02-at-1.56.33-PM-1024x714.jpeg\" alt=\"\" class=\"wp-image-84422\" srcset=\"https:\/\/esreviral.com\/wp-content\/uploads\/2025\/12\/WhatsApp-Image-2025-12-02-at-1.56.33-PM-1024x714.jpeg 1024w, https:\/\/esreviral.com\/wp-content\/uploads\/2025\/12\/WhatsApp-Image-2025-12-02-at-1.56.33-PM-300x209.jpeg 300w, https:\/\/esreviral.com\/wp-content\/uploads\/2025\/12\/WhatsApp-Image-2025-12-02-at-1.56.33-PM-768x535.jpeg 768w, https:\/\/esreviral.com\/wp-content\/uploads\/2025\/12\/WhatsApp-Image-2025-12-02-at-1.56.33-PM.jpeg 1080w\" sizes=\"(max-width: 1024px) 100vw, 1024px\" \/><\/figure>\n\n\n\n<p><\/p>\n\n\n\n<h3 class=\"wp-block-heading\"><strong><mark style=\"background-color:rgba(0, 0, 0, 0)\" class=\"has-inline-color has-vivid-red-color\">Localidades de Buenos Aires con niveles medios (zonas amarillas)<\/mark><\/strong><\/h3>\n\n\n\n<p>Villa Gesell, Z\u00e1rate, Tandil, El Talar, General Pacheco, San Pedro, San Nicol\u00e1s, San Antonio de Areco, Bellavista, San Andr\u00e9s de Giles, Azcu\u00e9naga, Villa Ruiz, Saladillo, Pilar, Olavarr\u00eda, Pehuaj\u00f3, Ayacucho, Azul, Bah\u00eda Blanca, Villarino, Balcarce, Baradero, Hudson, Bol\u00edvar, Coronel Su\u00e1rez, Monte Grande, Exaltaci\u00f3n de la Cruz, Miramar, Mar del Plata, Ituzaing\u00f3, Jos\u00e9 C. Paz, Gonz\u00e1lez Cat\u00e1n, La Plata, Gonnet, Pontevedra, Moreno, Francisco \u00c1lvarez y Necochea.<\/p>\n\n\n\n<h3 class=\"wp-block-heading\"><strong><mark style=\"background-color:rgba(0, 0, 0, 0)\" class=\"has-inline-color has-vivid-red-color\">\u00bfC\u00f3mo afecta el ars\u00e9nico al cuerpo?<\/mark><\/strong><\/h3>\n\n\n\n<p>Jorge Stripeikis, director de Ingenier\u00eda Qu\u00edmica del ITBA, explic\u00f3 en una entrevista que la presencia de ars\u00e9nico en las napas \u201ces milenaria\u201d y que es necesario comenzar a implementar soluciones tecnol\u00f3gicas.<\/p>\n\n\n\n<p>\u201cEl ars\u00e9nico ingresa al cuerpo en formas inorg\u00e1nicas y luego, en el h\u00edgado, se transforma en formas org\u00e1nicas que se eliminan por la orina en pocos d\u00edas. Gracias a este mecanismo, la acumulaci\u00f3n suele ser baja\u201d, detall\u00f3.<\/p>\n\n\n\n<p>Sin embargo, advirti\u00f3 que, una vez detectada la presencia del contaminante, es fundamental reducir su ingesta directa, incluida el agua utilizada para cocinar. Para actividades como la higiene personal o el lavado de ropa, no representa un riesgo.<\/p>\n\n\n\n<p class=\"has-text-align-center\"><em><strong><em><strong><em><strong><em><strong><a href=\"https:\/\/t.me\/esreviral\">\u00daNETE A NUESTRO CANAL DE TELEGRAM PARA ESTAR INFORMADO<\/a><\/strong><\/em><\/strong><\/em><\/strong><\/em><\/strong><\/em><\/p>\n\n\n\n<p>Stripeikis insisti\u00f3 en que la clave est\u00e1 en disminuir la exposici\u00f3n y avanzar en tecnolog\u00edas que permitan purificar el agua de consumo.<\/p>\n\n\n<div class=\"wp-block-image\">\n<figure class=\"aligncenter size-large\"><img decoding=\"async\" src=\"https:\/\/resizer.glanacion.com\/resizer\/v2\/el-componente-quimico-detectado-en-el-agua-tiene-EKPXQLRB5NBLNNLQCZTP4YTY3A.jpg?auth=3a553022c1db3be71637a60065fa695d97fa49b3301a7f1aea0cdc728e383c9a&amp;width=780&amp;height=520&amp;quality=70&amp;smart=true\" alt=\"\"\/><figcaption class=\"wp-element-caption\">El componente qu\u00edmico detectado en el agua tiene un origen geol\u00f3gico vinculado a la actividad volc\u00e1nica de la Cordillera<\/figcaption><\/figure><\/div>\n\n\n<p><\/p>\n\n\n\n<p class=\"has-text-align-right\"><strong><em>Con Informaci\u00f3n de LN.-<\/em><\/strong><\/p>\n\n\n\n<p><\/p>\n","protected":false},"excerpt":{"rendered":"<p>Un relevamiento actualizado sobre la calidad de los recursos h\u00eddricos en el pa\u00eds alert\u00f3 sobre la presencia de este componente qu\u00edmico en varias provincias; se trata de un elemento de origen geol\u00f3gico y no humano<\/p>\n","protected":false},"author":3,"featured_media":84419,"comment_status":"closed","ping_status":"closed","sticky":false,"template":"","format":"standard","meta":{"jnews-multi-image_gallery":[],"jnews_single_post":{"format":"standard"},"jnews_primary_category":[],"jnews_social_meta":[],"jnews_review":[],"enable_review":"","type":"","name":"","summary":"","brand":"","sku":"","good":[],"bad":[],"score_override":"","override_value":"","rating":[],"price":[],"jnews_override_counter":[],"jnews_post_split":[],"footnotes":""},"categories":[58,84],"tags":[2163,44,38084,124,38085,45,85],"class_list":["post-84418","post","type-post","status-publish","format-standard","has-post-thumbnail","hentry","category-argentina","category-salud","tag-agua","tag-argentina","tag-arsenico","tag-buenos-aires","tag-l-instituto-tecnologico-de-buenos-aires","tag-noticias","tag-salud"],"amp_enabled":true,"_links":{"self":[{"href":"https:\/\/esreviral.com\/index.php?rest_route=\/wp\/v2\/posts\/84418"}],"collection":[{"href":"https:\/\/esreviral.com\/index.php?rest_route=\/wp\/v2\/posts"}],"about":[{"href":"https:\/\/esreviral.com\/index.php?rest_route=\/wp\/v2\/types\/post"}],"author":[{"embeddable":true,"href":"https:\/\/esreviral.com\/index.php?rest_route=\/wp\/v2\/users\/3"}],"replies":[{"embeddable":true,"href":"https:\/\/esreviral.com\/index.php?rest_route=%2Fwp%2Fv2%2Fcomments&post=84418"}],"version-history":[{"count":1,"href":"https:\/\/esreviral.com\/index.php?rest_route=\/wp\/v2\/posts\/84418\/revisions"}],"predecessor-version":[{"id":84423,"href":"https:\/\/esreviral.com\/index.php?rest_route=\/wp\/v2\/posts\/84418\/revisions\/84423"}],"wp:featuredmedia":[{"embeddable":true,"href":"https:\/\/esreviral.com\/index.php?rest_route=\/wp\/v2\/media\/84419"}],"wp:attachment":[{"href":"https:\/\/esreviral.com\/index.php?rest_route=%2Fwp%2Fv2%2Fmedia&parent=84418"}],"wp:term":[{"taxonomy":"category","embeddable":true,"href":"https:\/\/esreviral.com\/index.php?rest_route=%2Fwp%2Fv2%2Fcategories&post=84418"},{"taxonomy":"post_tag","embeddable":true,"href":"https:\/\/esreviral.com\/index.php?rest_route=%2Fwp%2Fv2%2Ftags&post=84418"}],"curies":[{"name":"wp","href":"https:\/\/api.w.org\/{rel}","templated":true}]}}