{"id":84366,"date":"2025-12-01T16:40:18","date_gmt":"2025-12-01T21:40:18","guid":{"rendered":"https:\/\/esreviral.com\/?p=84366"},"modified":"2025-12-01T17:06:11","modified_gmt":"2025-12-01T22:06:11","slug":"esta-desaparecido-desde-hace-dos-meses-y-su-mama-esta-desesperada-en-venezuela","status":"publish","type":"post","link":"https:\/\/esreviral.com\/?p=84366","title":{"rendered":"Est\u00e1 desaparecido desde hace dos meses y su mam\u00e1 est\u00e1 desesperada en Venezuela"},"content":{"rendered":"\n<p>Keyver Daniel Soto Pi\u00f1a, de 23 a\u00f1os de edad, quien reside en Caseros, provincia de Buenos Aires, <strong>tiene dos meses desaparecido. <\/strong>Su madre, Briannita Mireles, est\u00e1 desesperada porque<strong> desde ese tiempo para ac\u00e1 perdi\u00f3 comunicaci\u00f3n con el joven venezolano. <\/strong><\/p>\n\n\n\n<p>\u00abAl principio lleg\u00f3 trabajando all\u00e1 en una empresa de pan , luego repartidor, despu\u00e9s me dijo q perdi\u00f3 su tel\u00e9fono pero a\u00fan as\u00ed se comunicaba por Facebook, siempre me hac\u00eda videos llamadas. A las semana me coment\u00f3 que su situaci\u00f3n estaba dif\u00edcil q no ten\u00eda trabajo, y q algunas veces ni para comer, que se quer\u00eda regresar pero no quer\u00eda regresar derrotado a Venezuela. <strong>Hace dos meses hizo una videollamada con mi hermana y le manifest\u00f3 que cargaba su bolsito para todos lados porque no ten\u00eda donde quedarse\u2026. Desde esa vez no se comunic\u00f3 m\u00e1s\u00bb<\/strong>, explic\u00f3 a <em><strong>ESREVIRAL<\/strong><\/em>, su progenitora. <\/p>\n\n\n\n<p><strong><a href=\"https:\/\/chat.whatsapp.com\/KWkTmakY3I05kNdd2oZl6d\"><em>\u00daNETE A NUESTRO GRUPO DE WHATSAPP PARA ESTAR INFORMADO<\/em><\/a><\/strong><\/p>\n\n\n\n<p>En Venezuela, Soto Pi\u00f1a, estudiaba en la escuela naval de la marina, <strong>\u00abse fue con la novia y otros amigos a Colombia, estando all\u00e1 se separ\u00f3 de la muchacha y en medio de eso me dice que se va Argentina para sanar y por un mejor futuro, incluso estaba bonito, gordito y contento porque hab\u00eda conseguido trabajo\u00bb. <\/strong><\/p>\n\n\n\n<p>Sin embargo, su vida dio un giro inesperado que lo llev\u00f3 a la calle, <strong>\u00abdesconozco si consume pero nunca se hab\u00eda perdido as\u00ed\u00bb. <\/strong><\/p>\n\n\n\n<p><em><strong><em><strong><em><strong><em><strong><a href=\"https:\/\/t.me\/esreviral\">\u00daNETE A NUESTRO CANAL DE TELEGRAM PARA ESTAR INFORMADO<\/a><\/strong><\/em><\/strong><\/em><\/strong><\/em><\/strong><\/em><\/p>\n\n\n\n<p>Si llegas a ver o tienes informaci\u00f3n acerca de Keyver Daniel, comun\u00edcate con su madre al Whatsapp +57 314 3074285<\/p>\n\n\n\n<figure class=\"wp-block-image size-large\"><img fetchpriority=\"high\" decoding=\"async\" width=\"593\" height=\"1024\" src=\"https:\/\/esreviral.com\/wp-content\/uploads\/2025\/12\/WhatsApp-Image-2025-12-01-at-4.48.41-PM-593x1024.webp\" alt=\"\" class=\"wp-image-84369\" srcset=\"https:\/\/esreviral.com\/wp-content\/uploads\/2025\/12\/WhatsApp-Image-2025-12-01-at-4.48.41-PM-593x1024.webp 593w, https:\/\/esreviral.com\/wp-content\/uploads\/2025\/12\/WhatsApp-Image-2025-12-01-at-4.48.41-PM-174x300.webp 174w, https:\/\/esreviral.com\/wp-content\/uploads\/2025\/12\/WhatsApp-Image-2025-12-01-at-4.48.41-PM.webp 623w\" sizes=\"(max-width: 593px) 100vw, 593px\" \/><\/figure>\n","protected":false},"excerpt":{"rendered":"<p>Keyver Daniel Soto Pi\u00f1a, de 23 a\u00f1os de edad, quien reside en Caseros, provincia de Buenos Aires, tiene dos meses desaparecido. Su madre, Briannita Mireles, est\u00e1 desesperada porque desde ese tiempo para ac\u00e1 perdi\u00f3 comunicaci\u00f3n con el joven venezolano. \u00abAl principio lleg\u00f3 trabajando all\u00e1 en una empresa de pan , luego repartidor, despu\u00e9s me dijo [&hellip;]<\/p>\n","protected":false},"author":2,"featured_media":84368,"comment_status":"closed","ping_status":"closed","sticky":false,"template":"","format":"standard","meta":{"jnews-multi-image_gallery":[],"jnews_single_post":{"format":"standard"},"jnews_primary_category":[],"jnews_social_meta":[],"jnews_review":[],"enable_review":"","type":"","name":"","summary":"","brand":"","sku":"","good":[],"bad":[],"score_override":"","override_value":"","rating":[],"price":[],"jnews_override_counter":[],"jnews_post_split":[],"footnotes":""},"categories":[5892],"tags":[44,660,45,67,56],"class_list":["post-84366","post","type-post","status-publish","format-standard","has-post-thumbnail","hentry","category-venezolanos-en-argentina","tag-argentina","tag-desaparecido","tag-noticias","tag-venezolanos-en-argentina","tag-venezuela"],"_links":{"self":[{"href":"https:\/\/esreviral.com\/index.php?rest_route=\/wp\/v2\/posts\/84366","targetHints":{"allow":["GET"]}}],"collection":[{"href":"https:\/\/esreviral.com\/index.php?rest_route=\/wp\/v2\/posts"}],"about":[{"href":"https:\/\/esreviral.com\/index.php?rest_route=\/wp\/v2\/types\/post"}],"author":[{"embeddable":true,"href":"https:\/\/esreviral.com\/index.php?rest_route=\/wp\/v2\/users\/2"}],"replies":[{"embeddable":true,"href":"https:\/\/esreviral.com\/index.php?rest_route=%2Fwp%2Fv2%2Fcomments&post=84366"}],"version-history":[{"count":2,"href":"https:\/\/esreviral.com\/index.php?rest_route=\/wp\/v2\/posts\/84366\/revisions"}],"predecessor-version":[{"id":84372,"href":"https:\/\/esreviral.com\/index.php?rest_route=\/wp\/v2\/posts\/84366\/revisions\/84372"}],"wp:featuredmedia":[{"embeddable":true,"href":"https:\/\/esreviral.com\/index.php?rest_route=\/wp\/v2\/media\/84368"}],"wp:attachment":[{"href":"https:\/\/esreviral.com\/index.php?rest_route=%2Fwp%2Fv2%2Fmedia&parent=84366"}],"wp:term":[{"taxonomy":"category","embeddable":true,"href":"https:\/\/esreviral.com\/index.php?rest_route=%2Fwp%2Fv2%2Fcategories&post=84366"},{"taxonomy":"post_tag","embeddable":true,"href":"https:\/\/esreviral.com\/index.php?rest_route=%2Fwp%2Fv2%2Ftags&post=84366"}],"curies":[{"name":"wp","href":"https:\/\/api.w.org\/{rel}","templated":true}]}}