{"id":84340,"date":"2025-12-04T11:49:29","date_gmt":"2025-12-04T16:49:29","guid":{"rendered":"https:\/\/esreviral.com\/?p=84340"},"modified":"2025-12-04T11:49:30","modified_gmt":"2025-12-04T16:49:30","slug":"cuando-es-y-cuanto-falta-para-el-proximo-fin-de-semana-largo-de-tres-dias","status":"publish","type":"post","link":"https:\/\/esreviral.com\/?p=84340","title":{"rendered":"Cu\u00e1ndo es y cu\u00e1nto falta para el pr\u00f3ximo fin de semana largo de tres d\u00edas"},"content":{"rendered":"\n<p>Llega el \u00faltimo mes del a\u00f1o y a\u00fan quedan algunos feriados por delante, incluido un fin de semana largo ideal para una escapada o simplemente para descansar en casa.<\/p>\n\n\n\n<p>Seg\u00fan el calendario oficial del Gobierno, el pr\u00f3ximo feriado ser\u00e1 el <strong>lunes 8 de diciembre<\/strong>, D\u00eda de la Inmaculada Concepci\u00f3n de Mar\u00eda, una fecha inamovible establecida por la ley 27.399. Al caer lunes, dar\u00e1 lugar a un <strong>fin de semana largo de tres d\u00edas<\/strong>.<\/p>\n\n\n\n<p>Se trata de una jornada especialmente significativa para la comunidad cat\u00f3lica, que recuerda la creencia de que Mar\u00eda de Nazaret fue concebida sin pecado original. Adem\u00e1s, en muchos hogares argentinos, el 8 de diciembre es la fecha tradicional para <strong>armar el \u00e1rbol de Navidad<\/strong>, marcando as\u00ed el inicio de la temporada festiva.<\/p>\n\n\n\n<p class=\"has-text-align-center\"><strong><a href=\"https:\/\/chat.whatsapp.com\/KWkTmakY3I05kNdd2oZl6d\"><em>\u00daNETE A NUESTRO GRUPO DE WHATSAPP PARA ESTAR INFORMADO<\/em><\/a><\/strong><\/p>\n\n\n\n<p><\/p>\n\n\n\n<figure class=\"wp-block-image size-large\"><img decoding=\"async\" src=\"https:\/\/tn.com.ar\/resizer\/v2\/los-feriados-de-diciembre-segun-el-calendario-oficial-foto-argentinagobar-67EYRIVD7NE2JPXQC4X6T5DPEE.PNG?auth=66902b7064081470e15244feb03b90d1d8e97bd412029ec1950d90fa46d2e902&amp;width=1440\" alt=\"\"\/><figcaption class=\"wp-element-caption\">Los feriados de diciembre, seg\u00fan el calendario oficial\u00a0<\/figcaption><\/figure>\n\n\n\n<p><\/p>\n\n\n\n<h3 class=\"wp-block-heading\"><strong><mark style=\"background-color:rgba(0, 0, 0, 0)\" class=\"has-inline-color has-vivid-red-color\">Navidad: el \u00faltimo feriado del a\u00f1o<\/mark><\/strong><\/h3>\n\n\n\n<p>El <strong>jueves 25 de diciembre<\/strong> se celebra la Navidad, otro feriado inamovible y una de las fechas m\u00e1s importantes del calendario cristiano, ya que conmemora el nacimiento de Jes\u00fas. Aunque este a\u00f1o no genera un fin de semana largo, contin\u00faa siendo un d\u00eda de reuni\u00f3n familiar y descanso para la mayor\u00eda.<\/p>\n\n\n\n<p>La Nochebuena, el 24 de diciembre, no est\u00e1 contemplada como feriado en la ley, pero muchos comercios y lugares de trabajo reducen la jornada laboral o directamente no operan. Lo mismo ocurre el <strong>31 de diciembre<\/strong>, v\u00edspera de A\u00f1o Nuevo, cuando la mayor\u00eda de los organismos p\u00fablicos y locales cierran temprano para permitir los preparativos de la celebraci\u00f3n.<\/p>\n\n\n\n<h3 class=\"wp-block-heading\"><strong><mark style=\"background-color:rgba(0, 0, 0, 0)\" class=\"has-inline-color has-vivid-red-color\">Qu\u00e9 viene despu\u00e9s: primer feriado de 2026<\/mark><\/strong><\/h3>\n\n\n\n<p>El siguiente asueto tras Navidad ser\u00e1 el <strong>1\u00b0 de enero de 2026<\/strong>, cuando se celebra el A\u00f1o Nuevo. Ese d\u00eda, la mayor\u00eda de los comercios, supermercados y bancos permanecen cerrados o funcionan con horarios especiales.<\/p>\n\n\n\n<h3 class=\"wp-block-heading\"><strong><mark style=\"background-color:rgba(0, 0, 0, 0)\" class=\"has-inline-color has-vivid-red-color\">Feriados que restan en 2025<\/mark><\/strong><\/h3>\n\n\n\n<p>Diciembre concentra los \u00faltimos feriados nacionales del a\u00f1o:<\/p>\n\n\n\n<p class=\"has-text-align-center\"><em><strong><em><strong><em><strong><em><strong><a href=\"https:\/\/t.me\/esreviral\">\u00daNETE A NUESTRO CANAL DE TELEGRAM PARA ESTAR INFORMADO<\/a><\/strong><\/em><\/strong><\/em><\/strong><\/em><\/strong><\/em><\/p>\n\n\n\n<ul class=\"wp-block-list\">\n<li><strong>Lunes 8 de diciembre:<\/strong> D\u00eda de la Inmaculada Concepci\u00f3n de Mar\u00eda (fin de semana largo).<\/li>\n\n\n\n<li><strong>Jueves 25 de diciembre:<\/strong> Navidad.<\/li>\n<\/ul>\n\n\n\n<p><\/p>\n\n\n\n<p class=\"has-text-align-right\"><strong><em>Con Informaci\u00f3n de TN.-<\/em><\/strong><\/p>\n","protected":false},"excerpt":{"rendered":"<p>Seg\u00fan el calendario oficial del gobierno, hay dos d\u00edas de descanso en el \u00faltimo mes del a\u00f1o.<\/p>\n","protected":false},"author":3,"featured_media":65209,"comment_status":"closed","ping_status":"closed","sticky":false,"template":"","format":"standard","meta":{"jnews-multi-image_gallery":[],"jnews_single_post":{"format":"standard"},"jnews_primary_category":[],"jnews_social_meta":[],"jnews_review":[],"enable_review":"","type":"","name":"","summary":"","brand":"","sku":"","good":[],"bad":[],"score_override":"","override_value":"","rating":[],"price":[],"jnews_override_counter":[],"jnews_post_split":[],"footnotes":""},"categories":[58],"tags":[44,836,4611,45],"class_list":["post-84340","post","type-post","status-publish","format-standard","has-post-thumbnail","hentry","category-argentina","tag-argentina","tag-feriado","tag-fin-de-semana-largo","tag-noticias"],"amp_enabled":true,"_links":{"self":[{"href":"https:\/\/esreviral.com\/index.php?rest_route=\/wp\/v2\/posts\/84340"}],"collection":[{"href":"https:\/\/esreviral.com\/index.php?rest_route=\/wp\/v2\/posts"}],"about":[{"href":"https:\/\/esreviral.com\/index.php?rest_route=\/wp\/v2\/types\/post"}],"author":[{"embeddable":true,"href":"https:\/\/esreviral.com\/index.php?rest_route=\/wp\/v2\/users\/3"}],"replies":[{"embeddable":true,"href":"https:\/\/esreviral.com\/index.php?rest_route=%2Fwp%2Fv2%2Fcomments&post=84340"}],"version-history":[{"count":1,"href":"https:\/\/esreviral.com\/index.php?rest_route=\/wp\/v2\/posts\/84340\/revisions"}],"predecessor-version":[{"id":84341,"href":"https:\/\/esreviral.com\/index.php?rest_route=\/wp\/v2\/posts\/84340\/revisions\/84341"}],"wp:featuredmedia":[{"embeddable":true,"href":"https:\/\/esreviral.com\/index.php?rest_route=\/wp\/v2\/media\/65209"}],"wp:attachment":[{"href":"https:\/\/esreviral.com\/index.php?rest_route=%2Fwp%2Fv2%2Fmedia&parent=84340"}],"wp:term":[{"taxonomy":"category","embeddable":true,"href":"https:\/\/esreviral.com\/index.php?rest_route=%2Fwp%2Fv2%2Fcategories&post=84340"},{"taxonomy":"post_tag","embeddable":true,"href":"https:\/\/esreviral.com\/index.php?rest_route=%2Fwp%2Fv2%2Ftags&post=84340"}],"curies":[{"name":"wp","href":"https:\/\/api.w.org\/{rel}","templated":true}]}}