{"id":84328,"date":"2025-12-01T11:04:14","date_gmt":"2025-12-01T16:04:14","guid":{"rendered":"https:\/\/esreviral.com\/?p=84328"},"modified":"2025-12-01T11:04:15","modified_gmt":"2025-12-01T16:04:15","slug":"video-una-leona-ataco-y-mato-a-un-hombre-en-un-zoologico","status":"publish","type":"post","link":"https:\/\/esreviral.com\/?p=84328","title":{"rendered":"+VIDEO: Una leona atac\u00f3 y mat\u00f3 a un hombre en un zool\u00f3gico"},"content":{"rendered":"\n<p>Una leona atac\u00f3 y mat\u00f3 este domingo por la ma\u00f1ana a un joven que ingres\u00f3 a su recinto descolg\u00e1ndose desde una palmera. El hecho ocurri\u00f3 en el zool\u00f3gico de <strong>Jo\u00e3o Pessoa<\/strong>, capital del estado de Para\u00edba, en Brasil.<\/p>\n\n\n\n<p>Seg\u00fan inform\u00f3 la Alcald\u00eda, el joven \u2014de 19 a\u00f1os y cuya identidad no fue revelada\u2014 eludi\u00f3 todas las medidas de seguridad: escal\u00f3 un muro de m\u00e1s de seis metros de altura, atraves\u00f3 las vallas perimetrales y descendi\u00f3 por un \u00e1rbol hasta caer dentro del recinto del animal.<\/p>\n\n\n\n<p>El episodio qued\u00f3 registrado por visitantes del parque, que grabaron el momento en que la leona lo toma con sus garras y lo arrastra al interior del h\u00e1bitat. Aunque el ataque qued\u00f3 parcialmente oculto por un muro, en los videos se observa al joven intentando ponerse de pie antes de que el animal volviera a alcanzarlo.<\/p>\n\n\n\n<p class=\"has-text-align-center\"><strong><a href=\"https:\/\/chat.whatsapp.com\/KWkTmakY3I05kNdd2oZl6d\"><em>\u00daNETE A NUESTRO GRUPO DE WHATSAPP PARA ESTAR INFORMADO<\/em><\/a><\/strong><\/p>\n\n\n\n<blockquote class=\"twitter-tweet\"><p lang=\"es\" dir=\"ltr\">\ud83c\udde7\ud83c\uddf7 | Una leona atac\u00f3 y mat\u00f3 a un joven que ingres\u00f3 a su recinto descolg\u00e1ndose desde una palmera. El hecho ocurri\u00f3 en el zool\u00f3gico de Jo\u00e3o Pessoa, capital del estado de Para\u00edba, en Brasil. <a href=\"https:\/\/t.co\/tkA9neF2SV\">pic.twitter.com\/tkA9neF2SV<\/a><\/p>&mdash; ES RE VIRAL (@esreviral) <a href=\"https:\/\/twitter.com\/esreviral\/status\/1995523184859500975?ref_src=twsrc%5Etfw\">December 1, 2025<\/a><\/blockquote> <script async src=\"https:\/\/platform.twitter.com\/widgets.js\" charset=\"utf-8\"><\/script>\n\n\n\n<p>La <strong>Polic\u00eda Militar<\/strong> y el <strong>Instituto de Ciencias Forenses de Para\u00edba (IPC)<\/strong> acudieron de inmediato al lugar. All\u00ed confirmaron que el joven, quien presuntamente padec\u00eda problemas de salud mental, muri\u00f3 a causa de las heridas.<\/p>\n\n\n\n<p>Videos grabados instantes despu\u00e9s muestran al personal del zool\u00f3gico intentando alejar a la leona del cuerpo utilizando humo, aparentemente de un extinguidor.<\/p>\n\n\n\n<h3 class=\"wp-block-heading\"><strong><mark style=\"background-color:rgba(0, 0, 0, 0)\" class=\"has-inline-color has-vivid-red-color\">El zool\u00f3gico descart\u00f3 sacrificar a la leona<\/mark><\/strong><\/h3>\n\n\n\n<p>En un comunicado, las autoridades del zool\u00f3gico informaron que <strong>Leona<\/strong>, la leona involucrada en el ataque, \u201cse encuentra bien y seguir\u00e1 recibiendo todos los cuidados necesarios\u201d. Tambi\u00e9n aclararon que <strong>no se considera su sacrificio<\/strong>, dado que no presenta conductas agresivas fuera del contexto del incidente.<\/p>\n\n\n\n<p>\u201cTras el hecho, fue evaluada por el equipo t\u00e9cnico y permanece bajo observaci\u00f3n debido al alto nivel de estr\u00e9s experimentado\u201d, se\u00f1al\u00f3 la instituci\u00f3n.<\/p>\n\n\n\n<p>En un comunicado previo, el parque lament\u00f3 profundamente lo ocurrido. \u201cUn hombre invadi\u00f3 deliberadamente el recinto de la leona, lo que result\u00f3 en su muerte\u201d, dijeron, extendiendo su solidaridad a la familia y allegados del joven.<br>Confirmaron tambi\u00e9n que el zoo fue cerrado inmediatamente despu\u00e9s del incidente y permanecer\u00e1 sin actividad hasta que concluyan las investigaciones oficiales.<\/p>\n\n\n<div class=\"wp-block-image\">\n<figure class=\"aligncenter size-large\"><img decoding=\"async\" src=\"https:\/\/www.clarin.com\/img\/2025\/11\/30\/Xicol8-6T_720x0__1.jpg\" alt=\"\"\/><\/figure><\/div>\n\n\n<p><\/p>\n\n\n\n<p>\u201cEl parque sigue rigurosos est\u00e1ndares t\u00e9cnicos y protocolos de seguridad. Estamos cooperando plenamente con las autoridades para esclarecer lo sucedido\u201d, agregaron.<br>Adem\u00e1s, se\u00f1alaron que el equipo de veterinarios y cuidadores est\u00e1 dedicado al bienestar de Leona para asegurar que se recupere emocionalmente y retome su rutina habitual.<\/p>\n\n\n\n<p>El zool\u00f3gico detall\u00f3 que el recinto cuenta con muros de m\u00e1s de ocho metros, vallas reforzadas y m\u00faltiples barreras de protecci\u00f3n: \u201cEl incidente fue completamente imprevisible y se produjo fuera de cualquier escenario habitual\u201d.<\/p>\n\n\n\n<h3 class=\"wp-block-heading\"><strong><mark style=\"background-color:rgba(0, 0, 0, 0)\" class=\"has-inline-color has-vivid-red-color\">\u00bfQui\u00e9n es Leona?<\/mark><\/strong><\/h3>\n\n\n\n<p>Leona, la leona que protagoniz\u00f3 el hecho, tiene <strong>18 a\u00f1os<\/strong> y naci\u00f3 en 2007 en el mismo zool\u00f3gico donde vive actualmente.<br>Seg\u00fan publicaciones de la instituci\u00f3n, es un animal \u201cvanidoso\u201d, que sigue su dieta estrictamente, participa en ejercicios de acondicionamiento y suele caminar con \u201cporte elegante\u201d al anochecer.<\/p>\n\n\n\n<p class=\"has-text-align-center\"><em><strong><em><strong><em><strong><em><strong><a href=\"https:\/\/t.me\/esreviral\">\u00daNETE A NUESTRO CANAL DE TELEGRAM PARA ESTAR INFORMADO<\/a><\/strong><\/em><\/strong><\/em><\/strong><\/em><\/strong><\/em><\/p>\n\n\n\n<p>Desde 2023 comparte su recinto con <strong>Mim\u00ed<\/strong>, otra hembra de 20 a\u00f1os trasladada desde el zool\u00f3gico de Teresina, con el objetivo de mejorar su calidad de vida mediante interacci\u00f3n social. En las im\u00e1genes del ataque viralizadas este domingo, Mim\u00ed no aparece.<\/p>\n\n\n\n<p class=\"has-text-align-right\"><strong><em>Con Informaci\u00f3n de Clarin.-<\/em><\/strong><\/p>\n","protected":false},"excerpt":{"rendered":"<p>Ocurri\u00f3 en el Parque Zoobot\u00e2nico Arruda C\u00e2mara, en la ciudad de Jo\u00e3o Pessoa.<br \/>\nEl joven hab\u00eda eludido la seguridad del lugar e ingres\u00f3 en el recinto del animal trepando por una palmera.<\/p>\n","protected":false},"author":3,"featured_media":84329,"comment_status":"closed","ping_status":"closed","sticky":false,"template":"","format":"standard","meta":{"jnews-multi-image_gallery":[],"jnews_single_post":{"format":"standard"},"jnews_primary_category":[],"jnews_social_meta":[],"jnews_review":[],"enable_review":"","type":"","name":"","summary":"","brand":"","sku":"","good":[],"bad":[],"score_override":"","override_value":"","rating":[],"price":[],"jnews_override_counter":[],"jnews_post_split":[],"footnotes":""},"categories":[88,64],"tags":[45,490,38028],"class_list":["post-84328","post","type-post","status-publish","format-standard","has-post-thumbnail","hentry","category-internacionales","category-sucesos","tag-noticias","tag-zoologico","tag-zoologico-de-brasil"],"amp_enabled":true,"_links":{"self":[{"href":"https:\/\/esreviral.com\/index.php?rest_route=\/wp\/v2\/posts\/84328"}],"collection":[{"href":"https:\/\/esreviral.com\/index.php?rest_route=\/wp\/v2\/posts"}],"about":[{"href":"https:\/\/esreviral.com\/index.php?rest_route=\/wp\/v2\/types\/post"}],"author":[{"embeddable":true,"href":"https:\/\/esreviral.com\/index.php?rest_route=\/wp\/v2\/users\/3"}],"replies":[{"embeddable":true,"href":"https:\/\/esreviral.com\/index.php?rest_route=%2Fwp%2Fv2%2Fcomments&post=84328"}],"version-history":[{"count":1,"href":"https:\/\/esreviral.com\/index.php?rest_route=\/wp\/v2\/posts\/84328\/revisions"}],"predecessor-version":[{"id":84330,"href":"https:\/\/esreviral.com\/index.php?rest_route=\/wp\/v2\/posts\/84328\/revisions\/84330"}],"wp:featuredmedia":[{"embeddable":true,"href":"https:\/\/esreviral.com\/index.php?rest_route=\/wp\/v2\/media\/84329"}],"wp:attachment":[{"href":"https:\/\/esreviral.com\/index.php?rest_route=%2Fwp%2Fv2%2Fmedia&parent=84328"}],"wp:term":[{"taxonomy":"category","embeddable":true,"href":"https:\/\/esreviral.com\/index.php?rest_route=%2Fwp%2Fv2%2Fcategories&post=84328"},{"taxonomy":"post_tag","embeddable":true,"href":"https:\/\/esreviral.com\/index.php?rest_route=%2Fwp%2Fv2%2Ftags&post=84328"}],"curies":[{"name":"wp","href":"https:\/\/api.w.org\/{rel}","templated":true}]}}