{"id":84269,"date":"2025-11-29T08:32:10","date_gmt":"2025-11-29T13:32:10","guid":{"rendered":"https:\/\/esreviral.com\/?p=84269"},"modified":"2025-11-29T08:32:11","modified_gmt":"2025-11-29T13:32:11","slug":"vuelven-a-aumentar-los-colectivos-el-subte-y-los-peajes-desde-el-lunes","status":"publish","type":"post","link":"https:\/\/esreviral.com\/?p=84269","title":{"rendered":"Vuelven a aumentar los colectivos, el subte y los peajes desde el lunes"},"content":{"rendered":"\n<p>El pr\u00f3ximo lunes se aplicar\u00e1 un nuevo ajuste en las tarifas del transporte porte\u00f1o \u2014colectivos, subtes y peajes\u2014 correspondiente al 2% mensual m\u00e1s la inflaci\u00f3n. Para diciembre, el incremento total ser\u00e1 del <strong>4,3%<\/strong>. En la provincia de Buenos Aires se aplicar\u00e1 el mismo esquema, aunque este mes se suma un <strong>10% adicional<\/strong>.<\/p>\n\n\n\n<p class=\"has-text-align-center\"><strong><a href=\"https:\/\/chat.whatsapp.com\/KWkTmakY3I05kNdd2oZl6d\"><em>\u00daNETE A NUESTRO GRUPO DE WHATSAPP PARA ESTAR INFORMADO<\/em><\/a><\/strong><\/p>\n\n\n\n<h3 class=\"wp-block-heading\"><strong><mark style=\"background-color:rgba(0, 0, 0, 0)\" class=\"has-inline-color has-vivid-red-color\">Colectivos<\/mark><\/strong><\/h3>\n\n\n\n<p>En la Ciudad, el boleto m\u00ednimo quedar\u00e1 en <strong>$593,52<\/strong>, mientras que en el Gran Buenos Aires ascender\u00e1 a <strong>$658<\/strong>. Esto genera tres tarifas distintas dentro del AMBA, ya que las l\u00edneas de jurisdicci\u00f3n nacional aumentaron en noviembre y el m\u00ednimo all\u00ed se mantiene en <strong>$494,83<\/strong>.<\/p>\n\n\n\n<p>Las l\u00edneas administradas por el Gobierno porte\u00f1o tendr\u00e1n las siguientes tarifas:<\/p>\n\n\n\n<ul class=\"wp-block-list\">\n<li><strong>0 a 3 km:<\/strong> $593,52<\/li>\n\n\n\n<li><strong>3 a 6 km:<\/strong> $659,50<\/li>\n\n\n\n<li><strong>6 a 12 km:<\/strong> $710,31<\/li>\n\n\n\n<li><strong>12 a 27 km:<\/strong> $761,15<\/li>\n<\/ul>\n\n\n\n<p><\/p>\n\n\n\n<p>El Ejecutivo porte\u00f1o sostiene que los incrementos buscan \u201crecomponer el atraso tarifario\u201d y que el sistema de colectivos cubre el 70% de los subsidios. Tambi\u00e9n destacan la modernizaci\u00f3n de la flota, con validadores multipago, c\u00e1maras y mejoras en los recorridos, adem\u00e1s de la incorporaci\u00f3n progresiva de unidades a gas y el\u00e9ctricas. Se espera que para 2026, el 15% de la flota utilice energ\u00edas limpias y que en 2027 ese porcentaje llegue al 30%.<\/p>\n\n\n\n<h3 class=\"wp-block-heading\"><strong><mark style=\"background-color:rgba(0, 0, 0, 0)\" class=\"has-inline-color has-vivid-red-color\">Subte<\/mark><\/strong><\/h3>\n\n\n\n<p>El viaje pasar\u00e1 a costar <strong>$1.206<\/strong>.<br>En un contexto econ\u00f3mico complejo, los nuevos medios de pago se volvieron clave para reducir el gasto: tarjetas de cr\u00e9dito, d\u00e9bito, billeteras virtuales, pagos sin contacto y QR ya representan el 30% de las transacciones, gracias a promociones y reintegros bancarios.<\/p>\n\n\n\n<p>Se mantienen los descuentos por pasajero frecuente, abonando con el mismo medio de pago:<\/p>\n\n\n\n<ul class=\"wp-block-list\">\n<li><strong>21 a 30 viajes:<\/strong> $964,80<\/li>\n\n\n\n<li><strong>31 a 40 viajes:<\/strong> $844,20<\/li>\n\n\n\n<li><strong>Desde el 41:<\/strong> $723,60<\/li>\n<\/ul>\n\n\n\n<p><\/p>\n\n\n\n<p>El Premetro pasa a <strong>$422,10<\/strong>.<\/p>\n\n\n\n<h3 class=\"wp-block-heading\"><strong><mark style=\"background-color:rgba(0, 0, 0, 0)\" class=\"has-inline-color has-vivid-red-color\">Peajes<\/mark><\/strong><\/h3>\n\n\n\n<p>Los peajes porte\u00f1os tambi\u00e9n actualizar\u00e1n sus valores desde el lunes.<\/p>\n\n\n\n<ul class=\"wp-block-list\">\n<li><strong>Hora pico:<\/strong>\n<ul class=\"wp-block-list\">\n<li>Perito Moreno y 25 de Mayo: <strong>$4.912,67<\/strong><\/li>\n\n\n\n<li>Illia: <strong>$2.042,38<\/strong><\/li>\n<\/ul>\n<\/li>\n\n\n\n<li><strong>Hora no pico:<\/strong>\n<ul class=\"wp-block-list\">\n<li>Perito Moreno y 25 de Mayo: <strong>$3.466,55<\/strong><\/li>\n\n\n\n<li>Illia: <strong>$1.444,25<\/strong><\/li>\n<\/ul>\n<\/li>\n<\/ul>\n\n\n\n<p><\/p>\n\n\n\n<p>Seg\u00fan AUSA, los aumentos responden al financiamiento del plan de obras 2025, que incluye el Paso Bajo Nivel de Garc\u00eda Lorca y la ampliaci\u00f3n de la autopista Dellepiane. La ley establece que el 10% de lo recaudado subsidia el subte, mientras que el 55% debe destinarse obligatoriamente a obras viales.<\/p>\n\n\n\n<p class=\"has-text-align-center\"><em><strong><em><strong><em><strong><em><strong><a href=\"https:\/\/t.me\/esreviral\">\u00daNETE A NUESTRO CANAL DE TELEGRAM PARA ESTAR INFORMADO<\/a><\/strong><\/em><\/strong><\/em><\/strong><\/em><\/strong><\/em><\/p>\n\n\n\n<h3 class=\"wp-block-heading\"><strong><mark style=\"background-color:rgba(0, 0, 0, 0)\" class=\"has-inline-color has-vivid-red-color\">Presupuesto 2026<\/mark><\/strong><\/h3>\n\n\n\n<p>El nuevo presupuesto porte\u00f1o, aprobado el viernes, mantiene el mecanismo de actualizaci\u00f3n mensual: <strong>2% m\u00e1s el \u00edndice de inflaci\u00f3n<\/strong>, tanto para el transporte como para las autopistas.<\/p>\n\n\n\n<p class=\"has-text-align-right\"><strong><em>Con Informaci\u00f3n de Clarin.-<\/em><\/strong><\/p>\n","protected":false},"excerpt":{"rendered":"<p>el aumento de este mes ser\u00e1 del 4,3% en la Ciudad y casi el 15% en PBA.<br \/>\nEn la Capital, en 2026 se seguir\u00e1 aplicando el mismo esquema de ajuste mensual.<\/p>\n","protected":false},"author":3,"featured_media":84270,"comment_status":"closed","ping_status":"closed","sticky":false,"template":"","format":"standard","meta":{"jnews-multi-image_gallery":[],"jnews_single_post":{"format":"standard"},"jnews_primary_category":[],"jnews_social_meta":[],"jnews_review":[],"enable_review":"","type":"","name":"","summary":"","brand":"","sku":"","good":[],"bad":[],"score_override":"","override_value":"","rating":[],"price":[],"jnews_override_counter":[],"jnews_post_split":[],"footnotes":""},"categories":[58,61],"tags":[44,2914,2143,1427,1866],"class_list":["post-84269","post","type-post","status-publish","format-standard","has-post-thumbnail","hentry","category-argentina","category-economia","tag-argentina","tag-aumento-de-tarifas","tag-colectivos","tag-peajes","tag-subtes"],"amp_enabled":true,"_links":{"self":[{"href":"https:\/\/esreviral.com\/index.php?rest_route=\/wp\/v2\/posts\/84269"}],"collection":[{"href":"https:\/\/esreviral.com\/index.php?rest_route=\/wp\/v2\/posts"}],"about":[{"href":"https:\/\/esreviral.com\/index.php?rest_route=\/wp\/v2\/types\/post"}],"author":[{"embeddable":true,"href":"https:\/\/esreviral.com\/index.php?rest_route=\/wp\/v2\/users\/3"}],"replies":[{"embeddable":true,"href":"https:\/\/esreviral.com\/index.php?rest_route=%2Fwp%2Fv2%2Fcomments&post=84269"}],"version-history":[{"count":1,"href":"https:\/\/esreviral.com\/index.php?rest_route=\/wp\/v2\/posts\/84269\/revisions"}],"predecessor-version":[{"id":84271,"href":"https:\/\/esreviral.com\/index.php?rest_route=\/wp\/v2\/posts\/84269\/revisions\/84271"}],"wp:featuredmedia":[{"embeddable":true,"href":"https:\/\/esreviral.com\/index.php?rest_route=\/wp\/v2\/media\/84270"}],"wp:attachment":[{"href":"https:\/\/esreviral.com\/index.php?rest_route=%2Fwp%2Fv2%2Fmedia&parent=84269"}],"wp:term":[{"taxonomy":"category","embeddable":true,"href":"https:\/\/esreviral.com\/index.php?rest_route=%2Fwp%2Fv2%2Fcategories&post=84269"},{"taxonomy":"post_tag","embeddable":true,"href":"https:\/\/esreviral.com\/index.php?rest_route=%2Fwp%2Fv2%2Ftags&post=84269"}],"curies":[{"name":"wp","href":"https:\/\/api.w.org\/{rel}","templated":true}]}}