{"id":84146,"date":"2025-11-27T12:07:31","date_gmt":"2025-11-27T17:07:31","guid":{"rendered":"https:\/\/esreviral.com\/?p=84146"},"modified":"2025-11-27T12:07:32","modified_gmt":"2025-11-27T17:07:32","slug":"3-adolescentes-venezolanos-asesinaron-a-un-indigente-uno-lo-apunalo-por-la-espalda-y-otro-lo-pateo","status":"publish","type":"post","link":"https:\/\/esreviral.com\/?p=84146","title":{"rendered":"3 adolescentes venezolanos asesinaron a un indigente: Uno lo apu\u00f1al\u00f3 por la espalda y otro lo pate\u00f3"},"content":{"rendered":"\n<p><strong>Tres adolescentes inmigrantes venezolanos<\/strong> fueron acusados de participar en el<strong> brutal apu\u00f1alamiento que termin\u00f3 con la vida de un hombre de 49 a\u00f1os de edad en el Chicago Loop <\/strong>(Estados Unidos) durante la madrugada del domingo, seg\u00fan inform\u00f3 la Oficina del Fiscal del Estado del condado de Cook.<\/p>\n\n\n\n<p class=\"has-text-align-center\"><strong><a href=\"https:\/\/chat.whatsapp.com\/KWkTmakY3I05kNdd2oZl6d\"><em>\u00daNETE A NUESTRO GRUPO DE WHATSAPP PARA ESTAR INFORMADO<\/em><\/a><\/strong><\/p>\n\n\n<div class=\"wp-block-image\">\n<figure class=\"aligncenter size-large\"><img decoding=\"async\" src=\"https:\/\/pbs.twimg.com\/media\/G6xnJR6XoAAPhJ8?format=jpg&amp;name=900x900\" alt=\"\"\/><\/figure>\n<\/div>\n\n\n<p><\/p>\n\n\n\n<p><strong>Wuinayker Rodr\u00edguez-V\u00e1squez<\/strong>, de 16 a\u00f1os de edad, fue imputado como adulto por <strong>asesinato en primer grado<\/strong> y se present\u00f3 ante un juez este martes, quien orden\u00f3 su detenci\u00f3n preventiva. Otros dos menores, ambos de 14 a\u00f1os de edad, tambi\u00e9n enfrentan cargos: <strong>uno por asesinato en primer grado y el otro por robo a mano armada. Ambos comparecieron el lunes ante la corte juvenil y quedaron bajo custodia.<\/strong><\/p>\n\n\n\n<p><strong>Las autoridades confirmaron que la v\u00edctima no ten\u00eda v\u00ednculo previo con ninguno de los sospechosos.<\/strong><\/p>\n\n\n\n<p>El ataque ocurri\u00f3 alrededor de las 5:45 a. m., cuando el hombre dorm\u00eda junto a sus pertenencias. Seg\u00fan los fiscales, el grupo se aproxim\u00f3 mientras <strong>Rodr\u00edguez-V\u00e1squez llevaba un cuchillo escondido en la manga y uno de los menores portaba una barra met\u00e1lica. <\/strong>Uno de los adolescentes rob\u00f3 la m\u00e1scara de la v\u00edctima y huy\u00f3. Al despertar, el hombre fue pateado por Rodr\u00edguez-V\u00e1squez y golpeado por otro de los menores. Minutos despu\u00e9s, el <strong>joven de 16 a\u00f1os de edad lo apu\u00f1al\u00f3 por la espalda, provocando que colapsara. Todo qued\u00f3 registrado en c\u00e1maras de seguridad.<\/strong><\/p>\n\n\n\n<p>La v\u00edctima fue trasladada de urgencia a un hospital, donde se confirm\u00f3 su fallecimiento. El m\u00e9dico forense determin\u00f3 que muri\u00f3 por una herida de arma blanca en la espalda.<\/p>\n\n\n\n<p>Los adolescentes fueron detenidos horas despu\u00e9s, identificados por las c\u00e1maras de vigilancia que registraron la ropa que llevaban durante el ataque. Rodr\u00edguez-V\u00e1squez fue hallado con un cuchillo y fue reconocido tanto por su madre como por otro integrante del grupo. Tras el crimen, fue captado en video mostrando un cuchillo, haciendo gestos de apu\u00f1alamiento y utilizando la m\u00e1scara robada a la v\u00edctima.<\/p>\n\n\n\n<p class=\"has-text-align-center\"><em><strong><em><strong><em><strong><em><strong><a href=\"https:\/\/t.me\/esreviral\">\u00daNETE A NUESTRO CANAL DE TELEGRAM PARA ESTAR INFORMADO<\/a><\/strong><\/em><\/strong><\/em><\/strong><\/em><\/strong><\/em><\/p>\n\n\n\n<p>Una fuente policial calific\u00f3 el homicidio como un ataque especialmente cruel y \u201c<strong>estilo mafia<\/strong>\u201d.<\/p>\n\n\n\n<p class=\"has-text-align-right\"><strong><em>Con Informaci\u00f3n de noticialdia.com.-<\/em><\/strong><\/p>\n","protected":false},"excerpt":{"rendered":"<p>Tres adolescentes inmigrantes venezolanos fueron acusados de participar en el brutal apu\u00f1alamiento que termin\u00f3 con la vida de un hombre de 49 a\u00f1os de edad en el Chicago Loop (Estados Unidos) durante la madrugada del domingo, seg\u00fan inform\u00f3 la Oficina del Fiscal del Estado del condado de Cook. \u00daNETE A NUESTRO GRUPO DE WHATSAPP PARA [&hellip;]<\/p>\n","protected":false},"author":3,"featured_media":84147,"comment_status":"closed","ping_status":"closed","sticky":false,"template":"","format":"standard","meta":{"jnews-multi-image_gallery":[],"jnews_single_post":{"format":"standard"},"jnews_primary_category":[],"jnews_social_meta":[],"jnews_review":[],"enable_review":"","type":"","name":"","summary":"","brand":"","sku":"","good":[],"bad":[],"score_override":"","override_value":"","rating":[],"price":[],"jnews_override_counter":[],"jnews_post_split":[],"footnotes":""},"categories":[1],"tags":[37934,37935,21417,37933,5242,725,37936],"class_list":["post-84146","post","type-post","status-publish","format-standard","has-post-thumbnail","hentry","category-uncategorized","tag-adolescentes-venezolanos","tag-adolescentes-venezolanos-en-estados-unidos","tag-asesinato-en-primer-grado","tag-indigente","tag-inmigrantes-venezolanos","tag-venezolanos-en-estados-unidos","tag-wuinayker-rodriguez-vasquez"],"_links":{"self":[{"href":"https:\/\/esreviral.com\/index.php?rest_route=\/wp\/v2\/posts\/84146","targetHints":{"allow":["GET"]}}],"collection":[{"href":"https:\/\/esreviral.com\/index.php?rest_route=\/wp\/v2\/posts"}],"about":[{"href":"https:\/\/esreviral.com\/index.php?rest_route=\/wp\/v2\/types\/post"}],"author":[{"embeddable":true,"href":"https:\/\/esreviral.com\/index.php?rest_route=\/wp\/v2\/users\/3"}],"replies":[{"embeddable":true,"href":"https:\/\/esreviral.com\/index.php?rest_route=%2Fwp%2Fv2%2Fcomments&post=84146"}],"version-history":[{"count":1,"href":"https:\/\/esreviral.com\/index.php?rest_route=\/wp\/v2\/posts\/84146\/revisions"}],"predecessor-version":[{"id":84148,"href":"https:\/\/esreviral.com\/index.php?rest_route=\/wp\/v2\/posts\/84146\/revisions\/84148"}],"wp:featuredmedia":[{"embeddable":true,"href":"https:\/\/esreviral.com\/index.php?rest_route=\/wp\/v2\/media\/84147"}],"wp:attachment":[{"href":"https:\/\/esreviral.com\/index.php?rest_route=%2Fwp%2Fv2%2Fmedia&parent=84146"}],"wp:term":[{"taxonomy":"category","embeddable":true,"href":"https:\/\/esreviral.com\/index.php?rest_route=%2Fwp%2Fv2%2Fcategories&post=84146"},{"taxonomy":"post_tag","embeddable":true,"href":"https:\/\/esreviral.com\/index.php?rest_route=%2Fwp%2Fv2%2Ftags&post=84146"}],"curies":[{"name":"wp","href":"https:\/\/api.w.org\/{rel}","templated":true}]}}