{"id":84142,"date":"2025-11-27T11:44:29","date_gmt":"2025-11-27T16:44:29","guid":{"rendered":"https:\/\/esreviral.com\/?p=84142"},"modified":"2025-11-27T11:48:06","modified_gmt":"2025-11-27T16:48:06","slug":"un-joven-afgano-fue-identificado-como-autor-del-tiroteo-cerca-de-la-casa-blanca","status":"publish","type":"post","link":"https:\/\/esreviral.com\/?p=84142","title":{"rendered":"Un joven afgano fue identificado como autor del tiroteo cerca de la Casa Blanca"},"content":{"rendered":"\n<p><strong>Un ciudadano afgano, se\u00f1alado como el presunto autor del tiroteo que dej\u00f3 gravemente heridos a dos soldados de la Guardia Nacional en Washington D. C., habr\u00eda trabajado anteriormente con la CIA en Afganist\u00e1n, seg\u00fan confirm\u00f3 el director de la Central de Inteligencia.<\/strong><\/p>\n\n\n\n<p><strong><em>\u201cEl gobierno de Biden justific\u00f3 el traslado del presunto tirador a Estados Unidos en septiembre de 2021 debido a su trabajo previo con el gobierno estadounidense, incluida la CIA\u201d,<\/em><\/strong> afirm\u00f3 John Ratcliffe durante una conferencia de prensa junto a autoridades del FBI y del Departamento de Justicia.<\/p>\n\n\n\n<p>Ratcliffe agreg\u00f3 que el hombre form\u00f3 parte de una fuerza aliada en Kandahar antes de la retirada estadounidense, y que su desplazamiento a EE.UU. ocurri\u00f3 poco despu\u00e9s de la evacuaci\u00f3n ca\u00f3tica de agosto de 2021.<\/p>\n\n\n\n<p class=\"has-text-align-center\"><strong><a href=\"https:\/\/chat.whatsapp.com\/KWkTmakY3I05kNdd2oZl6d\"><em>\u00daNETE A NUESTRO GRUPO DE WHATSAPP PARA ESTAR INFORMADO<\/em><\/a><\/strong><\/p>\n\n\n<div class=\"wp-block-image\">\n<figure class=\"aligncenter size-large is-resized\"><img decoding=\"async\" src=\"https:\/\/www.clarin.com\/img\/2025\/11\/27\/bC1TPQSuR_720x0__1.jpg\" alt=\"\" style=\"width:720px;height:auto\"\/><figcaption class=\"wp-element-caption\">El afgano Rahmanullah Lakanwal.<\/figcaption><\/figure><\/div>\n\n\n<p><\/p>\n\n\n\n<p>El director del FBI, Kash Patel, tambi\u00e9n confirm\u00f3 que el sospechoso <strong><em>\u201cmanten\u00eda v\u00ednculos en Afganist\u00e1n con fuerzas aliadas<\/em><\/strong>\u201d y asegur\u00f3 que las autoridades est\u00e1n <strong><em>\u201cinvestigando a fondo ese aspecto de sus antecedentes\u201d.<\/em><\/strong><\/p>\n\n\n\n<h3 class=\"wp-block-heading\"><strong><mark style=\"background-color:rgba(0, 0, 0, 0)\" class=\"has-inline-color has-vivid-red-color\">Las v\u00edctimas, en estado cr\u00edtico<\/mark><\/strong><\/h3>\n\n\n\n<p>Los soldados heridos, Andrew Wolfe (24) y Sarah Beckstrom (20), fueron sometidos a cirug\u00edas de emergencia y permanecen en estado cr\u00edtico, inform\u00f3 la fiscal general de EE.UU., Pam Bondi.<\/p>\n\n\n\n<p>La fiscal federal para el Distrito de Columbia, Jeanine Pirro, detall\u00f3 que el sospechoso, Rahmanullah Lakanwal, condujo miles de kil\u00f3metros desde el estado de Washington antes de emboscar a los militares a solo dos cuadras de la Casa Blanca.<\/p>\n\n\n\n<p>La \u00faltima residencia conocida del atacante fue allanada por agentes del FBI. Seg\u00fan Pirro, los soldados fueron \u201cemboscados\u201d en un ataque \u201cdescarado\u201d: uno de ellos fue abatido y luego baleado nuevamente, mientras que el otro recibi\u00f3 m\u00faltiples disparos.<\/p>\n\n\n\n<p><\/p>\n\n\n<div class=\"wp-block-image\">\n<figure class=\"aligncenter size-large\"><img decoding=\"async\" src=\"https:\/\/www.clarin.com\/img\/2025\/11\/27\/00yZZts4q_720x0__1.jpg\" alt=\"\"\/><figcaption class=\"wp-element-caption\">Los soldados heridos, Andrew Wolfe y Sarah Beckstrom<\/figcaption><\/figure><\/div>\n\n\n<p><\/p>\n\n\n\n<p>Lakanwal, de 29 a\u00f1os de edad, fue herido por otro soldado durante el ataque y trasladado a un hospital. El presidente estadounidense, Donald Trump, afirm\u00f3 que el agresor result\u00f3 \u201c<strong><em>gravemente herido\u201d.<\/em><\/strong><\/p>\n\n\n\n<p>Pirro advirti\u00f3 que se trata de \u201c<strong><em>una investigaci\u00f3n en desarrollo<\/em><\/strong>\u201d con equipos trabajando de manera ininterrumpida. Hasta el momento, no hay un m\u00f3vil confirmado. \u201cEs demasiado pronto para determinar el motivo\u201d, se\u00f1al\u00f3.<\/p>\n\n\n\n<blockquote class=\"instagram-media\" data-instgrm-captioned data-instgrm-permalink=\"https:\/\/www.instagram.com\/reel\/DRiR_rADsh1\/?utm_source=ig_embed&amp;utm_campaign=loading\" data-instgrm-version=\"14\" style=\" background:#FFF; border:0; border-radius:3px; box-shadow:0 0 1px 0 rgba(0,0,0,0.5),0 1px 10px 0 rgba(0,0,0,0.15); margin: 1px; max-width:540px; min-width:326px; padding:0; width:99.375%; width:-webkit-calc(100% - 2px); width:calc(100% - 2px);\"><div style=\"padding:16px;\"> <a href=\"https:\/\/www.instagram.com\/reel\/DRiR_rADsh1\/?utm_source=ig_embed&amp;utm_campaign=loading\" style=\" background:#FFFFFF; line-height:0; padding:0 0; text-align:center; text-decoration:none; width:100%;\" target=\"_blank\" rel=\"noopener\"> <div style=\" display: flex; flex-direction: row; align-items: center;\"> <div style=\"background-color: #F4F4F4; border-radius: 50%; flex-grow: 0; height: 40px; margin-right: 14px; width: 40px;\"><\/div> <div style=\"display: flex; flex-direction: column; flex-grow: 1; justify-content: center;\"> <div style=\" background-color: #F4F4F4; border-radius: 4px; flex-grow: 0; height: 14px; margin-bottom: 6px; width: 100px;\"><\/div> <div style=\" background-color: #F4F4F4; border-radius: 4px; flex-grow: 0; height: 14px; width: 60px;\"><\/div><\/div><\/div><div style=\"padding: 19% 0;\"><\/div> <div style=\"display:block; height:50px; margin:0 auto 12px; width:50px;\"><svg width=\"50px\" height=\"50px\" viewBox=\"0 0 60 60\" version=\"1.1\" xmlns=\"https:\/\/www.w3.org\/2000\/svg\" xmlns:xlink=\"https:\/\/www.w3.org\/1999\/xlink\"><g stroke=\"none\" stroke-width=\"1\" fill=\"none\" fill-rule=\"evenodd\"><g transform=\"translate(-511.000000, -20.000000)\" fill=\"#000000\"><g><path d=\"M556.869,30.41 C554.814,30.41 553.148,32.076 553.148,34.131 C553.148,36.186 554.814,37.852 556.869,37.852 C558.924,37.852 560.59,36.186 560.59,34.131 C560.59,32.076 558.924,30.41 556.869,30.41 M541,60.657 C535.114,60.657 530.342,55.887 530.342,50 C530.342,44.114 535.114,39.342 541,39.342 C546.887,39.342 551.658,44.114 551.658,50 C551.658,55.887 546.887,60.657 541,60.657 M541,33.886 C532.1,33.886 524.886,41.1 524.886,50 C524.886,58.899 532.1,66.113 541,66.113 C549.9,66.113 557.115,58.899 557.115,50 C557.115,41.1 549.9,33.886 541,33.886 M565.378,62.101 C565.244,65.022 564.756,66.606 564.346,67.663 C563.803,69.06 563.154,70.057 562.106,71.106 C561.058,72.155 560.06,72.803 558.662,73.347 C557.607,73.757 556.021,74.244 553.102,74.378 C549.944,74.521 548.997,74.552 541,74.552 C533.003,74.552 532.056,74.521 528.898,74.378 C525.979,74.244 524.393,73.757 523.338,73.347 C521.94,72.803 520.942,72.155 519.894,71.106 C518.846,70.057 518.197,69.06 517.654,67.663 C517.244,66.606 516.755,65.022 516.623,62.101 C516.479,58.943 516.448,57.996 516.448,50 C516.448,42.003 516.479,41.056 516.623,37.899 C516.755,34.978 517.244,33.391 517.654,32.338 C518.197,30.938 518.846,29.942 519.894,28.894 C520.942,27.846 521.94,27.196 523.338,26.654 C524.393,26.244 525.979,25.756 528.898,25.623 C532.057,25.479 533.004,25.448 541,25.448 C548.997,25.448 549.943,25.479 553.102,25.623 C556.021,25.756 557.607,26.244 558.662,26.654 C560.06,27.196 561.058,27.846 562.106,28.894 C563.154,29.942 563.803,30.938 564.346,32.338 C564.756,33.391 565.244,34.978 565.378,37.899 C565.522,41.056 565.552,42.003 565.552,50 C565.552,57.996 565.522,58.943 565.378,62.101 M570.82,37.631 C570.674,34.438 570.167,32.258 569.425,30.349 C568.659,28.377 567.633,26.702 565.965,25.035 C564.297,23.368 562.623,22.342 560.652,21.575 C558.743,20.834 556.562,20.326 553.369,20.18 C550.169,20.033 549.148,20 541,20 C532.853,20 531.831,20.033 528.631,20.18 C525.438,20.326 523.257,20.834 521.349,21.575 C519.376,22.342 517.703,23.368 516.035,25.035 C514.368,26.702 513.342,28.377 512.574,30.349 C511.834,32.258 511.326,34.438 511.181,37.631 C511.035,40.831 511,41.851 511,50 C511,58.147 511.035,59.17 511.181,62.369 C511.326,65.562 511.834,67.743 512.574,69.651 C513.342,71.625 514.368,73.296 516.035,74.965 C517.703,76.634 519.376,77.658 521.349,78.425 C523.257,79.167 525.438,79.673 528.631,79.82 C531.831,79.965 532.853,80.001 541,80.001 C549.148,80.001 550.169,79.965 553.369,79.82 C556.562,79.673 558.743,79.167 560.652,78.425 C562.623,77.658 564.297,76.634 565.965,74.965 C567.633,73.296 568.659,71.625 569.425,69.651 C570.167,67.743 570.674,65.562 570.82,62.369 C570.966,59.17 571,58.147 571,50 C571,41.851 570.966,40.831 570.82,37.631\"><\/path><\/g><\/g><\/g><\/svg><\/div><div style=\"padding-top: 8px;\"> <div style=\" color:#3897f0; font-family:Arial,sans-serif; font-size:14px; font-style:normal; font-weight:550; line-height:18px;\">Ver esta publicaci\u00f3n en Instagram<\/div><\/div><div style=\"padding: 12.5% 0;\"><\/div> <div style=\"display: flex; flex-direction: row; margin-bottom: 14px; align-items: center;\"><div> <div style=\"background-color: #F4F4F4; border-radius: 50%; height: 12.5px; width: 12.5px; transform: translateX(0px) translateY(7px);\"><\/div> <div style=\"background-color: #F4F4F4; height: 12.5px; transform: rotate(-45deg) translateX(3px) translateY(1px); width: 12.5px; flex-grow: 0; margin-right: 14px; margin-left: 2px;\"><\/div> <div style=\"background-color: #F4F4F4; border-radius: 50%; height: 12.5px; width: 12.5px; transform: translateX(9px) translateY(-18px);\"><\/div><\/div><div style=\"margin-left: 8px;\"> <div style=\" background-color: #F4F4F4; border-radius: 50%; flex-grow: 0; height: 20px; width: 20px;\"><\/div> <div style=\" width: 0; height: 0; border-top: 2px solid transparent; border-left: 6px solid #f4f4f4; border-bottom: 2px solid transparent; transform: translateX(16px) translateY(-4px) rotate(30deg)\"><\/div><\/div><div style=\"margin-left: auto;\"> <div style=\" width: 0px; border-top: 8px solid #F4F4F4; border-right: 8px solid transparent; transform: translateY(16px);\"><\/div> <div style=\" background-color: #F4F4F4; flex-grow: 0; height: 12px; width: 16px; transform: translateY(-4px);\"><\/div> <div style=\" width: 0; height: 0; border-top: 8px solid #F4F4F4; border-left: 8px solid transparent; transform: translateY(-4px) translateX(8px);\"><\/div><\/div><\/div> <div style=\"display: flex; flex-direction: column; flex-grow: 1; justify-content: center; margin-bottom: 24px;\"> <div style=\" background-color: #F4F4F4; border-radius: 4px; flex-grow: 0; height: 14px; margin-bottom: 6px; width: 224px;\"><\/div> <div style=\" background-color: #F4F4F4; border-radius: 4px; flex-grow: 0; height: 14px; width: 144px;\"><\/div><\/div><\/a><p style=\" color:#c9c8cd; font-family:Arial,sans-serif; font-size:14px; line-height:17px; margin-bottom:0; margin-top:8px; overflow:hidden; padding:8px 0 7px; text-align:center; text-overflow:ellipsis; white-space:nowrap;\"><a href=\"https:\/\/www.instagram.com\/reel\/DRiR_rADsh1\/?utm_source=ig_embed&amp;utm_campaign=loading\" style=\" color:#c9c8cd; font-family:Arial,sans-serif; font-size:14px; font-style:normal; font-weight:normal; line-height:17px; text-decoration:none;\" target=\"_blank\" rel=\"noopener\">Una publicaci\u00f3n compartida por ES RE VIRAL (@esreviral)<\/a><\/p><\/div><\/blockquote>\n<script async src=\"\/\/www.instagram.com\/embed.js\"><\/script>\n\n\n\n<h3 class=\"wp-block-heading\"><strong><mark style=\"background-color:rgba(0, 0, 0, 0)\" class=\"has-inline-color has-vivid-red-color\">Reacci\u00f3n del gobierno de EE.UU.<\/mark><\/strong><\/h3>\n\n\n\n<p>Tras confirmar que el sospechoso es ciudadano afgano, Estados Unidos suspendi\u00f3 todas las solicitudes de inmigraci\u00f3n provenientes de ese pa\u00eds, inform\u00f3 el Servicio de Ciudadan\u00eda e Inmigraci\u00f3n (USCIS), en espera de una revisi\u00f3n de sus protocolos de seguridad.<\/p>\n\n\n\n<p>Desde Mar-a-Lago, el presidente Trump calific\u00f3 el ataque como \u201cun acto terrorista\u201d y anunci\u00f3 que tomar\u00e1 medidas para expulsar del pa\u00eds a extranjeros que \u201cno pertenezcan a este pa\u00eds\u201d.<\/p>\n\n\n<div class=\"wp-block-image\">\n<figure class=\"aligncenter size-large\"><img decoding=\"async\" src=\"https:\/\/pbs.twimg.com\/media\/G6unhJ2XkAA0jw9?format=jpg&amp;name=medium\" alt=\"\"\/><\/figure><\/div>\n\n\n<p><\/p>\n\n\n\n<p>Lakanwal lleg\u00f3 a EE.UU. en septiembre de 2021, junto con miles de afganos evacuados tras el retorno del r\u00e9gimen talib\u00e1n y el retiro ordenado por la administraci\u00f3n Biden. Muchos de ellos ingresaron bajo un programa especial que ofrec\u00eda protecci\u00f3n a quienes hab\u00edan colaborado con fuerzas estadounidenses.<\/p>\n\n\n\n<p>Trump afirm\u00f3 que el pa\u00eds \u201cdebe reexaminar\u201d a todos los afganos que ingresaron bajo ese programa.<\/p>\n\n\n\n<h3 class=\"wp-block-heading\"><strong><mark style=\"background-color:rgba(0, 0, 0, 0)\" class=\"has-inline-color has-vivid-red-color\">Antecedentes: \u00bfPor qu\u00e9 estaba el ej\u00e9rcito estadounidense en Afganist\u00e1n?<\/mark><\/strong><\/h3>\n\n\n\n<p>Tras los atentados del 11 de septiembre de 2001, Estados Unidos busc\u00f3 a Osama Bin Laden, l\u00edder de Al-Qaeda, protegido por el r\u00e9gimen talib\u00e1n. Las tropas estadounidenses invadieron Afganist\u00e1n y expulsaron a los talibanes del poder.<\/p>\n\n\n\n<p>Aunque la presencia militar internacional se redujo en 2014, miles de soldados permanecieron para apoyar a las fuerzas de seguridad afganas.<\/p>\n\n\n\n<p class=\"has-text-align-center\"><em><strong><em><strong><em><strong><em><strong><a href=\"https:\/\/t.me\/esreviral\">\u00daNETE A NUESTRO CANAL DE TELEGRAM PARA ESTAR INFORMADO<\/a><\/strong><\/em><\/strong><\/em><\/strong><\/em><\/strong><\/em><\/p>\n\n\n\n<p>En 2020, Washington firm\u00f3 un acuerdo para retirar todas sus tropas. El presidente Joe Biden fij\u00f3 como fecha l\u00edmite el 11 de septiembre de 2021, decisi\u00f3n que gener\u00f3 fuertes cr\u00edticas por la rapidez del repliegue y la consecuente ca\u00edda de Kabul en manos talibanes el 15 de agosto de ese a\u00f1o.<\/p>\n\n\n\n<p class=\"has-text-align-right\"><strong><em>Con informaci\u00f3n de Clarin.-<\/em><\/strong><\/p>\n","protected":false},"excerpt":{"rendered":"<p>\u00abEl gobierno de Biden justific\u00f3 el traslado del presunto tirador a EE.UU. en septiembre de 2021 debido a su trabajo previo con el gobierno estadounidense\u00bb, dijo el jefe de la CIA.<br \/>\nConfirman que las dos v\u00edctimas baleadas son Andrew Wolfe y Sarah Beckstrom, y siguen en estado cr\u00edtico.<\/p>\n","protected":false},"author":3,"featured_media":84143,"comment_status":"closed","ping_status":"closed","sticky":false,"template":"","format":"standard","meta":{"jnews-multi-image_gallery":[],"jnews_single_post":{"format":"standard"},"jnews_primary_category":[],"jnews_social_meta":[],"jnews_review":[],"enable_review":"","type":"","name":"","summary":"","brand":"","sku":"","good":[],"bad":[],"score_override":"","override_value":"","rating":[],"price":[],"jnews_override_counter":[],"jnews_post_split":[],"footnotes":""},"categories":[88],"tags":[1098,136,45,37932,4947],"class_list":["post-84142","post","type-post","status-publish","format-standard","has-post-thumbnail","hentry","category-internacionales","tag-afganistan-2","tag-estados-unidos","tag-noticias","tag-rahmanullah-lakanwal","tag-washington"],"amp_enabled":true,"_links":{"self":[{"href":"https:\/\/esreviral.com\/index.php?rest_route=\/wp\/v2\/posts\/84142"}],"collection":[{"href":"https:\/\/esreviral.com\/index.php?rest_route=\/wp\/v2\/posts"}],"about":[{"href":"https:\/\/esreviral.com\/index.php?rest_route=\/wp\/v2\/types\/post"}],"author":[{"embeddable":true,"href":"https:\/\/esreviral.com\/index.php?rest_route=\/wp\/v2\/users\/3"}],"replies":[{"embeddable":true,"href":"https:\/\/esreviral.com\/index.php?rest_route=%2Fwp%2Fv2%2Fcomments&post=84142"}],"version-history":[{"count":2,"href":"https:\/\/esreviral.com\/index.php?rest_route=\/wp\/v2\/posts\/84142\/revisions"}],"predecessor-version":[{"id":84145,"href":"https:\/\/esreviral.com\/index.php?rest_route=\/wp\/v2\/posts\/84142\/revisions\/84145"}],"wp:featuredmedia":[{"embeddable":true,"href":"https:\/\/esreviral.com\/index.php?rest_route=\/wp\/v2\/media\/84143"}],"wp:attachment":[{"href":"https:\/\/esreviral.com\/index.php?rest_route=%2Fwp%2Fv2%2Fmedia&parent=84142"}],"wp:term":[{"taxonomy":"category","embeddable":true,"href":"https:\/\/esreviral.com\/index.php?rest_route=%2Fwp%2Fv2%2Fcategories&post=84142"},{"taxonomy":"post_tag","embeddable":true,"href":"https:\/\/esreviral.com\/index.php?rest_route=%2Fwp%2Fv2%2Ftags&post=84142"}],"curies":[{"name":"wp","href":"https:\/\/api.w.org\/{rel}","templated":true}]}}