{"id":84081,"date":"2025-11-26T10:30:41","date_gmt":"2025-11-26T15:30:41","guid":{"rendered":"https:\/\/esreviral.com\/?p=84081"},"modified":"2025-11-26T10:30:42","modified_gmt":"2025-11-26T15:30:42","slug":"isaias-urbina-el-gran-legado-que-dejo-el-artista-en-las-producciones-venezolanas","status":"publish","type":"post","link":"https:\/\/esreviral.com\/?p=84081","title":{"rendered":"Isa\u00edas Urbina: El gran legado que dej\u00f3 el artista en las producciones venezolanas"},"content":{"rendered":"\n<p>Se confirm\u00f3 el fallecimiento de <strong>Isa\u00edas Urbina, reconocido arreglista, compositor, productor y director musical venezolano<\/strong>, a los 73 a\u00f1os de edad. Hasta el momento, no se ha informado la causa de su muerte.<\/p>\n\n\n\n<p class=\"has-text-align-center\"><strong><a href=\"https:\/\/chat.whatsapp.com\/KWkTmakY3I05kNdd2oZl6d\"><em>\u00daNETE A NUESTRO GRUPO DE WHATSAPP PARA ESTAR INFORMADO<\/em><\/a><\/strong><\/p>\n\n\n\n<p>Nacido en Caracas el 1 de mayo de 1952, Urbina form\u00f3 parte de varias agrupaciones en los a\u00f1os 70, entre ellas<strong><em> Los Limpiabotas de Media Noche, Ciruela y Grupo Volc\u00e1n<\/em><\/strong>. Desde muy peque\u00f1o mostr\u00f3 una profunda pasi\u00f3n por la guitarra, a pesar de no contar con el respaldo de sus padres. En diversas ocasiones relat\u00f3 que, gracias a la intercesi\u00f3n de Jos\u00e9 Gregorio Hern\u00e1ndez, logr\u00f3 seguir adelante con su sue\u00f1o de convertirse en m\u00fasico.<\/p>\n\n\n\n<p>Su carrera dio un giro decisivo en 1976, cuando ingres\u00f3 al<strong> staff de Venevisi\u00f3n como arreglista y compositor.<\/strong> Desde su propio estudio, trabaj\u00f3 en el programa<strong> <em>De fiesta con Venevisi\u00f3n<\/em><\/strong> y se convirti\u00f3 en la mente creativa detr\u00e1s de las cu\u00f1as navide\u00f1as m\u00e1s emblem\u00e1ticas del canal.<\/p>\n\n\n\n<p>Tambi\u00e9n dej\u00f3 una huella imborrable en la televisi\u00f3n venezolana gracias a sus arreglos musicales para algunas de las telenovelas m\u00e1s recordadas, como <strong><em>Cara Sucia<\/em>, <em>Lejana Como el Viento<\/em>, <em>Mar\u00eda Celeste<\/em>, <em>Mujercitas<\/em> y <em>A Todo Coraz\u00f3n<\/em>.<\/strong><\/p>\n\n\n\n<p>A\u00f1os m\u00e1s tarde fue designado director musical de <strong><em>El Club de los Tigritos<\/em>,<\/strong> donde cre\u00f3 varias de las canciones que marcaron a toda una generaci\u00f3n de televidentes.<\/p>\n\n\n\n<p class=\"has-text-align-center\"><em><strong><em><strong><em><strong><em><strong><a href=\"https:\/\/t.me\/esreviral\">\u00daNETE A NUESTRO CANAL DE TELEGRAM PARA ESTAR INFORMADO<\/a><\/strong><\/em><\/strong><\/em><\/strong><\/em><\/strong><\/em><\/p>\n\n\n\n<p>Desde Venevisi\u00f3n destacaron que la firma de Urbina est\u00e1 asociada a algunos de los momentos m\u00e1s importantes de la televisi\u00f3n nacional, especialmente en la \u00e9poca dorada de las grandes telenovelas y programas de variedades, donde su talento, creatividad e inspiraci\u00f3n fueron determinantes.<\/p>\n\n\n\n<p class=\"has-text-align-right\"><strong><em>Con Informaci\u00f3n de caraotadigital.net.-<\/em><\/strong><\/p>\n","protected":false},"excerpt":{"rendered":"<p>El entretenimiento venezolano est\u00e1 de luto por la repentina muerte del maestro a sus 73 a\u00f1os de edad<\/p>\n","protected":false},"author":3,"featured_media":84083,"comment_status":"closed","ping_status":"closed","sticky":false,"template":"","format":"standard","meta":{"jnews-multi-image_gallery":[],"jnews_single_post":{"format":"standard"},"jnews_primary_category":[],"jnews_social_meta":[],"jnews_review":[],"enable_review":"","type":"","name":"","summary":"","brand":"","sku":"","good":[],"bad":[],"score_override":"","override_value":"","rating":[],"price":[],"jnews_override_counter":[],"jnews_post_split":[],"footnotes":""},"categories":[50],"tags":[44,37888,37889,37890,37885,45,37887,37886],"class_list":["post-84081","post","type-post","status-publish","format-standard","has-post-thumbnail","hentry","category-entretenimiento","tag-argentina","tag-arreglos-musicales","tag-el-club-de-los-tigritos","tag-industria-musical-venezolana-2","tag-isaias-urbina","tag-noticias","tag-staff-de-venevision","tag-television-venezolana"],"amp_enabled":true,"_links":{"self":[{"href":"https:\/\/esreviral.com\/index.php?rest_route=\/wp\/v2\/posts\/84081"}],"collection":[{"href":"https:\/\/esreviral.com\/index.php?rest_route=\/wp\/v2\/posts"}],"about":[{"href":"https:\/\/esreviral.com\/index.php?rest_route=\/wp\/v2\/types\/post"}],"author":[{"embeddable":true,"href":"https:\/\/esreviral.com\/index.php?rest_route=\/wp\/v2\/users\/3"}],"replies":[{"embeddable":true,"href":"https:\/\/esreviral.com\/index.php?rest_route=%2Fwp%2Fv2%2Fcomments&post=84081"}],"version-history":[{"count":1,"href":"https:\/\/esreviral.com\/index.php?rest_route=\/wp\/v2\/posts\/84081\/revisions"}],"predecessor-version":[{"id":84084,"href":"https:\/\/esreviral.com\/index.php?rest_route=\/wp\/v2\/posts\/84081\/revisions\/84084"}],"wp:featuredmedia":[{"embeddable":true,"href":"https:\/\/esreviral.com\/index.php?rest_route=\/wp\/v2\/media\/84083"}],"wp:attachment":[{"href":"https:\/\/esreviral.com\/index.php?rest_route=%2Fwp%2Fv2%2Fmedia&parent=84081"}],"wp:term":[{"taxonomy":"category","embeddable":true,"href":"https:\/\/esreviral.com\/index.php?rest_route=%2Fwp%2Fv2%2Fcategories&post=84081"},{"taxonomy":"post_tag","embeddable":true,"href":"https:\/\/esreviral.com\/index.php?rest_route=%2Fwp%2Fv2%2Ftags&post=84081"}],"curies":[{"name":"wp","href":"https:\/\/api.w.org\/{rel}","templated":true}]}}