{"id":84078,"date":"2025-11-26T09:40:14","date_gmt":"2025-11-26T14:40:14","guid":{"rendered":"https:\/\/esreviral.com\/?p=84078"},"modified":"2025-11-27T06:29:56","modified_gmt":"2025-11-27T11:29:56","slug":"retiraran-la-licencia-de-conducir-a-quienes-cometan-delitos-utilizando-autos-o-motos","status":"publish","type":"post","link":"https:\/\/esreviral.com\/?p=84078","title":{"rendered":"Retirar\u00e1n la licencia de conducir a quienes cometan delitos utilizando autos o motos"},"content":{"rendered":"\n<p><strong>El Gobierno porte\u00f1o anunci\u00f3 que dar\u00e1 de baja la licencia de conducir a todas aquellas personas que cometan delitos utilizando motos o autos en la Ciudad de Buenos Aires.<\/strong><\/p>\n\n\n\n<p class=\"has-text-align-center\"><strong><a href=\"https:\/\/chat.whatsapp.com\/KWkTmakY3I05kNdd2oZl6d\"><em>\u00daNETE A NUESTRO GRUPO DE WHATSAPP PARA ESTAR INFORMADO<\/em><\/a><\/strong><\/p>\n\n\n\n<blockquote class=\"twitter-tweet\"><p lang=\"es\" dir=\"ltr\">Hasta ahora, si alguien comet\u00eda un delito pod\u00eda seguir teniendo registro para conducir como si nada. Eso cambi\u00f3. Ahora, quien comete un delito con una moto o un auto en la Ciudad se queda sin registro.<br><br>En lo que va del a\u00f1o detuvimos a 125 delincuentes que usaron veh\u00edculos para\u2026<\/p>&mdash; Jorge Macri (@jorgemacri) <a href=\"https:\/\/twitter.com\/jorgemacri\/status\/1993671085326274958?ref_src=twsrc%5Etfw\">November 26, 2025<\/a><\/blockquote> <script async src=\"https:\/\/platform.twitter.com\/widgets.js\" charset=\"utf-8\"><\/script>\n\n\n\n<p><\/p>\n\n\n\n<p>La medida surgir\u00e1 de un nuevo intercambio de informaci\u00f3n entre dos \u00e1reas del Ejecutivo porte\u00f1o: la Secretar\u00eda de Seguridad enviar\u00e1 a la oficina encargada de emitir licencias los datos de quienes hayan sido detenidos por participar en hechos delictivos a bordo de veh\u00edculos. Luego, la Direcci\u00f3n General de Habilitaci\u00f3n de Conductores evaluar\u00e1 cada caso y aplicar\u00e1 la normativa vigente, que contempla la inhabilitaci\u00f3n y el retiro del registro.<\/p>\n\n\n\n<p>\u201c<strong><em>El que comete un delito con moto o auto en la Ciudad se queda sin registro. En lo que va del a\u00f1o detuvimos a 125 delincuentes que usaron veh\u00edculos para robar y ten\u00edan licencias vigentes emitidas por la Ciudad. Esas licencias se dan de baja y lo mismo vamos a hacer con cada nuevo delincuente que detengamos. En la Ciudad, el orden no se negocia<\/em><\/strong>\u201d, afirm\u00f3 el jefe de Gobierno, Jorge Macri.<\/p>\n\n\n\n<p>Seg\u00fan cifras oficiales, en lo que va del a\u00f1o fueron detenidas 1.021 personas por cometer delitos utilizando autos o motos: 523 con domicilio en la provincia de Buenos Aires y 446 residentes en la Ciudad. De estos \u00faltimos, 125 ten\u00edan licencia de conducir emitida por el Gobierno porte\u00f1o.<\/p>\n\n\n\n<p>Toda esa informaci\u00f3n, y la de quienes sean detenidos en adelante, ser\u00e1 remitida a la Direcci\u00f3n General de Habilitaci\u00f3n de Conductores para determinar la baja de los registros. El objetivo es impedir que, en caso de recuperar la libertad, los implicados puedan volver a conducir legalmente. En caso de hacerlo sin licencia, la irregularidad deber\u00eda ser detectada en los controles de tr\u00e1nsito.<\/p>\n\n\n\n<p class=\"has-text-align-center\"><em><strong><em><strong><em><strong><em><strong><a href=\"https:\/\/t.me\/esreviral\">\u00daNETE A NUESTRO CANAL DE TELEGRAM PARA ESTAR INFORMADO<\/a><\/strong><\/em><\/strong><\/em><\/strong><\/em><\/strong><\/em><\/p>\n\n\n\n<p>\u201c<strong><em>El trabajo en seguridad es multidisciplinario y requiere cooperaci\u00f3n entre todas las \u00e1reas del Estado. Esta decisi\u00f3n apunta a quitarles herramientas a quienes eligen el delito como modo de vida. Los hechos de inseguridad han cambiado y muchos delincuentes hoy se valen de herramientas legales\u201d, <\/em><\/strong>explic\u00f3 el secretario de Seguridad de la Ciudad, Maximiliano Pi\u00f1eiro, quien adem\u00e1s llam\u00f3 a la Provincia de Buenos Aires y a sus municipios a acompa\u00f1ar la iniciativa.<\/p>\n\n\n\n<p class=\"has-text-align-right\"><strong><em>Con Informaci\u00f3n de Clarin.-<\/em><\/strong><\/p>\n","protected":false},"excerpt":{"rendered":"<p>Lo inform\u00f3 el Gobierno porte\u00f1o y abarca a quienes tengan registro en la Ciudad.<br \/>\nC\u00f3mo cruzar\u00e1n los datos y los registros cancelados hasta ahora.<\/p>\n","protected":false},"author":3,"featured_media":84079,"comment_status":"closed","ping_status":"closed","sticky":false,"template":"","format":"standard","meta":{"jnews-multi-image_gallery":[],"jnews_single_post":{"format":"standard"},"jnews_primary_category":[],"jnews_social_meta":[],"jnews_review":[],"enable_review":"","type":"","name":"","summary":"","brand":"","sku":"","good":[],"bad":[],"score_override":"","override_value":"","rating":[],"price":[],"jnews_override_counter":[],"jnews_post_split":[],"footnotes":""},"categories":[1],"tags":[44,2158],"class_list":["post-84078","post","type-post","status-publish","format-standard","has-post-thumbnail","hentry","category-uncategorized","tag-argentina","tag-licencia-de-conducir"],"amp_enabled":true,"_links":{"self":[{"href":"https:\/\/esreviral.com\/index.php?rest_route=\/wp\/v2\/posts\/84078"}],"collection":[{"href":"https:\/\/esreviral.com\/index.php?rest_route=\/wp\/v2\/posts"}],"about":[{"href":"https:\/\/esreviral.com\/index.php?rest_route=\/wp\/v2\/types\/post"}],"author":[{"embeddable":true,"href":"https:\/\/esreviral.com\/index.php?rest_route=\/wp\/v2\/users\/3"}],"replies":[{"embeddable":true,"href":"https:\/\/esreviral.com\/index.php?rest_route=%2Fwp%2Fv2%2Fcomments&post=84078"}],"version-history":[{"count":2,"href":"https:\/\/esreviral.com\/index.php?rest_route=\/wp\/v2\/posts\/84078\/revisions"}],"predecessor-version":[{"id":84116,"href":"https:\/\/esreviral.com\/index.php?rest_route=\/wp\/v2\/posts\/84078\/revisions\/84116"}],"wp:featuredmedia":[{"embeddable":true,"href":"https:\/\/esreviral.com\/index.php?rest_route=\/wp\/v2\/media\/84079"}],"wp:attachment":[{"href":"https:\/\/esreviral.com\/index.php?rest_route=%2Fwp%2Fv2%2Fmedia&parent=84078"}],"wp:term":[{"taxonomy":"category","embeddable":true,"href":"https:\/\/esreviral.com\/index.php?rest_route=%2Fwp%2Fv2%2Fcategories&post=84078"},{"taxonomy":"post_tag","embeddable":true,"href":"https:\/\/esreviral.com\/index.php?rest_route=%2Fwp%2Fv2%2Ftags&post=84078"}],"curies":[{"name":"wp","href":"https:\/\/api.w.org\/{rel}","templated":true}]}}