{"id":84022,"date":"2025-11-25T12:35:47","date_gmt":"2025-11-25T17:35:47","guid":{"rendered":"https:\/\/esreviral.com\/?p=84022"},"modified":"2025-11-25T12:35:48","modified_gmt":"2025-11-25T17:35:48","slug":"cierran-durante-tres-noches-un-tramo-de-la-autopista-dellepiane-todos-los-detalles","status":"publish","type":"post","link":"https:\/\/esreviral.com\/?p=84022","title":{"rendered":"Cierran durante tres noches un tramo de la Autopista Dellepiane: todos los detalles"},"content":{"rendered":"\n<p>Esta noche, ma\u00f1ana y el jueves, desde las 22 y durante siete horas, Autopistas Urbanas (AUSA) cerrar\u00e1 completamente la autopista Dellepiane, entre Larraz\u00e1bal y la Avenida General Paz, en ambos sentidos, como parte de las obras de renovaci\u00f3n integral de la traza. Durante estos trabajos se montar\u00e1n las vigas que conformar\u00e1n la estructura del nuevo puente peatonal Piedra Buena, ubicado a 500 metros de General Paz.<\/p>\n\n\n\n<p class=\"has-text-align-center\"><strong><a href=\"https:\/\/chat.whatsapp.com\/KWkTmakY3I05kNdd2oZl6d\"><em>\u00daNETE A NUESTRO GRUPO DE WHATSAPP PARA ESTAR INFORMADO<\/em><\/a><\/strong><\/p>\n\n\n\n<p><strong><mark style=\"background-color:rgba(0, 0, 0, 0)\" class=\"has-inline-color has-vivid-red-color\">Desv\u00edos y alternativas<\/mark><\/strong><br>El tr\u00e1nsito que circule por la Riccheri en direcci\u00f3n al Centro ser\u00e1 desviado hacia la Avenida General Paz, desde donde podr\u00e1n tomarse rutas alternativas como el empalme con la AU Perito Moreno o las avenidas Directorio, San Juan, Roca y 27 de Febrero.<\/p>\n\n\n\n<p>En sentido contrario, hacia la provincia, quienes transiten por la AU Dellepiane deber\u00e1n salir por Larraz\u00e1bal y continuar por la colectora hasta General Paz, o utilizar las avenidas Eva Per\u00f3n y Alberdi. Otra opci\u00f3n es desviar antes por la AU Perito Moreno para conectar nuevamente con General Paz y Riccheri.<\/p>\n\n\n\n<p>Adem\u00e1s de los cierres nocturnos, la calzada de la AU Dellepiane permanece restringida en ambos sentidos entre Piedra Buena y Av. Argentina\u2013Larraz\u00e1bal, con afectaci\u00f3n de banquinas y parte del carril derecho por las obras en ejecuci\u00f3n.<\/p>\n\n\n\n<p><strong><mark style=\"background-color:rgba(0, 0, 0, 0)\" class=\"has-inline-color has-vivid-red-color\">La primera Autopista Parque de la Ciudad<\/mark><\/strong><br>El proyecto transformar\u00e1 la Dellepiane en la primera Autopista Parque de la Ciudad. Incluye la refuncionalizaci\u00f3n de accesos y egresos, y la construcci\u00f3n de un corredor exclusivo de Metrobus en el centro de la autopista, que se extender\u00e1 desde Piedra Buena hasta enlazar con el Metrobus de la AU 25 de Mayo. Ser\u00e1 de doble mano, contar\u00e1 con seis paradores centrales y estar\u00e1 separado del tr\u00e1nsito general mediante defensas de hormig\u00f3n.<\/p>\n\n\n\n<p>Se construir\u00e1n nuevas pasarelas elevadas que permitir\u00e1n el acceso seguro a cada parador y conectar\u00e1n ambos laterales del futuro parque lineal. Tendr\u00e1n se\u00f1alizaci\u00f3n, iluminaci\u00f3n renovada y rampas con pendientes suaves para garantizar accesibilidad.<\/p>\n\n\n\n<p>El plan tambi\u00e9n contempla nuevos tramos de colectoras Norte y Sur entre Piedra Buena y Rucci, para dar continuidad al trazado por debajo del ferrocarril Belgrano Sur y la calle R\u00edo Negro, donde hoy la circulaci\u00f3n se interrumpe a 600 metros de General Paz.<\/p>\n\n\n\n<p class=\"has-text-align-center\"><em><strong><em><strong><em><strong><em><strong><a href=\"https:\/\/t.me\/esreviral\">\u00daNETE A NUESTRO CANAL DE TELEGRAM PARA ESTAR INFORMADO<\/a><\/strong><\/em><\/strong><\/em><\/strong><\/em><\/strong><\/em><\/p>\n\n\n\n<p>Finalmente, se crear\u00e1 un parque lineal de 4 kil\u00f3metros con canchas deportivas, pista de atletismo, juegos, postas aer\u00f3bicas y un extenso corredor verde con senderos peatonales, espacios para correr y ciclov\u00edas.<\/p>\n\n\n\n<p class=\"has-text-align-right\"><em><strong>Prensa GCBA<\/strong>.-<\/em><\/p>\n","protected":false},"excerpt":{"rendered":"<p>Esta noche, ma\u00f1ana y el jueves, desde las 22 horas y durante 7 horas, se cortar\u00e1 Dellepiane en ambos sentidos para avanzar en la obra de renovaci\u00f3n integral.<\/p>\n","protected":false},"author":3,"featured_media":84023,"comment_status":"closed","ping_status":"closed","sticky":false,"template":"","format":"standard","meta":{"jnews-multi-image_gallery":[],"jnews_single_post":{"format":"standard"},"jnews_primary_category":[],"jnews_social_meta":[],"jnews_review":[],"enable_review":"","type":"","name":"","summary":"","brand":"","sku":"","good":[],"bad":[],"score_override":"","override_value":"","rating":[],"price":[],"jnews_override_counter":[],"jnews_post_split":[],"footnotes":""},"categories":[58],"tags":[44,33491,45,16027],"class_list":["post-84022","post","type-post","status-publish","format-standard","has-post-thumbnail","hentry","category-argentina","tag-argentina","tag-autopista-dellepiane","tag-noticias","tag-puente"],"amp_enabled":true,"_links":{"self":[{"href":"https:\/\/esreviral.com\/index.php?rest_route=\/wp\/v2\/posts\/84022"}],"collection":[{"href":"https:\/\/esreviral.com\/index.php?rest_route=\/wp\/v2\/posts"}],"about":[{"href":"https:\/\/esreviral.com\/index.php?rest_route=\/wp\/v2\/types\/post"}],"author":[{"embeddable":true,"href":"https:\/\/esreviral.com\/index.php?rest_route=\/wp\/v2\/users\/3"}],"replies":[{"embeddable":true,"href":"https:\/\/esreviral.com\/index.php?rest_route=%2Fwp%2Fv2%2Fcomments&post=84022"}],"version-history":[{"count":1,"href":"https:\/\/esreviral.com\/index.php?rest_route=\/wp\/v2\/posts\/84022\/revisions"}],"predecessor-version":[{"id":84024,"href":"https:\/\/esreviral.com\/index.php?rest_route=\/wp\/v2\/posts\/84022\/revisions\/84024"}],"wp:featuredmedia":[{"embeddable":true,"href":"https:\/\/esreviral.com\/index.php?rest_route=\/wp\/v2\/media\/84023"}],"wp:attachment":[{"href":"https:\/\/esreviral.com\/index.php?rest_route=%2Fwp%2Fv2%2Fmedia&parent=84022"}],"wp:term":[{"taxonomy":"category","embeddable":true,"href":"https:\/\/esreviral.com\/index.php?rest_route=%2Fwp%2Fv2%2Fcategories&post=84022"},{"taxonomy":"post_tag","embeddable":true,"href":"https:\/\/esreviral.com\/index.php?rest_route=%2Fwp%2Fv2%2Ftags&post=84022"}],"curies":[{"name":"wp","href":"https:\/\/api.w.org\/{rel}","templated":true}]}}