{"id":83830,"date":"2025-11-19T13:37:31","date_gmt":"2025-11-19T18:37:31","guid":{"rendered":"https:\/\/esreviral.com\/?p=83830"},"modified":"2025-11-19T13:37:32","modified_gmt":"2025-11-19T18:37:32","slug":"un-hombre-cayo-al-vacio-desde-una-torre-y-la-policia-investiga-si-fue-suicidio","status":"publish","type":"post","link":"https:\/\/esreviral.com\/?p=83830","title":{"rendered":"Un hombre cay\u00f3 al vac\u00edo desde una torre y la polic\u00eda investiga si fue suicidio"},"content":{"rendered":"\n<p>Desde los ventanales de la sede Belgrano de la <strong>Escuela ORT Argentina<\/strong>, estudiantes fueron testigos de una escena estremecedora: sobre la calzada de la avenida del Libertador, casi en la esquina de Quesada, en el barrio porte\u00f1o de N\u00fa\u00f1ez, yac\u00eda el cuerpo de un hombre en uno de los carriles con sentido al centro. La v\u00edctima hab\u00eda ca\u00eddo desde el piso 20 de una moderna torre donde funcionan las oficinas centrales de una reconocida constructora para la cual trabajaba.<\/p>\n\n\n\n<p class=\"has-text-align-center\"><strong><a href=\"https:\/\/chat.whatsapp.com\/KWkTmakY3I05kNdd2oZl6d\"><em>\u00daNETE A NUESTRO GRUPO DE WHATSAPP PARA ESTAR INFORMADO<\/em><\/a><\/strong><\/p>\n\n\n<div class=\"wp-block-image\">\n<figure class=\"aligncenter size-large\"><img decoding=\"async\" src=\"https:\/\/resizer.glanacion.com\/resizer\/v2\/un-hombre-cayo-al-vacio-en-avenida-del-libertador-CHCBHSL3HRCTZIKE67NQM2WL3U.jpg?auth=7642e0a9d6876488b1c91a5703651747bc6cad6fd67792dcbd4309d7f68d4b59&amp;width=780&amp;height=585&amp;quality=70&amp;smart=true\" alt=\"\"\/><figcaption class=\"wp-element-caption\">Un hombre cay\u00f3 al vac\u00edo en Avenida del Libertador y Quesada, N\u00fa\u00f1ez, frente a la sede Belgrano de la ORT<\/figcaption><\/figure>\n<\/div>\n\n\n<p><\/p>\n\n\n\n<p>La Polic\u00eda de la Ciudad, que cort\u00f3 el tr\u00e1nsito para permitir el trabajo de los peritos, intenta determinar si el hombre se arroj\u00f3 voluntariamente o si existen indicios de criminalidad.<\/p>\n\n\n\n<p>El hecho ocurri\u00f3 cerca de las 10.30. Minutos despu\u00e9s llegaron efectivos policiales y personal del SAME. Las primeras averiguaciones indican que el hombre, cuya identidad completa a\u00fan no fue divulgada, <strong>\u201cse habr\u00eda arrojado al vac\u00edo desde el piso 20\u201d<\/strong>, mientras cumpl\u00eda su jornada laboral en la empresa Constructora ABV.<\/p>\n\n\n\n<p>Un compa\u00f1ero de trabajo declar\u00f3 que vio al hombre \u2014identificado por sus iniciales F. G. V., analista contable de 30 a\u00f1os\u2014 abrir la puerta del balc\u00f3n y lanzarse al vac\u00edo.<\/p>\n\n\n\n<p>Interviene la Fiscal\u00eda de Saavedra y N\u00fa\u00f1ez, a cargo de Jos\u00e9 Mar\u00eda Campagnoli, que dispuso labrar actuaciones por \u201c<strong>suicidio<\/strong>\u201d.<\/p>\n\n\n\n<p class=\"has-text-align-center\"><em><strong><em><strong><em><strong><em><strong><a href=\"https:\/\/t.me\/esreviral\">\u00daNETE A NUESTRO CANAL DE TELEGRAM PARA ESTAR INFORMADO<\/a><\/strong><\/em><\/strong><\/em><\/strong><\/em><\/strong><\/em><\/p>\n\n\n\n<p>Durante la tarde, personal de Bomberos de la Ciudad y de la Unidad Criminal\u00edstica M\u00f3vil continuaba trabajando en la zona, lo que provoc\u00f3 importantes demoras en el tr\u00e1nsito, especialmente en los accesos desde y hacia la avenida Udaondo.<\/p>\n\n\n\n<p class=\"has-text-align-right\"><strong><em>Con Informaci\u00f3n de LN.-<\/em><\/strong><\/p>\n","protected":false},"excerpt":{"rendered":"<p>El cuerpo qued\u00f3 en la calzada, en la mano al centro porte\u00f1o, que qued\u00f3 interrumpida al tr\u00e1nsito; la Polic\u00eda de la Ciudad y el SAME trabajan en el lugar<\/p>\n","protected":false},"author":3,"featured_media":83831,"comment_status":"closed","ping_status":"closed","sticky":false,"template":"","format":"standard","meta":{"jnews-multi-image_gallery":[],"jnews_single_post":{"format":"standard"},"jnews_primary_category":[],"jnews_social_meta":[],"jnews_review":[],"enable_review":"","type":"","name":"","summary":"","brand":"","sku":"","good":[],"bad":[],"score_override":"","override_value":"","rating":[],"price":[],"jnews_override_counter":[],"jnews_post_split":[],"footnotes":""},"categories":[58,64],"tags":[44,37761,45,793,1469],"class_list":["post-83830","post","type-post","status-publish","format-standard","has-post-thumbnail","hentry","category-argentina","category-sucesos","tag-argentina","tag-escuela-ort-argentina","tag-noticias","tag-nunez","tag-policia-de-la-ciudad"],"_links":{"self":[{"href":"https:\/\/esreviral.com\/index.php?rest_route=\/wp\/v2\/posts\/83830","targetHints":{"allow":["GET"]}}],"collection":[{"href":"https:\/\/esreviral.com\/index.php?rest_route=\/wp\/v2\/posts"}],"about":[{"href":"https:\/\/esreviral.com\/index.php?rest_route=\/wp\/v2\/types\/post"}],"author":[{"embeddable":true,"href":"https:\/\/esreviral.com\/index.php?rest_route=\/wp\/v2\/users\/3"}],"replies":[{"embeddable":true,"href":"https:\/\/esreviral.com\/index.php?rest_route=%2Fwp%2Fv2%2Fcomments&post=83830"}],"version-history":[{"count":1,"href":"https:\/\/esreviral.com\/index.php?rest_route=\/wp\/v2\/posts\/83830\/revisions"}],"predecessor-version":[{"id":83832,"href":"https:\/\/esreviral.com\/index.php?rest_route=\/wp\/v2\/posts\/83830\/revisions\/83832"}],"wp:featuredmedia":[{"embeddable":true,"href":"https:\/\/esreviral.com\/index.php?rest_route=\/wp\/v2\/media\/83831"}],"wp:attachment":[{"href":"https:\/\/esreviral.com\/index.php?rest_route=%2Fwp%2Fv2%2Fmedia&parent=83830"}],"wp:term":[{"taxonomy":"category","embeddable":true,"href":"https:\/\/esreviral.com\/index.php?rest_route=%2Fwp%2Fv2%2Fcategories&post=83830"},{"taxonomy":"post_tag","embeddable":true,"href":"https:\/\/esreviral.com\/index.php?rest_route=%2Fwp%2Fv2%2Ftags&post=83830"}],"curies":[{"name":"wp","href":"https:\/\/api.w.org\/{rel}","templated":true}]}}