{"id":83813,"date":"2025-11-19T11:54:24","date_gmt":"2025-11-19T16:54:24","guid":{"rendered":"https:\/\/esreviral.com\/?p=83813"},"modified":"2025-11-19T11:54:25","modified_gmt":"2025-11-19T16:54:25","slug":"mato-a-su-expareja-venezolana-a-punaladas-durante-una-discusion-en-un-auto","status":"publish","type":"post","link":"https:\/\/esreviral.com\/?p=83813","title":{"rendered":"Mat\u00f3 a su expareja Venezolana a pu\u00f1aladas durante una discusi\u00f3n en un auto"},"content":{"rendered":"\n<p>La <strong>comunidad venezolana en Chile <\/strong>qued\u00f3 conmocionada tras el brutal feminicidio de <strong>Maira Alejandra P\u00e9rez D\u00e1vila<\/strong>, madre de tres hijos y oriunda de El Junquito, Caracas (Venezuela). La mujer, de 45 a\u00f1os de edad, fue asesinada la madrugada de este martes por su expareja, <strong>Aldryn Areny Osorio Bracamonte<\/strong>, tambi\u00e9n venezolano, quien la atac\u00f3 con un arma blanca dentro de un autom\u00f3vil.<\/p>\n\n\n\n<p>El crimen ocurri\u00f3 en <strong>Castro<\/strong>, provincia de Chilo\u00e9, al sur de Chile.<\/p>\n\n\n\n<p class=\"has-text-align-center\"><strong><a href=\"https:\/\/chat.whatsapp.com\/KWkTmakY3I05kNdd2oZl6d\"><em>\u00daNETE A NUESTRO GRUPO DE WHATSAPP PARA ESTAR INFORMADO<\/em><\/a><\/strong><\/p>\n\n\n<div class=\"wp-block-image\">\n<figure class=\"aligncenter size-large\"><img decoding=\"async\" src=\"https:\/\/media.diarioversionfinal.com\/wp-content\/uploads\/2025\/11\/WhatsApp-Image-2025-11-19-at-12.12.47-PM.jpeg\" alt=\"\"\/><\/figure><\/div>\n\n\n<h3 class=\"wp-block-heading\"><strong><mark style=\"background-color:rgba(0, 0, 0, 0)\" class=\"has-inline-color has-vivid-red-color\">La agresi\u00f3n<\/mark><\/strong><\/h3>\n\n\n\n<p>Durante la audiencia de control de detenci\u00f3n realizada este martes, la Fiscal\u00eda detall\u00f3 que P\u00e9rez D\u00e1vila y Osorio Bracamonte manten\u00edan una discusi\u00f3n dentro de un veh\u00edculo que transitaba por la calle Galvarino Riveros. <strong>La disputa escal\u00f3 hasta que el hombre la atac\u00f3 repetidamente con un arma blanca, caus\u00e1ndole heridas graves.<\/strong><\/p>\n\n\n\n<p>De acuerdo con los primeros antecedentes, <strong>en el auto viajaban otras dos personas venezolanas<\/strong>. Cuando el conductor se dio cuenta de la gravedad de las lesiones de la v\u00edctima, intent\u00f3 trasladarla de urgencia al hospital local, pero choc\u00f3 en el trayecto. Tras el accidente, solicitaron ayuda a funcionarios de Carabineros que patrullaban la zona, activ\u00e1ndose el procedimiento policial correspondiente.<\/p>\n\n\n\n<h3 class=\"wp-block-heading\"><strong><mark style=\"background-color:rgba(0, 0, 0, 0)\" class=\"has-inline-color has-vivid-red-color\">Sin posibilidad de sobrevivir<\/mark><\/strong><\/h3>\n\n\n\n<p>Voluntarios del Cuerpo de Bomberos de Castro encontraron a P\u00e9rez D\u00e1vila en condiciones cr\u00edticas dentro del autom\u00f3vil. Presentaba una herida cortopunzante profunda en el t\u00f3rax, con abundante sangrado, lo que le provoc\u00f3 un shock hipovol\u00e9mico severo y un paro cardiorrespiratorio casi irreversible.<\/p>\n\n\n<div class=\"wp-block-image\">\n<figure class=\"aligncenter size-large\"><img decoding=\"async\" src=\"https:\/\/media.diarioversionfinal.com\/wp-content\/uploads\/2025\/11\/WhatsApp-Image-2025-11-19-at-12.12.42-PM-768x981.jpeg\" alt=\"\"\/><\/figure><\/div>\n\n\n<p><\/p>\n\n\n\n<p>Fue trasladada al Servicio de Urgencia del Hospital Dr. Augusto Riffart de Castro, <strong>donde finalmente se confirm\u00f3 su fallecimiento.<\/strong><\/p>\n\n\n\n<h3 class=\"wp-block-heading\"><strong><mark style=\"background-color:rgba(0, 0, 0, 0)\" class=\"has-inline-color has-vivid-red-color\">Detenido en un basurero<\/mark><\/strong><\/h3>\n\n\n\n<p>El presunto agresor fue identificado por los dos acompa\u00f1antes que trasladaban a la pareja en el veh\u00edculo. Carabineros despleg\u00f3 un operativo de b\u00fasqueda y logr\u00f3 ubicarlo en la intersecci\u00f3n de las calles Alcalde Tulio Alvarado y Padre Manuel C\u00e1rcamo, a pocos metros del lugar del ataque.<\/p>\n\n\n\n<p class=\"has-text-align-center\"><em><strong><em><strong><em><strong><em><strong><a href=\"https:\/\/t.me\/esreviral\">\u00daNETE A NUESTRO CANAL DE TELEGRAM PARA ESTAR INFORMADO<\/a><\/strong><\/em><\/strong><\/em><\/strong><\/em><\/strong><\/em><\/p>\n\n\n\n<p>El capit\u00e1n <strong>Felipe San Martin<\/strong>, de la Segunda Comisar\u00eda de Carabineros de Castro, inform\u00f3 que Osorio Bracamonte se hab\u00eda escondido detr\u00e1s de un contenedor de basura para evitar ser capturado.<\/p>\n\n\n\n<p class=\"has-text-align-right\"><strong><em>Con Informaci\u00f3n de diarioversionfinal.com.-<\/em><\/strong><\/p>\n\n\n\n<p><\/p>\n","protected":false},"excerpt":{"rendered":"<p>El feminicidio se registr\u00f3 en Castro, provincia de Chilo\u00e9. Maira P\u00e9rez D\u00e1vila, de 45 a\u00f1os y natural del Junquito, recibi\u00f3 varias pu\u00f1aladas. El homicida, tambi\u00e9n del mismo municipio, fue identificado como Aldryn Osorio<\/p>\n","protected":false},"author":3,"featured_media":83814,"comment_status":"closed","ping_status":"closed","sticky":false,"template":"","format":"standard","meta":{"jnews-multi-image_gallery":[],"jnews_single_post":{"format":"standard"},"jnews_primary_category":[],"jnews_social_meta":[],"jnews_review":[],"enable_review":"","type":"","name":"","summary":"","brand":"","sku":"","good":[],"bad":[],"score_override":"","override_value":"","rating":[],"price":[],"jnews_override_counter":[],"jnews_post_split":[],"footnotes":""},"categories":[54,88,64],"tags":[17503,6662,45,3629,739],"class_list":["post-83813","post","type-post","status-publish","format-standard","has-post-thumbnail","hentry","category-inmigracion","category-internacionales","category-sucesos","tag-comunidad-venezolana-en-chile","tag-feminicidio","tag-noticias","tag-punaladas","tag-venezolanos-en-chile"],"amp_enabled":true,"_links":{"self":[{"href":"https:\/\/esreviral.com\/index.php?rest_route=\/wp\/v2\/posts\/83813"}],"collection":[{"href":"https:\/\/esreviral.com\/index.php?rest_route=\/wp\/v2\/posts"}],"about":[{"href":"https:\/\/esreviral.com\/index.php?rest_route=\/wp\/v2\/types\/post"}],"author":[{"embeddable":true,"href":"https:\/\/esreviral.com\/index.php?rest_route=\/wp\/v2\/users\/3"}],"replies":[{"embeddable":true,"href":"https:\/\/esreviral.com\/index.php?rest_route=%2Fwp%2Fv2%2Fcomments&post=83813"}],"version-history":[{"count":1,"href":"https:\/\/esreviral.com\/index.php?rest_route=\/wp\/v2\/posts\/83813\/revisions"}],"predecessor-version":[{"id":83815,"href":"https:\/\/esreviral.com\/index.php?rest_route=\/wp\/v2\/posts\/83813\/revisions\/83815"}],"wp:featuredmedia":[{"embeddable":true,"href":"https:\/\/esreviral.com\/index.php?rest_route=\/wp\/v2\/media\/83814"}],"wp:attachment":[{"href":"https:\/\/esreviral.com\/index.php?rest_route=%2Fwp%2Fv2%2Fmedia&parent=83813"}],"wp:term":[{"taxonomy":"category","embeddable":true,"href":"https:\/\/esreviral.com\/index.php?rest_route=%2Fwp%2Fv2%2Fcategories&post=83813"},{"taxonomy":"post_tag","embeddable":true,"href":"https:\/\/esreviral.com\/index.php?rest_route=%2Fwp%2Fv2%2Ftags&post=83813"}],"curies":[{"name":"wp","href":"https:\/\/api.w.org\/{rel}","templated":true}]}}