{"id":83759,"date":"2025-11-18T13:00:51","date_gmt":"2025-11-18T18:00:51","guid":{"rendered":"https:\/\/esreviral.com\/?p=83759"},"modified":"2025-11-19T09:15:20","modified_gmt":"2025-11-19T14:15:20","slug":"confirmaron-el-procesamiento-del-expresidente-alberto-fernandez-en-la-causa-de-los-seguros","status":"publish","type":"post","link":"https:\/\/esreviral.com\/?p=83759","title":{"rendered":"Alberto Fern\u00e1ndez a un paso de ir a juicio por esta causa durante su mandato"},"content":{"rendered":"\n<p>La C\u00e1mara Federal porte\u00f1a confirm\u00f3 el procesamiento del expresidente <strong>Alberto Fern\u00e1ndez<\/strong> en la causa Seguros. Se lo acusa de <strong>administraci\u00f3n fraudulenta<\/strong> y de <strong>negociaciones incompatibles con la funci\u00f3n p\u00fablica<\/strong>.<\/p>\n\n\n\n<p>La investigaci\u00f3n se origin\u00f3 a partir de las contrataciones de seguros realizadas a trav\u00e9s del Banco Naci\u00f3n mediante la intermediaci\u00f3n de brokers vinculados al entorno del exmandatario. Seg\u00fan el documento, los camaristas <strong>Mart\u00edn Irurzun<\/strong> y <strong>Roberto Boico<\/strong> se\u00f1alaron que la pesquisa logr\u00f3 demostrar \u201c<strong><em>un direccionamiento delictivo en favor del nombrado\u201d.<\/em><\/strong><\/p>\n\n\n\n<p class=\"has-text-align-center\"><strong><a href=\"https:\/\/chat.whatsapp.com\/KWkTmakY3I05kNdd2oZl6d\"><em>\u00daNETE A NUESTRO GRUPO DE WHATSAPP PARA ESTAR INFORMADO<\/em><\/a><\/strong><\/p>\n\n\n\n<p>En esa l\u00ednea, precisaron que <strong><em>\u201cla maniobra de favorecimiento tuvo como elemento central el ejercicio de influencia del entonces Presidente de la Naci\u00f3n, Alberto Fern\u00e1ndez, a trav\u00e9s de su secretaria Mar\u00eda Cantero\u201d.<\/em><\/strong><\/p>\n\n\n\n<p>Los jueces explicaron que, para concretar las operaciones, intervinieron directamente funcionarios de Naci\u00f3n Seguros\u2014integrantes del directorio y de las gerencias comercial y financiera vinculadas al sector p\u00fablico\u2014y, en algunos casos, los propios organismos estatales involucrados. Tambi\u00e9n remarcaron la \u201c<strong><em>connivencia de los particulares que actuaban como productores de seguros bajo la organizaci\u00f3n de Mart\u00ednez Sosa\u201d.<\/em><\/strong><\/p>\n\n\n\n<p>El Tribunal de Apelaciones ratific\u00f3 adem\u00e1s los procesamientos, embargos y prohibiciones de salida del pa\u00eds del broker <strong>H\u00e9ctor Mart\u00ednez Sosa<\/strong>, su esposa y exsecretaria del exmandatario <strong>Mar\u00eda Cantero<\/strong>, y de otros acusados por incumplimiento de los deberes de funcionario p\u00fablico.<\/p>\n\n\n\n<p>Los camaristas indicaron que <strong><em>\u201cla concentraci\u00f3n de las p\u00f3lizas de seguro del Estado en Naci\u00f3n Seguros, a partir del decreto firmado por Fern\u00e1ndez, signific\u00f3 un aumento exponencial de los negocios posibles surgidos de esa relaci\u00f3n. Todo demuestra que ello fue aprovechado\u201d.<\/em><\/strong><\/p>\n\n\n\n<p>A\u00f1adieron que existen pruebas de que el expresidente \u201c<strong><em>intervino personalmente, a requerimiento de ellos, para dar continuidad a negocios que los involucraban\u201d<\/em><\/strong>, algo que \u2014seg\u00fan remarcaron\u2014 qued\u00f3 evidenciado tanto en los intercambios detectados durante la investigaci\u00f3n como en las consecuencias pr\u00e1cticas de esa participaci\u00f3n.<\/p>\n\n\n\n<p class=\"has-text-align-center\"><em><strong><em><strong><em><strong><em><strong><a href=\"https:\/\/t.me\/esreviral\">\u00daNETE A NUESTRO CANAL DE TELEGRAM PARA ESTAR INFORMADO<\/a><\/strong><\/em><\/strong><\/em><\/strong><\/em><\/strong><\/em><\/p>\n\n\n\n<p>En ese sentido, recalcaron que las maniobras muestran <strong><em>\u201cuna participaci\u00f3n directa de Alberto Fern\u00e1ndez, haciendo uso del cargo que ostentaba\u201d<\/em><\/strong>. Tambi\u00e9n se\u00f1alaron que los funcionarios de Naci\u00f3n Seguros pasaron a tener \u201c<strong><em>mayor incidencia en cualquier cuesti\u00f3n relacionada con la aseguradora y los organismos asegurados, incluida la elecci\u00f3n de intermediarios y la fijaci\u00f3n de los topes de sus comisiones\u201d.<\/em><\/strong><\/p>\n\n\n\n<p class=\"has-text-align-right\"><strong><em>Con Informaci\u00f3n de TN.<\/em><\/strong>&#8211;<\/p>\n","protected":false},"excerpt":{"rendered":"<p>Lo resolvi\u00f3 la C\u00e1mara Federal porte\u00f1a. El expresidente est\u00e1 acusado por administraci\u00f3n fraudulenta y por llevar adelante negociaciones incompatibles con la funci\u00f3n p\u00fablica.<\/p>\n","protected":false},"author":3,"featured_media":83760,"comment_status":"closed","ping_status":"closed","sticky":false,"template":"","format":"standard","meta":{"jnews-multi-image_gallery":[],"jnews_single_post":{"format":"standard"},"jnews_primary_category":[],"jnews_social_meta":[],"jnews_review":[],"enable_review":"","type":"","name":"","summary":"","brand":"","sku":"","good":[],"bad":[],"score_override":"","override_value":"","rating":[],"price":[],"jnews_override_counter":[],"jnews_post_split":[],"footnotes":""},"categories":[58,59],"tags":[86,44,33038,45],"class_list":["post-83759","post","type-post","status-publish","format-standard","has-post-thumbnail","hentry","category-argentina","category-politica","tag-alberto-fernandez","tag-argentina","tag-causa-seguros","tag-noticias"],"amp_enabled":true,"_links":{"self":[{"href":"https:\/\/esreviral.com\/index.php?rest_route=\/wp\/v2\/posts\/83759"}],"collection":[{"href":"https:\/\/esreviral.com\/index.php?rest_route=\/wp\/v2\/posts"}],"about":[{"href":"https:\/\/esreviral.com\/index.php?rest_route=\/wp\/v2\/types\/post"}],"author":[{"embeddable":true,"href":"https:\/\/esreviral.com\/index.php?rest_route=\/wp\/v2\/users\/3"}],"replies":[{"embeddable":true,"href":"https:\/\/esreviral.com\/index.php?rest_route=%2Fwp%2Fv2%2Fcomments&post=83759"}],"version-history":[{"count":4,"href":"https:\/\/esreviral.com\/index.php?rest_route=\/wp\/v2\/posts\/83759\/revisions"}],"predecessor-version":[{"id":83787,"href":"https:\/\/esreviral.com\/index.php?rest_route=\/wp\/v2\/posts\/83759\/revisions\/83787"}],"wp:featuredmedia":[{"embeddable":true,"href":"https:\/\/esreviral.com\/index.php?rest_route=\/wp\/v2\/media\/83760"}],"wp:attachment":[{"href":"https:\/\/esreviral.com\/index.php?rest_route=%2Fwp%2Fv2%2Fmedia&parent=83759"}],"wp:term":[{"taxonomy":"category","embeddable":true,"href":"https:\/\/esreviral.com\/index.php?rest_route=%2Fwp%2Fv2%2Fcategories&post=83759"},{"taxonomy":"post_tag","embeddable":true,"href":"https:\/\/esreviral.com\/index.php?rest_route=%2Fwp%2Fv2%2Ftags&post=83759"}],"curies":[{"name":"wp","href":"https:\/\/api.w.org\/{rel}","templated":true}]}}