{"id":83746,"date":"2025-11-18T09:37:15","date_gmt":"2025-11-18T14:37:15","guid":{"rendered":"https:\/\/esreviral.com\/?p=83746"},"modified":"2025-11-18T09:37:16","modified_gmt":"2025-11-18T14:37:16","slug":"destituyeron-a-la-jueza-por-el-escandalo-del-documental-en-el-juicio-por-la-muerte-de-diego-maradona","status":"publish","type":"post","link":"https:\/\/esreviral.com\/?p=83746","title":{"rendered":"Destituyeron a la jueza por el esc\u00e1ndalo del documental en el juicio por la muerte de Diego Maradona"},"content":{"rendered":"\n<p>Tras seis audiencias de debate, el Jurado de Enjuiciamiento resolvi\u00f3 por unanimidad (11 votos)<strong> destituir a la jueza Julieta Makintach por las irregularidades cometidas durante el juicio por la muerte de Diego Maradona.<\/strong> Adem\u00e1s, le prohibi\u00f3 volver a ocupar cualquier cargo judicial. La exmagistrada no estuvo presente en la audiencia para escuchar el fallo.<\/p>\n\n\n\n<p>El veredicto se dio a conocer este martes a las 10:40 en el Anexo de la C\u00e1mara de Senadores de la provincia de Buenos Aires, donde se desarroll\u00f3 todo el proceso iniciado tras el esc\u00e1ndalo del documental <em>Justicia Divina<\/em>, en el que Makintach particip\u00f3 mientras a\u00fan se celebraba el debate oral por la muerte del \u201cDiez\u201d.<\/p>\n\n\n\n<p class=\"has-text-align-center\"><strong><a href=\"https:\/\/chat.whatsapp.com\/KWkTmakY3I05kNdd2oZl6d\"><em>\u00daNETE A NUESTRO GRUPO DE WHATSAPP PARA ESTAR INFORMADO<\/em><\/a><\/strong><\/p>\n\n\n<div class=\"wp-block-image\">\n<figure class=\"aligncenter size-large\"><img decoding=\"async\" src=\"https:\/\/img.lagaceta.com.ar\/fotos\/notas\/2025\/11\/13\/600x400_tras-escandalo-participacion-documental-fiscalia-pidio-destituir-jueza-makintach-1112469-142148.webp\" alt=\"\"\/><\/figure><\/div>\n\n\n<p><\/p>\n\n\n\n<p>Los 11 integrantes del jurado \u2014encabezado por la presidenta de la Suprema Corte bonaerense, Hilda Kogan\u2014 definieron la sentencia por mayor\u00eda durante el fin de semana. La resoluci\u00f3n consta de 115 p\u00e1ginas. El jueves se hab\u00eda realizado la \u00faltima audiencia del jury, que concluy\u00f3 con los alegatos de las partes.<\/p>\n\n\n\n<p>Ver\u00f3nica Ojeda, su hijo Dieguito Fernando y su pareja Mario Baudry \u2014tambi\u00e9n abogado en la causa Maradona\u2014 asistieron por primera vez este martes y escucharon la decisi\u00f3n en primera fila.<\/p>\n\n\n\n<p>Con esta destituci\u00f3n, Makintach no podr\u00e1 volver a desempe\u00f1ar funciones en el Poder Judicial ni acceder a la jubilaci\u00f3n correspondiente al cargo. Es un escenario muy distinto al que esperaba: su intenci\u00f3n era que el gobernador bonaerense, Axel Kicillof, aceptara la renuncia presentada en junio, lo que le habr\u00eda permitido regresar en el futuro a otra funci\u00f3n judicial.<\/p>\n\n\n\n<p>Hasta el jueves, tras los alegatos, la magistrada a\u00fan confiaba en un fallo favorable. Afirm\u00f3 que no deseaba ser removida, pero s\u00ed que aceptaran su renuncia.<\/p>\n\n\n<div class=\"wp-block-image\">\n<figure class=\"aligncenter size-large\"><img decoding=\"async\" src=\"https:\/\/www.radiogabal.com.ar\/images\/2025\/noviembre\/Makintach.jpg\" alt=\"\"\/><\/figure><\/div>\n\n\n<p><\/p>\n\n\n\n<p><strong><em>\u201cDespu\u00e9s de lo que viv\u00ed como imputada no quiero pertenecer al Poder Judicial. Me negaron prueba, ocultaron prueba; no quiero saber m\u00e1s nada con la Justicia. Pero quiero reinventarme tranquila. Me quiero ir en paz. B\u00e1sicamente, me quiero ir en paz<\/em><\/strong>\u201d, hab\u00eda dicho.<\/p>\n\n\n\n<p>En sus alegatos, la fiscal Anal\u00eda Duarte, quien encabez\u00f3 la acusaci\u00f3n, fue directa: \u201c<strong><em>La doctora Makintach ha perdido las condiciones que exige la Constituci\u00f3n para el ejercicio de la magistratura y entiendo que corresponde su destituci\u00f3n\u201d<\/em><\/strong>, expres\u00f3 ante el jurado.<\/p>\n\n\n\n<p>Duarte explic\u00f3 que qued\u00f3 probado que la jueza acept\u00f3 la propuesta de su amiga para realizar el documental, siempre bajo su aprobaci\u00f3n y supervisi\u00f3n. \u201cMakintach conoc\u00eda el trailer. El guion ya estaba agregado en febrero. En marzo estaban definidos los seis cap\u00edtulos, incluido el titulado \u2018La Justicia y la sentencia\u2019. En marzo, la doctora ya sab\u00eda que hab\u00eda una condena\u201d, sostuvo. Y cit\u00f3 al productor Arnal: \u201cEra una miniserie sobre el juicio por Maradona y nosotros ten\u00edamos a la jueza\u201d. \u201cTodo esto \u2014a\u00f1adi\u00f3\u2014 no podr\u00eda haberse hecho sin la doctora Makintach\u201d.<\/p>\n\n\n\n<p>Durante la lectura del veredicto, el senador bonaerense y conjuez del jury, Sergio Vargas, fue contundente: \u201cCuando se encienden las c\u00e1maras, corre peligro que el ego de un juez apague la justicia. Cuando un magistrado convierte sus actos en una b\u00fasqueda de atenci\u00f3n medi\u00e1tica, con fines de fama o notoriedad, genera la sospecha fundada de que sus decisiones no est\u00e1n motivadas \u00fanicamente por la ley, sino por el deseo de ser la jueza del caso\u201d.<\/p>\n\n\n\n<p class=\"has-text-align-center\"><em><strong><em><strong><em><strong><em><strong><a href=\"https:\/\/t.me\/esreviral\">\u00daNETE A NUESTRO CANAL DE TELEGRAM PARA ESTAR INFORMADO<\/a><\/strong><\/em><\/strong><\/em><\/strong><\/em><\/strong><\/em><\/p>\n\n\n\n<p>Tras conocerse la decisi\u00f3n, Guillermo Sagues \u2014representante del Colegio de Abogados de San Isidro en la acusaci\u00f3n\u2014 afirm\u00f3 a <em>Infobae<\/em>: \u201cEn este debate qued\u00f3 demostrado el enorme da\u00f1o que se le hizo a la justicia provincial, y no solo a la de Buenos Aires, sino a toda la justicia argentina, que ha quedado ridiculizada\u201d.<\/p>\n\n\n\n<p>En los pr\u00f3ximos d\u00edas, la resoluci\u00f3n ser\u00e1 remitida a la Suprema Corte bonaerense.<\/p>\n\n\n\n<p class=\"has-text-align-right\"><strong><em>Con Informaci\u00f3n de infobae.com.-<\/em><\/strong><\/p>\n","protected":false},"excerpt":{"rendered":"<p>As\u00ed lo resolvi\u00f3 este martes el jurado de Enjuiciamiento a cargo de su jury. Determin\u00f3 por unanimidad que cometi\u00f3 irregularidades al participar de un documental durante el juicio por la muerte del campe\u00f3n del mundo<\/p>\n","protected":false},"author":3,"featured_media":83749,"comment_status":"closed","ping_status":"closed","sticky":false,"template":"","format":"standard","meta":{"jnews-multi-image_gallery":[],"jnews_single_post":{"format":"standard"},"jnews_primary_category":[],"jnews_social_meta":[],"jnews_review":[],"enable_review":"","type":"","name":"","summary":"","brand":"","sku":"","good":[],"bad":[],"score_override":"","override_value":"","rating":[],"price":[],"jnews_override_counter":[],"jnews_post_split":[],"footnotes":""},"categories":[58,59],"tags":[44,206,26749,30788,45],"class_list":["post-83746","post","type-post","status-publish","format-standard","has-post-thumbnail","hentry","category-argentina","category-politica","tag-argentina","tag-diego-maradona","tag-jueza","tag-julieta-makintach","tag-noticias"],"amp_enabled":true,"_links":{"self":[{"href":"https:\/\/esreviral.com\/index.php?rest_route=\/wp\/v2\/posts\/83746"}],"collection":[{"href":"https:\/\/esreviral.com\/index.php?rest_route=\/wp\/v2\/posts"}],"about":[{"href":"https:\/\/esreviral.com\/index.php?rest_route=\/wp\/v2\/types\/post"}],"author":[{"embeddable":true,"href":"https:\/\/esreviral.com\/index.php?rest_route=\/wp\/v2\/users\/3"}],"replies":[{"embeddable":true,"href":"https:\/\/esreviral.com\/index.php?rest_route=%2Fwp%2Fv2%2Fcomments&post=83746"}],"version-history":[{"count":1,"href":"https:\/\/esreviral.com\/index.php?rest_route=\/wp\/v2\/posts\/83746\/revisions"}],"predecessor-version":[{"id":83750,"href":"https:\/\/esreviral.com\/index.php?rest_route=\/wp\/v2\/posts\/83746\/revisions\/83750"}],"wp:featuredmedia":[{"embeddable":true,"href":"https:\/\/esreviral.com\/index.php?rest_route=\/wp\/v2\/media\/83749"}],"wp:attachment":[{"href":"https:\/\/esreviral.com\/index.php?rest_route=%2Fwp%2Fv2%2Fmedia&parent=83746"}],"wp:term":[{"taxonomy":"category","embeddable":true,"href":"https:\/\/esreviral.com\/index.php?rest_route=%2Fwp%2Fv2%2Fcategories&post=83746"},{"taxonomy":"post_tag","embeddable":true,"href":"https:\/\/esreviral.com\/index.php?rest_route=%2Fwp%2Fv2%2Ftags&post=83746"}],"curies":[{"name":"wp","href":"https:\/\/api.w.org\/{rel}","templated":true}]}}