{"id":83668,"date":"2025-11-17T08:12:17","date_gmt":"2025-11-17T13:12:17","guid":{"rendered":"https:\/\/esreviral.com\/?p=83668"},"modified":"2025-11-17T08:24:09","modified_gmt":"2025-11-17T13:24:09","slug":"asi-es-el-nuevo-protocolo-de-caba-para-frenar-el-bullying-y-acompanar-a-las-victimas","status":"publish","type":"post","link":"https:\/\/esreviral.com\/?p=83668","title":{"rendered":"As\u00ed es el nuevo protocolo de CABA para frenar el bullying y acompa\u00f1ar a las v\u00edctimas"},"content":{"rendered":"\n<p>El Ministerio de Educaci\u00f3n de la Ciudad de Buenos Aires present\u00f3 el nuevo <strong>Protocolo Integral para la prevenci\u00f3n, detecci\u00f3n, intervenci\u00f3n y seguimiento del Bullying o Acoso Escolar entre pares<\/strong>, que regir\u00e1 en <strong>todas las escuelas porte\u00f1as<\/strong>, tanto p\u00fablicas como privadas.<\/p>\n\n\n\n<p>La gu\u00eda incorpora <strong>criterios unificados<\/strong>, pasos de actuaci\u00f3n obligatorios y herramientas para abordar situaciones de violencia entre estudiantes, con especial atenci\u00f3n al <strong>ciberbullying<\/strong>, que por primera vez queda expresamente incluido dentro de las pautas oficiales. El protocolo, vigente desde principios de noviembre, establece procedimientos diferenciados para primaria y secundaria, y otorga un rol central a las familias en cada instancia del proceso.<\/p>\n\n\n\n<p>\u201c<strong>La escuela tiene un rol clave en la formaci\u00f3n ciudadana y en la construcci\u00f3n de v\u00ednculos saludables<\/strong>. Este protocolo acompa\u00f1a ese compromiso, brindando herramientas para prevenir y actuar frente a cualquier forma de violencia entre pares\u201d, expres\u00f3 la ministra de Educaci\u00f3n porte\u00f1a, <strong>Mercedes Miguel<\/strong>, durante la presentaci\u00f3n.<\/p>\n\n\n\n<p><\/p>\n\n\n\n<p class=\"has-text-align-center\"><strong><a href=\"https:\/\/chat.whatsapp.com\/KWkTmakY3I05kNdd2oZl6d\"><em>\u00daNETE A NUESTRO GRUPO DE WHATSAPP PARA ESTAR INFORMADO<\/em><\/a><\/strong><\/p>\n\n\n<div class=\"wp-block-image\">\n<figure class=\"aligncenter size-large\"><img decoding=\"async\" src=\"https:\/\/www.infobae.com\/resizer\/v2\/DDWC5UDDOJGGNCRPQDMDCODKSY.JPG?auth=dff4f05f18c3ff37fb5fcd63aeb66a6ee0ceae54ef3833ee6ad4a326ea4b31cf&amp;smart=true&amp;width=992&amp;height=442&amp;quality=85\" alt=\"\"\/><figcaption class=\"wp-element-caption\">El texto del protocolo de Ministerio de Educaci\u00f3n de la Ciudad de Buenos Aires<\/figcaption><\/figure><\/div>\n\n\n<p><\/p>\n\n\n\n<h3 class=\"wp-block-heading\"><strong><mark style=\"background-color:rgba(0, 0, 0, 0)\" class=\"has-inline-color has-vivid-red-color\">Ejes centrales del protocolo<\/mark><\/strong><\/h3>\n\n\n\n<p>El enfoque se basa en la <strong>prevenci\u00f3n<\/strong>, el fortalecimiento del bienestar socioemocional y la incorporaci\u00f3n de la convivencia pac\u00edfica como eje transversal de los proyectos pedag\u00f3gicos. Entre las acciones obligatorias para cada instituci\u00f3n se incluyen:<\/p>\n\n\n\n<ul class=\"wp-block-list\">\n<li><strong>Consejos Escolares de Convivencia (CEC)<\/strong>, integrados por directivos, docentes, estudiantes y familias, para dise\u00f1ar pol\u00edticas preventivas.<\/li>\n\n\n\n<li>Inclusi\u00f3n en el <strong>Proyecto Curricular Institucional<\/strong> de un apartado espec\u00edfico sobre convivencia y prevenci\u00f3n de la violencia.<\/li>\n\n\n\n<li><strong>Acuerdos Escolares y \u00c1ulicos de Convivencia<\/strong>, actualizados cada ciclo lectivo.<\/li>\n\n\n\n<li><strong>Jornadas de reflexi\u00f3n<\/strong> y campa\u00f1as anuales sobre acoso escolar y uso responsable de entornos digitales.<\/li>\n\n\n\n<li>Promoci\u00f3n de la <strong>participaci\u00f3n estudiantil<\/strong> y del trabajo colaborativo dentro de la comunidad educativa.<\/li>\n<\/ul>\n\n\n\n<p><\/p>\n\n\n<div class=\"wp-block-image\">\n<figure class=\"aligncenter size-large\"><img decoding=\"async\" src=\"https:\/\/www.infobae.com\/resizer\/v2\/72KJF7FUGRBKPKL6GG2WLDC72Y.png?auth=79b85ac44cf6313fa240e6764cf442d75d2ffa9689f2c9777a6ea6fcea01c8d7&amp;smart=true&amp;width=992&amp;height=541&amp;quality=85\" alt=\"\"\/><figcaption class=\"wp-element-caption\">La definici\u00f3n de bullying abarca violencia f\u00edsica, verbal, psicol\u00f3gica, social, material y digital&nbsp;<\/figcaption><\/figure><\/div>\n\n\n<h3 class=\"wp-block-heading\"><strong><mark style=\"background-color:rgba(0, 0, 0, 0)\" class=\"has-inline-color has-vivid-red-color\">\u00bfC\u00f3mo actuar ante un caso de bullying?<\/mark><\/strong><\/h3>\n\n\n\n<p>El protocolo establece una secuencia de intervenci\u00f3n que abarca desde la detecci\u00f3n temprana hasta el acompa\u00f1amiento sostenido:<\/p>\n\n\n\n<ol class=\"wp-block-list\">\n<li><strong>Detecci\u00f3n y abordaje inicial<\/strong>: observaci\u00f3n de se\u00f1ales de alerta, escucha activa y actividades pedag\u00f3gicas para promover la reflexi\u00f3n.<\/li>\n\n\n\n<li><strong>Comunicaci\u00f3n con las familias<\/strong>: aviso inmediato, orientaciones y compromiso de acompa\u00f1amiento.<\/li>\n\n\n\n<li><strong>Intervenci\u00f3n de equipos t\u00e9cnicos<\/strong>: entrevistas, contenci\u00f3n emocional y medidas de cuidado.<\/li>\n\n\n\n<li><strong>Acciones formativas y sanciones<\/strong>: desde medidas reparatorias hasta sanciones previstas en el reglamento, con foco en el aprendizaje y la convivencia.<\/li>\n\n\n\n<li><strong>Participaci\u00f3n de las familias de todas las partes<\/strong>: reuniones, compromisos firmados y seguimiento conjunto.<\/li>\n\n\n\n<li><strong>Actuaci\u00f3n ante riesgos o vulneraciones de derechos<\/strong>: notificaci\u00f3n a organismos competentes y activaci\u00f3n de medidas de protecci\u00f3n.<\/li>\n\n\n\n<li><strong>Seguimiento continuo<\/strong>: observaciones peri\u00f3dicas, entrevistas y registro institucional detallado.<\/li>\n<\/ol>\n\n\n\n<h3 class=\"wp-block-heading\"><strong><mark style=\"background-color:rgba(0, 0, 0, 0)\" class=\"has-inline-color has-vivid-red-color\">Qu\u00e9 define el protocolo como bullying<\/mark><\/strong><\/h3>\n\n\n\n<p>La gu\u00eda entiende el bullying como una <strong>violencia intencional, sostenida en el tiempo y dentro de una relaci\u00f3n desigual de poder<\/strong>, que causa da\u00f1o f\u00edsico, psicol\u00f3gico, emocional, social o material. Distingue distintas modalidades:<\/p>\n\n\n\n<ul class=\"wp-block-list\">\n<li>violencia f\u00edsica<\/li>\n\n\n\n<li>violencia material<\/li>\n\n\n\n<li>violencia verbal<\/li>\n\n\n\n<li>violencia psicol\u00f3gica<\/li>\n\n\n\n<li>violencia social<\/li>\n\n\n\n<li><strong>ciberbullying<\/strong><\/li>\n\n\n\n<li>acoso por prejuicios (raza, religi\u00f3n, identidad u orientaci\u00f3n sexual)<\/li>\n<\/ul>\n\n\n\n<p><\/p>\n\n\n<div class=\"wp-block-image\">\n<figure class=\"aligncenter size-large\"><img decoding=\"async\" src=\"https:\/\/www.infobae.com\/resizer\/v2\/TD64KUWTENGOBNRQ4T3KZKPTVQ.jpg?auth=7bfcc23ff56c92a8a226c100ff993993668e6d397cf1646cba740c53c44b7bad&amp;smart=true&amp;width=992&amp;height=556&amp;quality=85\" alt=\"\"\/><figcaption class=\"wp-element-caption\">La prevenci\u00f3n del bullying se integra al proyecto curricular institucional, con jornadas de reflexi\u00f3n y campa\u00f1as anuales de sensibilizaci\u00f3n<\/figcaption><\/figure><\/div>\n\n\n<h3 class=\"wp-block-heading\"><strong><mark style=\"background-color:rgba(0, 0, 0, 0)\" class=\"has-inline-color has-vivid-red-color\">Estrategias por nivel educativo<\/mark><\/strong><\/h3>\n\n\n\n<p><strong>En primaria<\/strong>, el abordaje prioriza la intervenci\u00f3n pedag\u00f3gica, la reparaci\u00f3n del da\u00f1o y el trabajo con las familias, con foco en el acompa\u00f1amiento emocional. Ante situaciones graves, se activa la intervenci\u00f3n de equipos t\u00e9cnicos y canales formales de protecci\u00f3n.<\/p>\n\n\n\n<p><strong>En secundaria<\/strong>, se enfatiza el rol activo de los adolescentes en la convivencia. Las respuestas progresivas incluyen talleres grupales, entrevistas, medidas de protecci\u00f3n, sanciones cuando corresponda y la actuaci\u00f3n obligatoria de las familias responsables.<\/p>\n\n\n\n<p class=\"has-text-align-center\"><em><strong><em><strong><em><strong><em><strong><a href=\"https:\/\/t.me\/esreviral\">\u00daNETE A NUESTRO CANAL DE TELEGRAM PARA ESTAR INFORMADO<\/a><\/strong><\/em><\/strong><\/em><\/strong><\/em><\/strong><\/em><\/p>\n\n\n\n<h3 class=\"wp-block-heading\"><strong><mark style=\"background-color:rgba(0, 0, 0, 0)\" class=\"has-inline-color has-vivid-red-color\">Seguimiento y sanciones por incumplimiento<\/mark><\/strong><\/h3>\n\n\n\n<p>Cada intervenci\u00f3n debe quedar documentada. Las escuelas que no act\u00faen conforme al protocolo podr\u00e1n enfrentar <strong>sumarios administrativos<\/strong>. El objetivo, subraya el Ministerio, es asegurar entornos seguros, respetuosos y con herramientas claras para prevenir y responder a situaciones de acoso.<\/p>\n\n\n\n<p class=\"has-text-align-center\"><strong><em><mark style=\"background-color:rgba(0, 0, 0, 0)\" class=\"has-inline-color has-vivid-red-color\"><a href=\"https:\/\/esreviral.com\/?p=83604\" data-type=\"link\" data-id=\"https:\/\/esreviral.com\/?p=83604\">Lea Tambi\u00e9n: Un ni\u00f1o es hospitalizado por d\u00eda por riesgo suicida: c\u00f3mo prevenir el bullying y cuidar la salud mental<\/a><\/mark><\/em><\/strong><\/p>\n\n\n\n<p class=\"has-text-align-right\"><strong><em>Con Informaci\u00f3n de Infobae.-<\/em><\/strong><\/p>\n\n\n\n<p><\/p>\n\n\n\n<p><\/p>\n\n\n\n<p class=\"has-text-align-center\"><\/p>\n","protected":false},"excerpt":{"rendered":"<p>Establece pautas obligatorias y estrategias para el abordaje del acoso escolar. Incluye lineamientos para evitar el ciberbullying en redes sociales<\/p>\n","protected":false},"author":3,"featured_media":83669,"comment_status":"closed","ping_status":"closed","sticky":false,"template":"","format":"standard","meta":{"jnews-multi-image_gallery":[],"jnews_single_post":{"format":"standard"},"jnews_primary_category":[],"jnews_social_meta":[],"jnews_review":[],"enable_review":"","type":"","name":"","summary":"","brand":"","sku":"","good":[],"bad":[],"score_override":"","override_value":"","rating":[],"price":[],"jnews_override_counter":[],"jnews_post_split":[],"footnotes":""},"categories":[58,84],"tags":[7622,44,5473,7421,37666,894,9902,45,37667],"class_list":["post-83668","post","type-post","status-publish","format-standard","has-post-thumbnail","hentry","category-argentina","category-salud","tag-acoso-escolar","tag-argentina","tag-bullying","tag-bullying-escolar","tag-ciberbullying","tag-ciudad-de-buenos-aires","tag-ministerio-de-educacion-2","tag-noticias","tag-protocolo-contra-el-bullying"],"amp_enabled":true,"_links":{"self":[{"href":"https:\/\/esreviral.com\/index.php?rest_route=\/wp\/v2\/posts\/83668"}],"collection":[{"href":"https:\/\/esreviral.com\/index.php?rest_route=\/wp\/v2\/posts"}],"about":[{"href":"https:\/\/esreviral.com\/index.php?rest_route=\/wp\/v2\/types\/post"}],"author":[{"embeddable":true,"href":"https:\/\/esreviral.com\/index.php?rest_route=\/wp\/v2\/users\/3"}],"replies":[{"embeddable":true,"href":"https:\/\/esreviral.com\/index.php?rest_route=%2Fwp%2Fv2%2Fcomments&post=83668"}],"version-history":[{"count":3,"href":"https:\/\/esreviral.com\/index.php?rest_route=\/wp\/v2\/posts\/83668\/revisions"}],"predecessor-version":[{"id":83672,"href":"https:\/\/esreviral.com\/index.php?rest_route=\/wp\/v2\/posts\/83668\/revisions\/83672"}],"wp:featuredmedia":[{"embeddable":true,"href":"https:\/\/esreviral.com\/index.php?rest_route=\/wp\/v2\/media\/83669"}],"wp:attachment":[{"href":"https:\/\/esreviral.com\/index.php?rest_route=%2Fwp%2Fv2%2Fmedia&parent=83668"}],"wp:term":[{"taxonomy":"category","embeddable":true,"href":"https:\/\/esreviral.com\/index.php?rest_route=%2Fwp%2Fv2%2Fcategories&post=83668"},{"taxonomy":"post_tag","embeddable":true,"href":"https:\/\/esreviral.com\/index.php?rest_route=%2Fwp%2Fv2%2Ftags&post=83668"}],"curies":[{"name":"wp","href":"https:\/\/api.w.org\/{rel}","templated":true}]}}