{"id":83653,"date":"2025-11-22T07:56:27","date_gmt":"2025-11-22T12:56:27","guid":{"rendered":"https:\/\/esreviral.com\/?p=83653"},"modified":"2025-11-22T07:56:28","modified_gmt":"2025-11-22T12:56:28","slug":"que-es-el-punto-verde-que-aparece-en-la-parte-de-arriba-de-los-iphone","status":"publish","type":"post","link":"https:\/\/esreviral.com\/?p=83653","title":{"rendered":"Qu\u00e9 es el punto verde que aparece en la parte de arriba de los iPhone"},"content":{"rendered":"\n<p>Los usuarios de iPhone pueden notar un diminuto punto verde en la esquina superior de la pantalla, cerca de la Dynamic Island. No se trata de un fallo de hardware ni de un simple indicador de conectividad: es un elemento clave de seguridad y privacidad. Apple lo incorpor\u00f3 a partir de iOS 14 \u2014y lo mantuvo en las versiones posteriores\u2014 para alertar de manera discreta cuando las aplicaciones acceden a los sensores m\u00e1s sensibles del dispositivo.<\/p>\n\n\n\n<p class=\"has-text-align-center\"><strong><a href=\"https:\/\/chat.whatsapp.com\/KWkTmakY3I05kNdd2oZl6d\"><em>\u00daNETE A NUESTRO GRUPO DE WHATSAPP PARA ESTAR INFORMADO<\/em><\/a><\/strong><\/p>\n\n\n\n<h3 class=\"wp-block-heading\"><strong><mark style=\"background-color:rgba(0, 0, 0, 0)\" class=\"has-inline-color has-vivid-red-color\">Qu\u00e9 es el punto verde que aparece arriba en los iPhone<\/mark><\/strong><\/h3>\n\n\n\n<p>El punto verde funciona como un indicador de privacidad y se activa cuando una aplicaci\u00f3n utiliza la c\u00e1mara del tel\u00e9fono, ya sea la frontal o la trasera. En algunos casos tambi\u00e9n implica el uso simult\u00e1neo del micr\u00f3fono.<\/p>\n\n\n\n<p>Junto a \u00e9l puede aparecer otro indicador:<\/p>\n\n\n\n<ul class=\"wp-block-list\">\n<li><strong>Punto verde:<\/strong> la c\u00e1mara est\u00e1 siendo utilizada por una app.<\/li>\n\n\n\n<li><strong>Punto naranja:<\/strong> el micr\u00f3fono est\u00e1 activo.<\/li>\n<\/ul>\n\n\n\n<p><\/p>\n\n\n\n<p>Ambos forman parte de la primera l\u00ednea de protecci\u00f3n visual contra accesos no autorizados. Apple los introdujo como respuesta a las crecientes preocupaciones sobre el uso indebido de sensores por parte de aplicaciones o software malicioso.<\/p>\n\n\n<div class=\"wp-block-image\">\n<figure class=\"aligncenter size-large\"><img decoding=\"async\" src=\"https:\/\/resizer.glanacion.com\/resizer\/v2\/que-significan-los-puntos-de-colores-en-el-G6LIRIDEAVAHRETKCXOYCBNZRI.jpg?auth=a5b6ecc94f1385c67c1a84d9f6f21c3b0a116ed696effc403518935e45a6424d&amp;width=780&amp;height=520&amp;quality=70&amp;smart=true\" alt=\"\"\/><figcaption class=\"wp-element-caption\">Qu\u00e9 significan los puntos de colores en el iPhone<\/figcaption><\/figure><\/div>\n\n\n<h2 class=\"wp-block-heading\"><strong><mark style=\"background-color:rgba(0, 0, 0, 0)\" class=\"has-inline-color has-vivid-red-color\">iPhone 17 en la Argentina: cu\u00e1nto cuestan<\/mark><\/strong><\/h2>\n\n\n\n<p>Apple ya comercializa la l\u00ednea iPhone 17 en Estados Unidos. Estos son los precios oficiales:<\/p>\n\n\n\n<ul class=\"wp-block-list\">\n<li><strong>iPhone 17 (256 GB):<\/strong> 799 d\u00f3lares<\/li>\n\n\n\n<li><strong>iPhone Air (256 GB):<\/strong> 999 d\u00f3lares<\/li>\n\n\n\n<li><strong>iPhone 17 Pro (256 GB):<\/strong> 1.099 d\u00f3lares<\/li>\n\n\n\n<li><strong>iPhone 17 Pro Max (256 GB):<\/strong> 1.199 d\u00f3lares<\/li>\n<\/ul>\n\n\n\n<p><\/p>\n\n\n\n<p>En Argentina, como es habitual, los valores cambian por la cotizaci\u00f3n del d\u00f3lar. En octubre, Maximstore \u2014vendedor oficial\u2014 anunci\u00f3 los siguientes precios estimados:<\/p>\n\n\n\n<ul class=\"wp-block-list\">\n<li><strong>iPhone 17:<\/strong> $2.000.000<\/li>\n\n\n\n<li><strong>iPhone Air:<\/strong> $2.550.000<\/li>\n\n\n\n<li><strong>iPhone 17 Pro:<\/strong> $2.800.000<\/li>\n\n\n\n<li><strong>iPhone 17 Pro Max:<\/strong> $2.950.000<\/li>\n<\/ul>\n\n\n\n<p><\/p>\n\n\n\n<p>\u201cPor primera vez en mucho tiempo, los argentinos podr\u00e1n acceder al iPhone a un valor cercano al de Estados Unidos, pero con asistencia y soporte oficial en el pa\u00eds\u201d, destac\u00f3 Alejandro Gold\u00edn, gerente general de Maximstore.<\/p>\n\n\n<div class=\"wp-block-image\">\n<figure class=\"aligncenter size-large\"><img decoding=\"async\" src=\"https:\/\/resizer.glanacion.com\/resizer\/v2\/el-precio-del-iphone-5JIIMDY6TVETBMNRXQOSL3XLUY.JPG?auth=001248acd4c6d416ca2adc6b968974bb7a6168a42fe451232985ed283df2c617&amp;width=780&amp;height=561&amp;quality=70&amp;smart=true\" alt=\"\"\/><figcaption class=\"wp-element-caption\">El precio del iPhone 17<\/figcaption><\/figure><\/div>\n\n\n<h2 class=\"wp-block-heading\"><strong><mark style=\"background-color:rgba(0, 0, 0, 0)\" class=\"has-inline-color has-vivid-red-color\">Cu\u00e1ndo llega el iPhone 17 a la Argentina<\/mark><\/strong><\/h2>\n\n\n\n<p>A diferencia de a\u00f1os anteriores, la llegada de los nuevos equipos ser\u00e1 m\u00e1s r\u00e1pida: la reducci\u00f3n de aranceles de importaci\u00f3n para tecnolog\u00eda aceler\u00f3 su disponibilidad en el pa\u00eds.<\/p>\n\n\n\n<p>Desde MacStation se\u00f1alan que los modelos estar\u00e1n disponibles a <strong>mediados de noviembre<\/strong>, y otros distribuidores recibir\u00e1n stock en fechas similares.<\/p>\n\n\n\n<h2 class=\"wp-block-heading\"><strong><mark style=\"background-color:rgba(0, 0, 0, 0)\" class=\"has-inline-color has-vivid-red-color\">iPhone Air: la sorpresa de la nueva l\u00ednea<\/mark><\/strong><\/h2>\n\n\n\n<p>La novedad m\u00e1s destacada del lanzamiento es el <strong>iPhone Air<\/strong>, que reemplaza al modelo Plus. Su dise\u00f1o ultradelgado \u2014solo 5,6 mm\u2014 lo convierte en el iPhone m\u00e1s fino hasta ahora.<\/p>\n\n\n\n<p>Caracter\u00edsticas principales:<\/p>\n\n\n\n<ul class=\"wp-block-list\">\n<li>Pantalla de 6,5 pulgadas<\/li>\n\n\n\n<li>Marco de titanio<\/li>\n\n\n\n<li>Protecci\u00f3n Ceramic Shield en ambos lados<\/li>\n\n\n\n<li>Chip A19 Pro (el mismo de los modelos Pro)<\/li>\n\n\n\n<li>C\u00e1mara trasera \u00fanica de 48 MP<\/li>\n\n\n\n<li>Primer m\u00f3dem y chip inal\u00e1mbrico desarrollados por Apple para 5G, Wi-Fi y Bluetooth, con foco en eficiencia energ\u00e9tica<\/li>\n<\/ul>\n\n\n\n<p><\/p>\n\n\n<div class=\"wp-block-image\">\n<figure class=\"aligncenter size-large\"><img decoding=\"async\" src=\"https:\/\/resizer.glanacion.com\/resizer\/v2\/cuando-llega-a-la-argentina-el-nuevo-telefono-de-QSDAC3Q745FLHB3OK7TBVVD23I.JPG?auth=09de77ebbe3d83cf94a1f5f9724191d4164b6d122198d9ec8790a810f98f8218&amp;width=780&amp;height=520&amp;quality=70&amp;smart=true\" alt=\"\"\/><figcaption class=\"wp-element-caption\">Cu\u00e1ndo llega a la Argentina el nuevo tel\u00e9fono de Apple<\/figcaption><\/figure><\/div>\n\n\n<h2 class=\"wp-block-heading\"><strong><mark style=\"background-color:rgba(0, 0, 0, 0)\" class=\"has-inline-color has-vivid-red-color\">Lo nuevo del iPhone 17 Pro y Pro Max<\/mark><\/strong><\/h2>\n\n\n\n<p>Los modelos Pro renuevan su sistema fotogr\u00e1fico con <strong>tres c\u00e1maras traseras de 48 MP<\/strong> (normal, gran angular y teleobjetivo), que permiten:<\/p>\n\n\n\n<ul class=\"wp-block-list\">\n<li>Zoom \u00f3ptico de 4x y 8x<\/li>\n\n\n\n<li>Zoom digital de hasta 40x<\/li>\n<\/ul>\n\n\n\n<p><\/p>\n\n\n\n<p>Ambos integran el chip <strong>A19 Pro<\/strong>, y el <strong>iPhone 17 Pro Max<\/strong> incorpora por primera vez una opci\u00f3n de almacenamiento de <strong>2 TB<\/strong>, un r\u00e9cord para Apple.<\/p>\n\n\n\n<p class=\"has-text-align-center\"><em><strong><em><strong><em><strong><em><strong><a href=\"https:\/\/t.me\/esreviral\">\u00daNETE A NUESTRO CANAL DE TELEGRAM PARA ESTAR INFORMADO<\/a><\/strong><\/em><\/strong><\/em><\/strong><\/em><\/strong><\/em><\/p>\n\n\n\n<h2 class=\"wp-block-heading\"><strong><mark style=\"background-color:rgba(0, 0, 0, 0)\" class=\"has-inline-color has-vivid-red-color\">El iPhone 17 \u201cest\u00e1ndar\u201d<\/mark><\/strong><\/h2>\n\n\n\n<p>El modelo base incluye:<\/p>\n\n\n\n<ul class=\"wp-block-list\">\n<li>Pantalla de 6,3 pulgadas con refresco variable hasta 120 Hz<\/li>\n\n\n\n<li>Chip A19<\/li>\n\n\n\n<li>Ocho horas m\u00e1s de autonom\u00eda que la generaci\u00f3n anterior<\/li>\n\n\n\n<li>Carga r\u00e1pida del 50% en 30 minutos<\/li>\n<\/ul>\n\n\n\n<p><\/p>\n\n\n\n<p class=\"has-text-align-right\"><strong><em>Con Informaci\u00f3n de LN.-<\/em><\/strong><\/p>\n","protected":false},"excerpt":{"rendered":"<p>Este misterioso indicador es mucho m\u00e1s importante de lo que algunos piensan; los distintos colores que puede tener y su significado<\/p>\n","protected":false},"author":3,"featured_media":83654,"comment_status":"closed","ping_status":"closed","sticky":false,"template":"","format":"standard","meta":{"jnews-multi-image_gallery":[],"jnews_single_post":{"format":"standard"},"jnews_primary_category":[],"jnews_social_meta":[],"jnews_review":[],"enable_review":"","type":"","name":"","summary":"","brand":"","sku":"","good":[],"bad":[],"score_override":"","override_value":"","rating":[],"price":[],"jnews_override_counter":[],"jnews_post_split":[],"footnotes":""},"categories":[1165],"tags":[3264,45,37660],"class_list":["post-83653","post","type-post","status-publish","format-standard","has-post-thumbnail","hentry","category-tecnologia","tag-iphone","tag-noticias","tag-punto-verde"],"amp_enabled":true,"_links":{"self":[{"href":"https:\/\/esreviral.com\/index.php?rest_route=\/wp\/v2\/posts\/83653"}],"collection":[{"href":"https:\/\/esreviral.com\/index.php?rest_route=\/wp\/v2\/posts"}],"about":[{"href":"https:\/\/esreviral.com\/index.php?rest_route=\/wp\/v2\/types\/post"}],"author":[{"embeddable":true,"href":"https:\/\/esreviral.com\/index.php?rest_route=\/wp\/v2\/users\/3"}],"replies":[{"embeddable":true,"href":"https:\/\/esreviral.com\/index.php?rest_route=%2Fwp%2Fv2%2Fcomments&post=83653"}],"version-history":[{"count":1,"href":"https:\/\/esreviral.com\/index.php?rest_route=\/wp\/v2\/posts\/83653\/revisions"}],"predecessor-version":[{"id":83655,"href":"https:\/\/esreviral.com\/index.php?rest_route=\/wp\/v2\/posts\/83653\/revisions\/83655"}],"wp:featuredmedia":[{"embeddable":true,"href":"https:\/\/esreviral.com\/index.php?rest_route=\/wp\/v2\/media\/83654"}],"wp:attachment":[{"href":"https:\/\/esreviral.com\/index.php?rest_route=%2Fwp%2Fv2%2Fmedia&parent=83653"}],"wp:term":[{"taxonomy":"category","embeddable":true,"href":"https:\/\/esreviral.com\/index.php?rest_route=%2Fwp%2Fv2%2Fcategories&post=83653"},{"taxonomy":"post_tag","embeddable":true,"href":"https:\/\/esreviral.com\/index.php?rest_route=%2Fwp%2Fv2%2Ftags&post=83653"}],"curies":[{"name":"wp","href":"https:\/\/api.w.org\/{rel}","templated":true}]}}