{"id":83644,"date":"2025-11-17T06:01:39","date_gmt":"2025-11-17T11:01:39","guid":{"rendered":"https:\/\/esreviral.com\/?p=83644"},"modified":"2025-11-17T08:31:08","modified_gmt":"2025-11-17T13:31:08","slug":"nuevo-golpe-al-bolsillo-cuanto-pasa-a-costar-el-colectivo-en-el-amba-desde-este-lunes","status":"publish","type":"post","link":"https:\/\/esreviral.com\/?p=83644","title":{"rendered":"Nuevo golpe al bolsillo: cu\u00e1nto pasa a costar el colectivo en el AMBA desde este lunes"},"content":{"rendered":"\n<p>Desde este lunes 17 de noviembre entr\u00f3 en vigencia el incremento de casi 10% en la tarifa de los colectivos que dispuso el Gobierno nacional para las 104 l\u00edneas de jurisdicci\u00f3n federal que circulan en el \u00c1rea Metropolitana de Buenos Aires (AMBA). Con el ajuste, el boleto m\u00ednimo pas\u00f3 a costar <strong>$494,83 con SUBE<\/strong> y <strong>$786,78 sin SUBE<\/strong>. La medida alcanza a todas las l\u00edneas que conectan la Ciudad de Buenos Aires con distintos puntos del Conurbano.<\/p>\n\n\n\n<p>Tal como hab\u00eda anticipado Clar\u00edn, el ministro de Econom\u00eda, <strong>Luis Caputo<\/strong>, ven\u00eda evaluando esta actualizaci\u00f3n tarifaria desde el triunfo legislativo de La Libertad Avanza, en un marco de reducci\u00f3n de subsidios al transporte automotor y de recorte del gasto p\u00fablico.<\/p>\n\n\n\n<p>En un comunicado difundido este lunes, la Secretar\u00eda de Transporte explic\u00f3 que el aumento \u201cbusca garantizar la sostenibilidad del sistema de transporte p\u00fablico, en l\u00ednea con la pol\u00edtica de ordenamiento del sector\u201d. Adem\u00e1s, precis\u00f3 que su aplicaci\u00f3n respet\u00f3 los mecanismos de participaci\u00f3n ciudadana.<\/p>\n\n\n\n<p class=\"has-text-align-center\"><strong><a href=\"https:\/\/chat.whatsapp.com\/KWkTmakY3I05kNdd2oZl6d\"><em>\u00daNETE A NUESTRO GRUPO DE WHATSAPP PARA ESTAR INFORMADO<\/em><\/a><\/strong><\/p>\n\n\n\n<h3 class=\"wp-block-heading\"><strong><mark style=\"background-color:rgba(0, 0, 0, 0)\" class=\"has-inline-color has-vivid-red-color\">Nuevas tarifas por tramo<\/mark><\/strong><\/h3>\n\n\n\n<ul class=\"wp-block-list\">\n<li><strong>0 a 3 km<\/strong>: $494,83 con SUBE registrada \/ $786,78 sin SUBE.<\/li>\n\n\n\n<li><strong>3 a 6 km<\/strong>: $551,24 con SUBE \/ $876,47 sin SUBE.<\/li>\n\n\n\n<li><strong>6 a 12 km<\/strong>: $593,70 con SUBE \/ $943,98 sin SUBE.<\/li>\n\n\n\n<li><strong>12 a 27 km<\/strong>: $636,21 con SUBE \/ $1.011,57 sin SUBE.<\/li>\n\n\n\n<li><strong>M\u00e1s de 27 km<\/strong>: $678,42 con SUBE \/ $1.078,69 sin SUBE.<\/li>\n<\/ul>\n\n\n\n<p><\/p>\n\n\n\n<p class=\"has-text-align-center\"><em><strong><em><strong><em><strong><em><strong><a href=\"https:\/\/t.me\/esreviral\">\u00daNETE A NUESTRO CANAL DE TELEGRAM PARA ESTAR INFORMADO<\/a><\/strong><\/em><\/strong><\/em><\/strong><\/em><\/strong><\/em><\/p>\n\n\n\n<h3 class=\"wp-block-heading\"><strong><mark style=\"background-color:rgba(0, 0, 0, 0)\" class=\"has-inline-color has-vivid-red-color\">Qu\u00e9 l\u00edneas est\u00e1n alcanzadas por el aumento<\/mark><\/strong><\/h3>\n\n\n\n<p>Las 104 l\u00edneas afectadas por el aumento son:<br>1, 2, 8, 9, 10, 15, 17, 19, 20, 21, 22, 24, 28, 29, 31, 32, 33, 37, 41, 45, 46, 49, 51, 53, 55, 56, 57, 59, 60, 63, 67, 70, 71, 74, 75, 78, 79, 80, 85, 86, 87, 88, 91, 92, 93, 95, 96, 97, 98, 100, 101, 103, 105, 110, 111, 113, 114, 117, 119, 123, 124, 126, 127, 128, 129, 130, 133, 134, 135, 136, 140, 143, 145, 146, 148, 150, 152, 153, 154, 158, 159, 160, 161, 163, 164, 166, 168, 169, 172, 174, 176, 177, 178, 179, 180, 181, 182, 184, 185, 188, 193, 194, 195, 197.<\/p>\n\n\n\n<p class=\"has-text-align-center\"><strong><em><mark style=\"background-color:rgba(0, 0, 0, 0)\" class=\"has-inline-color has-vivid-red-color\"><a href=\"https:\/\/esreviral.com\/?p=83638\" data-type=\"link\" data-id=\"https:\/\/esreviral.com\/?p=83638\">Lea Tambi\u00e9n: Ya circulan los colectivos el\u00e9ctricos en Buenos Aires: c\u00f3mo funciona el servicio y qu\u00e9 recorrido hacen<\/a><\/mark><\/em><\/strong><\/p>\n\n\n\n<p class=\"has-text-align-right\"><strong><em>Con Informaci\u00f3n de Clarin.-<\/em><\/strong><\/p>\n","protected":false},"excerpt":{"rendered":"<p>Lo resolvi\u00f3 el Gobierno para las 104 l\u00edneas de jurisdicci\u00f3n nacional que circulan entre la Ciudad y el Conurbano.<\/p>\n","protected":false},"author":3,"featured_media":83645,"comment_status":"closed","ping_status":"closed","sticky":false,"template":"","format":"standard","meta":{"jnews-multi-image_gallery":[],"jnews_single_post":{"format":"standard"},"jnews_primary_category":[],"jnews_social_meta":[],"jnews_review":[],"enable_review":"","type":"","name":"","summary":"","brand":"","sku":"","good":[],"bad":[],"score_override":"","override_value":"","rating":[],"price":[],"jnews_override_counter":[],"jnews_post_split":[],"footnotes":""},"categories":[58,61],"tags":[204,2143,45,274],"class_list":["post-83644","post","type-post","status-publish","format-standard","has-post-thumbnail","hentry","category-argentina","category-economia","tag-amba","tag-colectivos","tag-noticias","tag-transporte-publico"],"amp_enabled":true,"_links":{"self":[{"href":"https:\/\/esreviral.com\/index.php?rest_route=\/wp\/v2\/posts\/83644"}],"collection":[{"href":"https:\/\/esreviral.com\/index.php?rest_route=\/wp\/v2\/posts"}],"about":[{"href":"https:\/\/esreviral.com\/index.php?rest_route=\/wp\/v2\/types\/post"}],"author":[{"embeddable":true,"href":"https:\/\/esreviral.com\/index.php?rest_route=\/wp\/v2\/users\/3"}],"replies":[{"embeddable":true,"href":"https:\/\/esreviral.com\/index.php?rest_route=%2Fwp%2Fv2%2Fcomments&post=83644"}],"version-history":[{"count":3,"href":"https:\/\/esreviral.com\/index.php?rest_route=\/wp\/v2\/posts\/83644\/revisions"}],"predecessor-version":[{"id":83675,"href":"https:\/\/esreviral.com\/index.php?rest_route=\/wp\/v2\/posts\/83644\/revisions\/83675"}],"wp:featuredmedia":[{"embeddable":true,"href":"https:\/\/esreviral.com\/index.php?rest_route=\/wp\/v2\/media\/83645"}],"wp:attachment":[{"href":"https:\/\/esreviral.com\/index.php?rest_route=%2Fwp%2Fv2%2Fmedia&parent=83644"}],"wp:term":[{"taxonomy":"category","embeddable":true,"href":"https:\/\/esreviral.com\/index.php?rest_route=%2Fwp%2Fv2%2Fcategories&post=83644"},{"taxonomy":"post_tag","embeddable":true,"href":"https:\/\/esreviral.com\/index.php?rest_route=%2Fwp%2Fv2%2Ftags&post=83644"}],"curies":[{"name":"wp","href":"https:\/\/api.w.org\/{rel}","templated":true}]}}