{"id":83626,"date":"2025-11-15T07:32:26","date_gmt":"2025-11-15T12:32:26","guid":{"rendered":"https:\/\/esreviral.com\/?p=83626"},"modified":"2025-11-15T07:32:27","modified_gmt":"2025-11-15T12:32:27","slug":"el-desafio-regional-ante-las-personas-con-trastornos-mentales-abandonadas-a-su-suerte","status":"publish","type":"post","link":"https:\/\/esreviral.com\/?p=83626","title":{"rendered":"El desaf\u00edo regional ante las personas con trastornos mentales abandonadas a su suerte"},"content":{"rendered":"\n<p>En las principales ciudades del MERCOSUR se repite una escena que ya forma parte del paisaje urbano: <strong>personas con trastornos mentales vagando por las calles, sin medicaci\u00f3n, sin contenci\u00f3n familiar y sin el acompa\u00f1amiento sanitario que requieren.<\/strong> A veces, su presencia pasa inadvertida; otras, termina en episodios de violencia, da\u00f1os a la propiedad o situaciones de extremo riesgo, tanto para ellas como para terceros.<\/p>\n\n\n\n<p><strong>Este fen\u00f3meno, que mezcla abandono, enfermedad y falta de pol\u00edticas p\u00fablicas, no es solo un problema humanitario. Tambi\u00e9n es un problema de seguridad ciudadana que obliga a los Estados a tomar medidas inmediatas.<\/strong><\/p>\n\n\n\n<p><strong><mark style=\"background-color:rgba(0, 0, 0, 0)\" class=\"has-inline-color has-vivid-red-color\">Un compromiso internacional que los Estados ya aceptaron<\/mark><\/strong><\/p>\n\n\n\n<p>Los <strong>pa\u00edses del MERCOSUR<\/strong> han suscrito m\u00faltiples<strong> acuerdos sanitarios<\/strong> que los obligan a coordinar acciones frente a problemas de <strong>salud p\u00fablica, incluyendo la salud mental. A esto se suman dos instrumentos decisivos:<\/strong><\/p>\n\n\n\n<p>La Convenci\u00f3n sobre los Derechos de las Personas con Discapacidad (CDPD)<\/p>\n\n\n\n<p>Ratificada por todos los Estados del bloque, exige atenci\u00f3n m\u00e9dica accesible, vida en comunidad y protecci\u00f3n contra el abandono. Es decir: nadie con un trastorno mental deber\u00eda terminar viviendo en la calle sin asistencia.<\/p>\n\n\n\n<p class=\"has-text-align-center\"><strong><em><mark style=\"background-color:rgba(0, 0, 0, 0)\" class=\"has-inline-color has-vivid-red-color\"><a href=\"https:\/\/esreviral.com\/?p=83608\" data-type=\"link\" data-id=\"https:\/\/esreviral.com\/?p=83608\">Lea Tambi\u00e9n: Fue un venezolano con retraso madurativo quien pate\u00f3 a la ni\u00f1a en Palermo<\/a><\/mark><\/em><\/strong>.<\/p>\n\n\n\n<p class=\"has-text-align-center\"><strong><a href=\"https:\/\/chat.whatsapp.com\/KWkTmakY3I05kNdd2oZl6d\"><em>\u00daNETE A NUESTRO GRUPO DE WHATSAPP PARA ESTAR INFORMADO<\/em><\/a><\/strong><\/p>\n\n\n\n<p>El Plan de Acci\u00f3n de Salud Mental de la OMS (2013\u20132030)<\/p>\n\n\n\n<p><strong><mark style=\"background-color:rgba(0, 0, 0, 0)\" class=\"has-inline-color has-vivid-red-color\">Documento oficial que obliga a los Estados a desarrollar:<\/mark><\/strong><\/p>\n\n\n\n<p>Equipos de intervenci\u00f3n comunitaria.<\/p>\n\n\n\n<p>Atenci\u00f3n territorial.<\/p>\n\n\n\n<p>Programas de vivienda protegida.<\/p>\n\n\n\n<p>Prevenci\u00f3n del riesgo para la persona y para la comunidad.<\/p>\n\n\n\n<p>El marco legal existe. Lo que falta es acci\u00f3n.<\/p>\n\n\n\n<p>La calle como \u00faltimo eslab\u00f3n del abandono.<\/p>\n\n\n\n<p>Cuando una persona con un cuadro psiqui\u00e1trico grave queda sola en la v\u00eda p\u00fablica, la cadena de cuidados se rompe por completo. Se pierde el acceso a medicaci\u00f3n, aumenta la exposici\u00f3n a agresiones y crecen los riesgos de que, en medio de un brote, cause da\u00f1os a terceros sin intenci\u00f3n.<\/p>\n\n\n\n<p>Para la polic\u00eda \u2014y lo digo como comisario\u2014 estas intervenciones suelen ser de m\u00e1xima complejidad: se debe resguardar la integridad f\u00edsica de la persona afectada, pero tambi\u00e9n la seguridad de quienes circulan en el lugar. Sin equipos de salud mental trabajando en territorio, esta tarea se vuelve una misi\u00f3n casi imposible.<\/p>\n\n\n\n<p><strong><mark style=\"background-color:rgba(0, 0, 0, 0)\" class=\"has-inline-color has-vivid-red-color\">\u00bb Los Estados tienen la obligaci\u00f3n de actuar, no de observar\u00bb<\/mark><\/strong><\/p>\n\n\n\n<p>La combinaci\u00f3n de tratados internacionales, resoluciones del MERCOSUR y leyes nacionales impone una triple responsabilidad:<\/p>\n\n\n\n<ol class=\"wp-block-list\">\n<li><strong>Proteger a la persona con trastorno mental<\/strong><\/li>\n<\/ol>\n\n\n\n<p>Garantizar atenci\u00f3n inmediata, evitar el deterioro y asegurar un tratamiento digno.<\/p>\n\n\n\n<ol start=\"2\" class=\"wp-block-list\">\n<li><strong>Proteger a la comunidad.<\/strong><\/li>\n<\/ol>\n\n\n\n<p>Prevenir da\u00f1os y situaciones de alto riesgo derivadas de la falta de contenci\u00f3n cl\u00ednica.<\/p>\n\n\n\n<ol start=\"3\" class=\"wp-block-list\">\n<li><strong>Coordinar salud, seguridad y asistencia social<\/strong><\/li>\n<\/ol>\n\n\n\n<p>Ni la polic\u00eda sola, ni los hospitales solos, ni las familias solas pueden responder adecuadamente.<br>La intervenci\u00f3n debe ser intersectorial.<\/p>\n\n\n\n<p>Lo que debe hacerse ya (y puede hacerse ya)<\/p>\n\n\n\n<p>Equipos de salud mental en calle.<\/p>\n\n\n\n<p>Los Estados deben crear \u2014o activar\u2014 grupos de intervenci\u00f3n m\u00f3vil que acompa\u00f1en a la polic\u00eda en crisis psiqui\u00e1tricas. La OMS recomienda este modelo, y en varios pa\u00edses funciona con \u00e9xito.<\/p>\n\n\n\n<p>Protocolos claros entre hospitales, municipios y fuerzas de seguridad.<\/p>\n\n\n\n<p>Sin reglas claras, cada actor act\u00faa por intuici\u00f3n y el resultado es imprevisible.<\/p>\n\n\n\n<p>Programas de vivienda y atenci\u00f3n comunitaria<\/p>\n\n\n\n<p>Ning\u00fan tratamiento es sostenible si la persona sigue en calle.<br>La vivienda protegida no es un lujo: es parte del cuidado.<\/p>\n\n\n\n<p>Formaci\u00f3n continua para efectivos policiales.<\/p>\n\n\n\n<p>Desescalada, trato humanitario, identificaci\u00f3n de riesgos y criterios de derivaci\u00f3n.<br>Una intervenci\u00f3n bien hecha salva vidas.<\/p>\n\n\n\n<p><strong><mark style=\"background-color:rgba(0, 0, 0, 0)\" class=\"has-inline-color has-vivid-red-color\">Corresponsabilidad familiar.<\/mark><\/strong><\/p>\n\n\n\n<p>El abandono no es una opci\u00f3n.<br>La familia sigue siendo un pilar esencial en los tratamientos de largo plazo.<\/p>\n\n\n\n<p><strong>Un desaf\u00edo que compromete a todos.<\/strong><\/p>\n\n\n\n<p>La situaci\u00f3n de personas con problemas de salud mental viviendo en la calle no distingue pa\u00edses, partidos ni ideolog\u00edas. Es un fen\u00f3meno regional que exige una respuesta regional.<\/p>\n\n\n\n<p>Los compromisos ya est\u00e1n firmados: MERCOSUR, OMS, CDPD.<br>Las obligaciones ya existen: atenci\u00f3n, inclusi\u00f3n, protecci\u00f3n.<br>Lo que falta es decisi\u00f3n pol\u00edtica, inversi\u00f3n en salud mental y coordinaci\u00f3n real.<\/p>\n\n\n\n<p class=\"has-text-align-center\"><em><strong><em><strong><em><strong><em><strong><a href=\"https:\/\/t.me\/esreviral\">\u00daNETE A NUESTRO CANAL DE TELEGRAM PARA ESTAR INFORMADO<\/a><\/strong><\/em><\/strong><\/em><\/strong><\/em><\/strong><\/em><\/p>\n\n\n\n<p>Porque cuando una persona con un trastorno mental es abandonada en la v\u00eda p\u00fablica, no estamos viendo un problema ajeno.<br>Estamos viendo el espejo m\u00e1s crudo de nuestras fallas como sociedad.<\/p>\n\n\n\n<p>\u00a1 Recuerda! \u00ab<strong><em>Cuando la calle se vuelve el \u00fanico refugio posible, la calle deja de ser segura para todos\u00bb<\/em><\/strong><\/p>\n\n\n\n<p class=\"has-text-align-right\"><strong><em>Braulio Seijas.-<\/em><\/strong><\/p>\n","protected":false},"excerpt":{"rendered":"<p>En las principales ciudades del MERCOSUR se repite una escena que ya forma parte del paisaje urbano: personas con trastornos mentales vagando por las calles, sin medicaci\u00f3n, sin contenci\u00f3n familiar y sin el acompa\u00f1amiento sanitario que requieren. A veces, su presencia pasa inadvertida; otras, termina en episodios de violencia, da\u00f1os a la propiedad o situaciones [&hellip;]<\/p>\n","protected":false},"author":3,"featured_media":76163,"comment_status":"closed","ping_status":"closed","sticky":false,"template":"","format":"standard","meta":{"jnews-multi-image_gallery":[],"jnews_single_post":{"format":"standard"},"jnews_primary_category":[],"jnews_social_meta":[],"jnews_review":[],"enable_review":"","type":"","name":"","summary":"","brand":"","sku":"","good":[],"bad":[],"score_override":"","override_value":"","rating":[],"price":[],"jnews_override_counter":[],"jnews_post_split":[],"footnotes":""},"categories":[137],"tags":[37654,45,37653,37652,10051,7211],"class_list":["post-83626","post","type-post","status-publish","format-standard","has-post-thumbnail","hentry","category-opinion","tag-acuerdos-sanitarios","tag-noticias","tag-paises-del-mercosur","tag-personas-con-trastornos-mentales","tag-salud-publica","tag-trastornos-mentales"],"amp_enabled":true,"_links":{"self":[{"href":"https:\/\/esreviral.com\/index.php?rest_route=\/wp\/v2\/posts\/83626"}],"collection":[{"href":"https:\/\/esreviral.com\/index.php?rest_route=\/wp\/v2\/posts"}],"about":[{"href":"https:\/\/esreviral.com\/index.php?rest_route=\/wp\/v2\/types\/post"}],"author":[{"embeddable":true,"href":"https:\/\/esreviral.com\/index.php?rest_route=\/wp\/v2\/users\/3"}],"replies":[{"embeddable":true,"href":"https:\/\/esreviral.com\/index.php?rest_route=%2Fwp%2Fv2%2Fcomments&post=83626"}],"version-history":[{"count":1,"href":"https:\/\/esreviral.com\/index.php?rest_route=\/wp\/v2\/posts\/83626\/revisions"}],"predecessor-version":[{"id":83627,"href":"https:\/\/esreviral.com\/index.php?rest_route=\/wp\/v2\/posts\/83626\/revisions\/83627"}],"wp:featuredmedia":[{"embeddable":true,"href":"https:\/\/esreviral.com\/index.php?rest_route=\/wp\/v2\/media\/76163"}],"wp:attachment":[{"href":"https:\/\/esreviral.com\/index.php?rest_route=%2Fwp%2Fv2%2Fmedia&parent=83626"}],"wp:term":[{"taxonomy":"category","embeddable":true,"href":"https:\/\/esreviral.com\/index.php?rest_route=%2Fwp%2Fv2%2Fcategories&post=83626"},{"taxonomy":"post_tag","embeddable":true,"href":"https:\/\/esreviral.com\/index.php?rest_route=%2Fwp%2Fv2%2Ftags&post=83626"}],"curies":[{"name":"wp","href":"https:\/\/api.w.org\/{rel}","templated":true}]}}