{"id":83585,"date":"2025-11-14T07:43:49","date_gmt":"2025-11-14T12:43:49","guid":{"rendered":"https:\/\/esreviral.com\/?p=83585"},"modified":"2025-11-14T08:07:48","modified_gmt":"2025-11-14T13:07:48","slug":"videojuegos-retro-cocina-italiana-y-un-show-unico-los-mejores-planes-del-fin-de-semana","status":"publish","type":"post","link":"https:\/\/esreviral.com\/?p=83585","title":{"rendered":"Videojuegos retro, cocina italiana y un show \u00fanico: los mejores planes del fin de semana"},"content":{"rendered":"\n<p><strong>Los mejores platos de la nonna<\/strong><br>La Usina del Arte (Caffarena 1) se llenar\u00e1 de sabores, aromas y esp\u00edritu italiano para celebrar una jornada que rinde homenaje a la cocina italiana en el mundo. Se podr\u00e1n probar pastas, pizzas, focaccias, cannoli, helados, caf\u00e9 y muchas delicias m\u00e1s. Se har\u00e1 este s\u00e1bado, de 12 a 18.<\/p>\n\n\n\n<p><strong>Festival de fichines<\/strong><\/p>\n\n\n\n<p>Llega el Festival de&nbsp;<strong>Videojuegos retro que mezcla nostalgia con modernidad<\/strong>. El p\u00fablico podr\u00e1 jugar en consolas cl\u00e1sicas, participar de competencias y retos y disfrutar de la feria coleccionistas, artistas, tiendas y creadores relacionados al mundo gamer. Se har\u00e1 en el Espacio Cultural Carlos Gardel (<a href=\"https:\/\/www.google.com\/maps\/search\/Olleros+3640?entry=gmail&amp;source=g\" target=\"_blank\" rel=\"noreferrer noopener\">Olleros 3640<\/a>) este domingo, de 12.30 a 18.<\/p>\n\n\n\n<p><strong>24 horas continuas de concierto en el Col\u00f3n<\/strong><\/p>\n\n\n\n<p>La performance de Vejaciones en el Teatro Col\u00f3n (Cerrito 628) se extender\u00e1 durante m\u00e1s de 24 horas continuas: empieza el viernes a las 20.30 y termina el s\u00e1bado a la misma hora. La creaci\u00f3n para piano de Erik Satie (1866-1925)&nbsp;<strong>ser\u00e1 interpretada sin pausa, una y otra vez, por pianistas de diversas generaciones y procedencias<\/strong>. La m\u00fasica ser\u00e1 intervenida por proyecciones de video. Y el p\u00fablico podr\u00e1 ingresar a la sala de manera libre y continua durante todo el evento.<\/p>\n\n\n\n<p class=\"has-text-align-center\"><strong><a href=\"https:\/\/chat.whatsapp.com\/KWkTmakY3I05kNdd2oZl6d\"><em>\u00daNETE A NUESTRO GRUPO DE WHATSAPP PARA ESTAR INFORMADO<\/em><\/a><\/strong><\/p>\n\n\n\n<p><strong>Mataderos celebra la tradici\u00f3n<\/strong><\/p>\n\n\n\n<p>La Feria de Mataderos celebrar\u00e1 el D\u00eda de la Tradici\u00f3n con las mejores artesan\u00edas, grandes platos argentinos y muchos productos regionales. Adem\u00e1s, habr\u00e1 talleres de danzas folkl\u00f3ricas,&nbsp;<strong>sikus, telar, guitarra y shows en vivo<\/strong>&nbsp;para musicalizar la jornada. Es el domingo, de 11 a 19, en Av. Lisandro de la Torre y Av. de los Corrales.<\/p>\n\n\n\n<p><strong>Marat\u00f3n de retratos<\/strong><\/p>\n\n\n\n<p>En el Patio del Aljibe del Centro Cultural Recoleta (Jun\u00edn 1930) se exponen afiches ilustrados y fanzines. Y habr\u00e1 adem\u00e1s una feria de&nbsp;<strong>ilustradores que realizar\u00e1n retratos en vivo, m\u00fasica y un patio gastron\u00f3mico<\/strong>&nbsp;para disfrutar la jornada. Ser\u00e1 el s\u00e1bado, de 15 a 20.<\/p>\n\n\n\n<p><strong>Malabares en la Usina<\/strong><\/p>\n\n\n\n<p>Campanita llega a la Usina del Arte (Caffarena 1) con un espect\u00e1culo lleno de humor y destreza que mezcla malabares,&nbsp;<strong>equilibrio y mucha imaginaci\u00f3n para sorprenderse en familia<\/strong>. Ser\u00e1 este domingo a las 17.30. La entrada es con reserva previa a trav\u00e9s de&nbsp;<a href=\"http:\/\/usinadelarte.ar\/\" target=\"_blank\" rel=\"noreferrer noopener\">usinadelarte.ar<\/a><\/p>\n\n\n\n<figure class=\"wp-block-image size-large is-resized\"><img fetchpriority=\"high\" decoding=\"async\" width=\"1024\" height=\"683\" src=\"https:\/\/esreviral.com\/wp-content\/uploads\/2025\/11\/AnyConv.com__WhatsApp_Image_2025-11-13_at_11.59.30_AM-1024x683.webp\" alt=\"\" class=\"wp-image-83587\" style=\"width:1071px;height:auto\" srcset=\"https:\/\/esreviral.com\/wp-content\/uploads\/2025\/11\/AnyConv.com__WhatsApp_Image_2025-11-13_at_11.59.30_AM-1024x683.webp 1024w, https:\/\/esreviral.com\/wp-content\/uploads\/2025\/11\/AnyConv.com__WhatsApp_Image_2025-11-13_at_11.59.30_AM-300x200.webp 300w, https:\/\/esreviral.com\/wp-content\/uploads\/2025\/11\/AnyConv.com__WhatsApp_Image_2025-11-13_at_11.59.30_AM-768x512.webp 768w, https:\/\/esreviral.com\/wp-content\/uploads\/2025\/11\/AnyConv.com__WhatsApp_Image_2025-11-13_at_11.59.30_AM.webp 1280w\" sizes=\"(max-width: 1024px) 100vw, 1024px\" \/><\/figure>\n\n\n\n<p><\/p>\n\n\n\n<p><strong>Descubriendo el patrimonio porte\u00f1o<\/strong><\/p>\n\n\n\n<p>La Semana del Patrimonio de la Ciudad seguir\u00e1 con actividades hasta el domingo con m\u00e1s de&nbsp;<strong>cien espacios abren sus puertas para divulgar el lugar que ocupan en la historia de Buenos Aires<\/strong>&nbsp;y el pa\u00eds con visitas guiadas, talleres, exposiciones y charlas. Toda la programaci\u00f3n y la inscripci\u00f3n se pueden consultar en&nbsp;<a href=\"http:\/\/buenosaires.gob.ar\/cultura\/patrimonio\" target=\"_blank\" rel=\"noreferrer noopener\">buenosaires.gob.ar\/cultura\/patrimonio<\/a><\/p>\n\n\n\n<p><strong>Una acr\u00f3bata de la voz en el San Mart\u00edn<\/strong><\/p>\n\n\n\n<p>Sola en escena, la francesa&nbsp;<strong>Le\u00efla Martial encarna a un payaso y a una mujer l\u00edrica<\/strong>&nbsp;para explorar sonidos por todos lados y reunir mil voces en una sola en un espect\u00e1culo que hace re\u00edr y conmueve a trav\u00e9s de la espontaneidad en la que confluyen la m\u00fasica y el clown. Habr\u00e1 dos \u00fanicas funciones, el martes 18 y el mi\u00e9rcoles 19, en el Teatro San Mart\u00edn (<a href=\"https:\/\/www.google.com\/maps\/search\/Av.+Corrientes+1530?entry=gmail&amp;source=g\" target=\"_blank\" rel=\"noreferrer noopener\">Av. Corrientes 1530<\/a>).<\/p>\n\n\n\n<p><strong>La Sinf\u00f3nica cumple 115 a\u00f1os<\/strong><\/p>\n\n\n\n<p>La Banda Sinf\u00f3nica de la Ciudad dar\u00e1 un concierto en conmemoraci\u00f3n de su 115\u00b0 aniversario. La *funci\u00f3n de gala*, bajo la direcci\u00f3n de sus dos maestros titulares, presentar\u00e1 un programa de obras del repertorio cl\u00e1sico y popular. Se presentar\u00e1 este viernes a las 12 en la Legislatura porte\u00f1a (Per\u00fa 160).<\/p>\n\n\n\n<p><strong>Yepeto en el CC 25 de Mayo<\/strong><\/p>\n\n\n\n<p>Se estrena Yepeto, una comedia dram\u00e1tica que pone en juego la lucha entre lo f\u00edsico y lo intelectual, la sabidur\u00eda y la belleza, la juventud y la vejez. Con&nbsp;<strong>Roly Serrano, Alan Madanes y Luisina Arito<\/strong>. Habr\u00e1 funciones los s\u00e1bados 15, 22 y 29 a las 21 en el Centro Cultural 25 de Mayo (<a href=\"https:\/\/www.google.com\/maps\/search\/Av.+Triunvirato+4444?entry=gmail&amp;source=g\" target=\"_blank\" rel=\"noreferrer noopener\">Av. Triunvirato 4444<\/a>). La entrada es gratuita y con reserva previa en Entradas BA o en la boleter\u00eda del teatro.<\/p>\n\n\n\n<p class=\"has-text-align-center\"><em><strong><em><strong><em><strong><em><strong><a href=\"https:\/\/t.me\/esreviral\">\u00daNETE A NUESTRO CANAL DE TELEGRAM PARA ESTAR INFORMADO<\/a><\/strong><\/em><\/strong><\/em><\/strong><\/em><\/strong><\/em><\/p>\n\n\n\n<p><strong>Troilo y Mariano Mores en Parque Centenario<\/strong><\/p>\n\n\n\n<p>La Orquesta del Tango de Buenos Aires se presenta el s\u00e1bado a las 19 en el Anfiteatro del Parque Centenario (Av. Lillo y Leopoldo Marechal), *bajo la direcci\u00f3n de Juan Carlos Cuacci. Junto a la cantante Lidia Borda*, interpretar\u00e1n cl\u00e1sicos de An\u00edbal Troilo, Ra\u00fal Garello y Mariano Mores, entre muchos otros.<\/p>\n\n\n\n<p class=\"has-text-align-right\"><strong><em>Con Informaci\u00f3n de Prensa GCBA.-<\/em><\/strong><\/p>\n","protected":false},"excerpt":{"rendered":"<p>Habr\u00e1 una feria de videojuegos retro y un concierto en el Teatro Col\u00f3n durante 24 horas seguidas. Adem\u00e1s, la mejor comida italiana se degustar\u00e1 en la Usina y Mataderos celebra la tradici\u00f3n argentina.<\/p>\n","protected":false},"author":3,"featured_media":83586,"comment_status":"closed","ping_status":"closed","sticky":false,"template":"","format":"standard","meta":{"jnews-multi-image_gallery":[],"jnews_single_post":{"format":"standard"},"jnews_primary_category":[],"jnews_social_meta":[],"jnews_review":[],"enable_review":"","type":"","name":"","summary":"","brand":"","sku":"","good":[],"bad":[],"score_override":"","override_value":"","rating":[],"price":[],"jnews_override_counter":[],"jnews_post_split":[],"footnotes":""},"categories":[43,58],"tags":[44,2716,45,1057],"class_list":["post-83585","post","type-post","status-publish","format-standard","has-post-thumbnail","hentry","category-actualidad","category-argentina","tag-argentina","tag-fin-de-semana","tag-noticias","tag-show"],"amp_enabled":true,"_links":{"self":[{"href":"https:\/\/esreviral.com\/index.php?rest_route=\/wp\/v2\/posts\/83585"}],"collection":[{"href":"https:\/\/esreviral.com\/index.php?rest_route=\/wp\/v2\/posts"}],"about":[{"href":"https:\/\/esreviral.com\/index.php?rest_route=\/wp\/v2\/types\/post"}],"author":[{"embeddable":true,"href":"https:\/\/esreviral.com\/index.php?rest_route=\/wp\/v2\/users\/3"}],"replies":[{"embeddable":true,"href":"https:\/\/esreviral.com\/index.php?rest_route=%2Fwp%2Fv2%2Fcomments&post=83585"}],"version-history":[{"count":1,"href":"https:\/\/esreviral.com\/index.php?rest_route=\/wp\/v2\/posts\/83585\/revisions"}],"predecessor-version":[{"id":83588,"href":"https:\/\/esreviral.com\/index.php?rest_route=\/wp\/v2\/posts\/83585\/revisions\/83588"}],"wp:featuredmedia":[{"embeddable":true,"href":"https:\/\/esreviral.com\/index.php?rest_route=\/wp\/v2\/media\/83586"}],"wp:attachment":[{"href":"https:\/\/esreviral.com\/index.php?rest_route=%2Fwp%2Fv2%2Fmedia&parent=83585"}],"wp:term":[{"taxonomy":"category","embeddable":true,"href":"https:\/\/esreviral.com\/index.php?rest_route=%2Fwp%2Fv2%2Fcategories&post=83585"},{"taxonomy":"post_tag","embeddable":true,"href":"https:\/\/esreviral.com\/index.php?rest_route=%2Fwp%2Fv2%2Ftags&post=83585"}],"curies":[{"name":"wp","href":"https:\/\/api.w.org\/{rel}","templated":true}]}}