{"id":83551,"date":"2025-11-13T10:39:06","date_gmt":"2025-11-13T15:39:06","guid":{"rendered":"https:\/\/esreviral.com\/?p=83551"},"modified":"2025-11-13T10:39:07","modified_gmt":"2025-11-13T15:39:07","slug":"periodista-venezolano-gano-un-emmy-por-su-cobertura-de-una-redada-migratoria-en-estados-unidos","status":"publish","type":"post","link":"https:\/\/esreviral.com\/?p=83551","title":{"rendered":"Periodista venezolano gan\u00f3 un Emmy por su cobertura de una redada migratoria en Estados Unidos"},"content":{"rendered":"\n<p>Un nuevo logro con acento venezolano destac\u00f3 en el periodismo estadounidense: <strong>Jes\u00fas Andr\u00e9s Bastidas<\/strong>, reportero de <em>Telemundo Utah<\/em>, fue reconocido con un <strong>Premio Emmy<\/strong> por su cobertura de una redada migratoria del ICE en la localidad de <strong>Kearns, Utah<\/strong>, un operativo que expuso el miedo y la vulnerabilidad de la comunidad hispana ante acciones federales de gran escala.<\/p>\n\n\n\n<p class=\"has-text-align-center\"><strong><a href=\"https:\/\/chat.whatsapp.com\/KWkTmakY3I05kNdd2oZl6d\"><em>\u00daNETE A NUESTRO GRUPO DE WHATSAPP PARA ESTAR INFORMADO<\/em><\/a><\/strong><\/p>\n\n\n\n<p>El galard\u00f3n fue otorgado en la categor\u00eda <strong>Breaking \/ Spot News \u2013 Multiple Reports<\/strong>, que distingue la cobertura en tiempo real de eventos de alto impacto. Durante m\u00e1s de cinco horas, Bastidas registr\u00f3 los movimientos de los agentes, el desconcierto de los vecinos y las voces de quienes fueron sorprendidos en sus hogares.<\/p>\n\n\n\n<blockquote class=\"wp-block-quote is-layout-flow wp-block-quote-is-layout-flow\">\n<p>\u201c<strong><em>Como inmigrante, sent\u00ed incertidumbre y temor. No era solo una historia: era una realidad que pod\u00eda tocar a cualquiera de nosotros<\/em><\/strong>\u201d, expres\u00f3 el periodista al recibir el premio. <strong><em>\u201cSostener este Emmy me recuerda la importancia de informar con precisi\u00f3n, rapidez y humanidad, incluso en las circunstancias m\u00e1s dif\u00edciles\u201d.<\/em><\/strong><\/p>\n<\/blockquote>\n\n\n\n<p>El trabajo de Bastidas no solo document\u00f3 el operativo, sino que <strong>humaniz\u00f3 las consecuencias de las pol\u00edticas migratorias<\/strong>, resaltando la fortaleza y resiliencia de las familias hispanas afectadas.<\/p>\n\n\n\n<blockquote class=\"wp-block-quote is-layout-flow wp-block-quote-is-layout-flow\">\n<p><strong><em>\u201cEste Emmy reafirma mi compromiso con contar las historias que importan, hacer periodismo de calidad, brindar voz a quienes enfrentan procesos complejos y construir puentes de informaci\u00f3n con la comunidad hispana local<\/em><\/strong>\u201d, a\u00f1adi\u00f3.<\/p>\n\n\n\n<p class=\"has-text-align-center\"><em><strong><em><strong><em><strong><em><strong><a href=\"https:\/\/t.me\/esreviral\">\u00daNETE A NUESTRO CANAL DE TELEGRAM PARA ESTAR INFORMADO<\/a><\/strong><\/em><\/strong><\/em><\/strong><\/em><\/strong><\/em><\/p>\n<\/blockquote>\n\n\n\n<p>Este es el <strong>primer Emmy<\/strong> de su carrera, tras <strong>cinco nominaciones en los \u00faltimos tres a\u00f1os<\/strong>, un reconocimiento que consolida su trayectoria como uno de los periodistas latinoamericanos con mayor proyecci\u00f3n en la cobertura social y migratoria dentro de Estados Unidos.<\/p>\n\n\n\n<p class=\"has-text-align-right\"><strong><em>Con Informaci\u00f3n de elinformadorve.com.-<\/em><\/strong><\/p>\n\n\n\n<p><\/p>\n","protected":false},"excerpt":{"rendered":"<p>periodista venezolano Jes\u00fas Andr\u00e9s Bastidas, reportero de Telemundo Utah (NBC Universal), fue galardonado con un Premio Emmy en la categor\u00eda Breaking \/ Spot News \u2013 Multiple Reports por su cobertura de una redada migratoria realizada por agentes de ICE en la localidad de Kearns, Utah, el pasado mes de marzo.<\/p>\n","protected":false},"author":3,"featured_media":83552,"comment_status":"closed","ping_status":"closed","sticky":false,"template":"","format":"standard","meta":{"jnews-multi-image_gallery":[],"jnews_single_post":{"format":"standard"},"jnews_primary_category":[],"jnews_social_meta":[],"jnews_review":[],"enable_review":"","type":"","name":"","summary":"","brand":"","sku":"","good":[],"bad":[],"score_override":"","override_value":"","rating":[],"price":[],"jnews_override_counter":[],"jnews_post_split":[],"footnotes":""},"categories":[43],"tags":[37605,45,37606,11309,37607],"class_list":["post-83551","post","type-post","status-publish","format-standard","has-post-thumbnail","hentry","category-actualidad","tag-jesus-andres-bastidas","tag-noticias","tag-periodismo-estadounidense","tag-premio-emmy","tag-redada-del-ice"],"amp_enabled":true,"_links":{"self":[{"href":"https:\/\/esreviral.com\/index.php?rest_route=\/wp\/v2\/posts\/83551"}],"collection":[{"href":"https:\/\/esreviral.com\/index.php?rest_route=\/wp\/v2\/posts"}],"about":[{"href":"https:\/\/esreviral.com\/index.php?rest_route=\/wp\/v2\/types\/post"}],"author":[{"embeddable":true,"href":"https:\/\/esreviral.com\/index.php?rest_route=\/wp\/v2\/users\/3"}],"replies":[{"embeddable":true,"href":"https:\/\/esreviral.com\/index.php?rest_route=%2Fwp%2Fv2%2Fcomments&post=83551"}],"version-history":[{"count":1,"href":"https:\/\/esreviral.com\/index.php?rest_route=\/wp\/v2\/posts\/83551\/revisions"}],"predecessor-version":[{"id":83553,"href":"https:\/\/esreviral.com\/index.php?rest_route=\/wp\/v2\/posts\/83551\/revisions\/83553"}],"wp:featuredmedia":[{"embeddable":true,"href":"https:\/\/esreviral.com\/index.php?rest_route=\/wp\/v2\/media\/83552"}],"wp:attachment":[{"href":"https:\/\/esreviral.com\/index.php?rest_route=%2Fwp%2Fv2%2Fmedia&parent=83551"}],"wp:term":[{"taxonomy":"category","embeddable":true,"href":"https:\/\/esreviral.com\/index.php?rest_route=%2Fwp%2Fv2%2Fcategories&post=83551"},{"taxonomy":"post_tag","embeddable":true,"href":"https:\/\/esreviral.com\/index.php?rest_route=%2Fwp%2Fv2%2Ftags&post=83551"}],"curies":[{"name":"wp","href":"https:\/\/api.w.org\/{rel}","templated":true}]}}